{"id":88010,"date":"2026-04-23T10:49:58","date_gmt":"2026-04-23T09:49:58","guid":{"rendered":"https:\/\/www.wallix.com\/wallix-baut-deutschlandgeschaeft-aus-und-tritt-cybersecurity-konsortien-bei\/"},"modified":"2026-04-23T11:18:42","modified_gmt":"2026-04-23T10:18:42","slug":"wallix-renforce-son-ancrage-en-allemagne-et-rejoint-les-principaux-consortiums-de-cybersecurite-au-service-de-la-souverainete","status":"publish","type":"post","link":"https:\/\/www.wallix.com\/fr\/communique-de-presse\/wallix-renforce-son-ancrage-en-allemagne-et-rejoint-les-principaux-consortiums-de-cybersecurite-au-service-de-la-souverainete\/","title":{"rendered":"WALLIX renforce son ancrage en Allemagne et rejoint les principaux consortiums de cybers\u00e9curit\u00e9 au service de la souverainet\u00e9"},"content":{"rendered":"<div id='full_slider_1'  class='avia-fullwidth-slider main_color avia-shadow   avia-builder-el-0  el_before_av_two_third  avia-builder-el-first   container_wrap fullsize'  ><div  class='avia-slideshow av-lxvzfd0b-9a63373dc0a8641c803e2c5f8ff7576e avia-slideshow-featured av_slideshow_full avia-slide-slider av-slideshow-ui av-control-default av-slideshow-manual av-loop-once av-loop-manual-endless av-default-height-applied  image_no_stretch avia-slideshow-1' data-slideshow-options=\"{&quot;animation&quot;:&quot;slide&quot;,&quot;autoplay&quot;:false,&quot;loop_autoplay&quot;:&quot;once&quot;,&quot;interval&quot;:5,&quot;loop_manual&quot;:&quot;manual-endless&quot;,&quot;autoplay_stopper&quot;:false,&quot;noNavigation&quot;:false,&quot;bg_slider&quot;:false,&quot;keep_padding&quot;:false,&quot;hoverpause&quot;:false,&quot;show_slide_delay&quot;:0}\"  itemprop=\"image\" itemscope=\"itemscope\" itemtype=\"https:\/\/schema.org\/ImageObject\" ><ul class='avia-slideshow-inner ' style='padding-bottom: 28.666666666667%;'><li  class='avia-slideshow-slide av-lxvzfd0b-9a63373dc0a8641c803e2c5f8ff7576e__0  av-single-slide slide-1 slide-odd'><div data-rel='slideshow-1' class='avia-slide-wrap '   ><div class='av-slideshow-caption av-lxvzfd0b-9a63373dc0a8641c803e2c5f8ff7576e__0 caption_fullwidth caption_bottom caption_bottom_framed caption_framed'><div class=\"container caption_container\"><div class=\"slideshow_caption\"><div class=\"slideshow_inner_caption\"><div class=\"slideshow_align_caption\"><h2 class='avia-caption-title '  itemprop=\"name\" >WALLIX renforce son ancrage en Allemagne et rejoint les principaux consortiums de cybers\u00e9curit\u00e9 au service de la souverainet\u00e9<\/h2><\/div><\/div><\/div><\/div><\/div><img decoding=\"async\" fetchpriority=\"high\" class=\"wp-image-29335 avia-img-lazy-loading-not-29335\"  src=\"https:\/\/www.wallix.com\/wp-content\/uploads\/2022\/12\/AdobeStock_429258682-copie-1500x430.jpg\" width=\"1500\" height=\"430\" title='Ligne d&#039;onde abstraite 035' alt='Illustration de la s\u00e9curit\u00e9 num\u00e9rique, soulignant l&#039;importance de la protection des donn\u00e9es sensibles dans un monde connect\u00e9.'  itemprop=\"thumbnailUrl\"   \/><div class='av-section-color-overlay' style='opacity: 1; background-image: url(https:\/\/www.wallix.com\/wp-content\/uploads\/2022\/12\/AdobeStock_429258682-copie-1500x630.jpg); background-repeat: repeat;'><\/div><\/div><\/li><\/ul><\/div><\/div><div id='after_full_slider_1'  class='main_color av_default_container_wrap container_wrap fullsize'  ><div class='container av-section-cont-open' ><div class='template-page content  av-content-full alpha units'><div class='post-entry post-entry-type-page post-entry-88010'><div class='entry-content-wrapper clearfix'>\n<div  class='flex_column av-30sisdt-ce9452e9bfed6ed782011b09a852dd07 av_two_third  avia-builder-el-1  el_after_av_slideshow_full  el_before_av_one_third  avia-builder-el-first  first flex_column_div  '     ><p>\n<style type=\"text\/css\" data-created_by=\"avia_inline_auto\" id=\"style-css-av-lqw7frew-b01ad6ea78e11a891763471f10299e7c\">\n#top .av_textblock_section.av-lqw7frew-b01ad6ea78e11a891763471f10299e7c .avia_textblock{\nfont-size:14px;\n}\n<\/style>\n<section  class='av_textblock_section av-lqw7frew-b01ad6ea78e11a891763471f10299e7c '   itemscope=\"itemscope\" itemtype=\"https:\/\/schema.org\/BlogPosting\" itemprop=\"blogPost\" ><div class='avia_textblock'  itemprop=\"text\" ><p><strong>Paris, le 28 avril 2026- WALLIX (Euronext ALLIX), <\/strong>\u00e9diteur de cybers\u00e9curit\u00e9 des identit\u00e9s et des acc\u00e8s, et leader europ\u00e9en de la gestion des acc\u00e8s \u00e0 privil\u00e8ges (PAM), propose des solutions simples et s\u00e9curis\u00e9es pour \u00e9voluer librement dans les environnements num\u00e9riques (IT) et industriels (OT). WALLIX annonce son adh\u00e9sion \u00e0 l\u2019association allemande de la s\u00e9curit\u00e9 informatique TeleTrusT<a href=\"#_ftn1\" name=\"_ftnref1\">[1]<\/a> ainsi que sa participation \u00e0 l\u2019Alliance for Cyber Security (ACS), une initiative port\u00e9e par le BSI (l\u2019autorit\u00e9 f\u00e9d\u00e9rale Allemagne en charge de la cybers\u00e9curit\u00e9) et l\u2019association de l\u2019industrie num\u00e9rique allemande Bitkom<a href=\"#_ftn2\" name=\"_ftnref2\">[2]<\/a>.<\/p>\n<p>WALLIX incarne une vision europ\u00e9enne de la cybers\u00e9curit\u00e9, avec des solutions int\u00e9gralement d\u00e9velopp\u00e9es en Europe et port\u00e9es par une forte exigence technologique. Cette rigueur lui a permis d\u2019obtenir en 2025 la certification de sa plateforme PAM par le BSI (avec une reconnaissance mutuelle par l\u2019ANSSI en France).<\/p>\n<p>Dans ce contexte, l\u2019engagement de WALLIX au sein des principales initiatives allemandes s\u2019inscrit pleinement dans sa strat\u00e9gie de croissance, r\u00e9affirmant ses fondamentaux en mati\u00e8re de souverainet\u00e9 europ\u00e9enne tout en renfor\u00e7ant sa collaboration avec l\u2019ensemble de l\u2019\u00e9cosyst\u00e8me : industrie, institutions publiques et recherche.<\/p>\n<p><strong>La souverainet\u00e9 num\u00e9rique au c\u0153ur des enjeux europ\u00e9ens <\/strong><\/p>\n<p>TeleTrusT figure parmi les principaux r\u00e9seaux europ\u00e9ens d\u00e9di\u00e9s \u00e0 la cybers\u00e9curit\u00e9. L&rsquo;association f\u00e9d\u00e8re des entreprises, des institutions de recherche et des autorit\u00e9s publiques autour des grands enjeux du secteur. \u00c0 travers divers groupes de travail et initiatives, TeleTrusT favorise le partage d\u2019expertise et contribue aux discussions sur les d\u00e9fis actuels de la cybers\u00e9curit\u00e9.<\/p>\n<p>Dans ce cadre, WALLIX contribuera notamment \u00e0 l\u2019initiative \u00ab IT Security made in EU \u00bb et aux r\u00e9flexions sur la souverainet\u00e9 num\u00e9rique europ\u00e9enne.<\/p>\n<p><strong>Les infrastructures critiques (KRITIS) et la cyber-r\u00e9silience allemande<\/strong><\/p>\n<p>En parall\u00e8le, WALLIX rejoint l\u2019Alliance for Cyber Security, le plus important partenariat public-priv\u00e9 allemand en mati\u00e8re de cybers\u00e9curit\u00e9, cr\u00e9\u00e9 en 2012 par le BSI et Bitkom. Cette initiative vise \u00e0 renforcer la r\u00e9silience des entreprises et institutions publiques en Allemagne face aux menaces cybern\u00e9tiques.<\/p>\n<p>Dans un contexte marqu\u00e9 par le renforcement des r\u00e9glementations, notamment la directive NIS2, la s\u00e9curisation des identit\u00e9s et des acc\u00e8s devient un enjeu strat\u00e9gique, en particulier pour les op\u00e9rateurs et exploitants d\u2019infrastructures critiques (KRITIS). Les solutions de gestion des identit\u00e9s et des acc\u00e8s jouent un r\u00f4le central pour pr\u00e9venir les intrusions et limiter l\u2019impact des cyberattaques.<\/p>\n<p>\u00c0 travers ces deux initiatives, WALLIX renforce sa visibilit\u00e9 en Allemagne et continue \u00e0 acc\u00e9l\u00e9rer son d\u00e9veloppement sur le territoire, notamment aupr\u00e8s des acteurs publics et des infrastructures critiques, <strong>Katrin Rabe<\/strong>, Head of Sales DACH chez WALLIX, d\u00e9clare\u00a0: \u00ab <em>L\u2019Allemagne est un march\u00e9 strat\u00e9gique pour WALLIX. Rejoindre TeleTrusT et l\u2019Alliance for Cyber Security nous permet de contribuer activement aux \u00e9changes entre industrie, autorit\u00e9s publiques et recherche. Dans un contexte o\u00f9 la souverainet\u00e9 num\u00e9rique devient centrale, les solutions europ\u00e9ennes de cybers\u00e9curit\u00e9 ont un r\u00f4le d\u00e9terminant \u00e0 jouer. Nous sommes pleinement engag\u00e9s dans cette dynamique<\/em> \u00bb.<\/p>\n<p><strong>\u00c0 propos de WALLIX<\/strong><\/p>\n<p>WALLIX (Euronext : ALLIX, cot\u00e9 depuis 2015) est un \u00e9diteur europ\u00e9en de cybers\u00e9curit\u00e9 des identit\u00e9s et des acc\u00e8s, leader dans la gestion des acc\u00e8s privil\u00e9gi\u00e9s (PAM), qui aide les organisations \u00e0 renforcer leur s\u00e9curit\u00e9 et leur souverainet\u00e9 num\u00e9rique. Ancr\u00e9e dans les valeurs europ\u00e9ennes de s\u00e9curit\u00e9 et de libert\u00e9, et reconnue pour l&rsquo;excellence technologique de sa plateforme WALLIX One par les plus grandes soci\u00e9t\u00e9s d&rsquo;analyse, WALLIX soutient plus de 4 000 organisations \u00e0 travers le monde. Sa mission est simple : prot\u00e9ger les identit\u00e9s, l&rsquo;acc\u00e8s et les privil\u00e8ges dans tous les environnements informatiques et OT, offrant aux organisations la libert\u00e9 d&rsquo;\u00e9voluer avec confiance dans un monde num\u00e9rique plus s\u00e9curis\u00e9.<\/p>\n<p><a href=\"http:\/\/www.wallix.com\/fr\/\"><strong>www.wallix.com<\/strong><\/a><strong> | <\/strong><a href=\"mailto:info@wallix.com\"><strong>info@wallix.com<\/strong><\/a><\/p>\n<p><a href=\"#_ftnref1\" name=\"_ftn1\">[1]<\/a> Teltrust: https:\/\/www.teletrust.de\/en\/startseite\/<\/p>\n<p><a href=\"#_ftnref2\" name=\"_ftn2\">[2]<\/a> Bitkom: https:\/\/www.bitkom.org\/EN\/About-us\/About-us.htmlte<\/p>\n<\/div><\/section><br \/>\n<div  class='avia-button-wrap av-pp75pu-1d0c554bf48b702574de523bd1a9dd0b-wrap avia-button-center  avia-builder-el-3  el_after_av_textblock  el_before_av_hr '><a href='https:\/\/www.wallix.com\/wp-content\/uploads\/2026\/04\/0426_ALLEMAGNE_BSI_ACS_TELETRUST_FR.pdf'  class='avia-button av-pp75pu-1d0c554bf48b702574de523bd1a9dd0b av-link-btn avia-icon_select-no avia-size-small avia-position-center avia-color-theme-color'   aria-label=\"T\u00c9L\u00c9CHARGEZ LE COMMUNIQU\u00c9\"><span class='avia_iconbox_title' >T\u00c9L\u00c9CHARGEZ LE COMMUNIQU\u00c9<\/span><\/a><\/div><br \/>\n<div  class='hr av-mmxbdr-764af79f53c0b4fc41795e2332c156b9 hr-default  avia-builder-el-4  el_after_av_button  el_before_av_textblock '><span class='hr-inner '><span class=\"hr-inner-style\"><\/span><\/span><\/div><br \/>\n<section  class='av_textblock_section av-m0l2a0lf-7422e35c6be2917ba56c7f62ae708867 '   itemscope=\"itemscope\" itemtype=\"https:\/\/schema.org\/BlogPosting\" itemprop=\"blogPost\" ><div class='avia_textblock'  itemprop=\"text\" ><p><strong>CONTACTS EN COMMUNICATION FINANCI\u00c8RE<\/strong><\/p>\n<p><strong>ACTUS Finance &amp; Communication<\/strong><\/p>\n<p>Relations investisseurs &#8211; H\u00e9l\u00e8ne de Watteville<br \/>\n+33 (0)1 53 67 36 33 \/ <a href=\"mailto:wallix@actus.fr\"><strong>WALLIX@actus.fr<\/strong><\/a><\/p>\n<p><strong>Relations avec la presse<\/strong><\/p>\n<p>D\u00e9borah Schwartz+33 (0)6 27 09 05 73 \/ <a href=\"mailto:dschwartz@actus.fr\"><strong>dschwartz@actus.fr<\/strong><\/a><\/p>\n<\/div><\/section><\/p><\/div><div  class='flex_column av-2lq2r4h-875fbaf7463c367174ec2807681c88f6 av_one_third  avia-builder-el-6  el_after_av_two_third  avia-builder-el-last  flex_column_div  '     ><p><div  class='av-social-sharing-box av-lqw7azv3-90fd8544017cc87110ef69465e00df0f av-social-sharing-box-default  avia-builder-el-7  el_before_av_hr  avia-builder-el-first  av-social-sharing-box-fullwidth'><div class=\"av-share-box\"><h5 class='av-share-link-description av-no-toc '>Partagez<\/h5><ul class=\"av-share-box-list noLightbox\"><li class='av-share-link av-social-link-twitter avia_social_iconfont' ><a target=\"_blank\" aria-label=\"Partager sur X\" href='https:\/\/twitter.com\/share?text=WALLIX%20renforce%20son%20ancrage%20en%20Allemagne%20et%20rejoint%20les%20principaux%20consortiums%20de%20cybers%C3%A9curit%C3%A9%20au%20service%20de%20la%20souverainet%C3%A9&#038;url=https:\/\/www.wallix.com\/fr\/?p=88010' data-av_icon='\ue932' data-av_iconfont='entypo-fontello'  title='' data-avia-related-tooltip='Partager sur X'><span class='avia_hidden_link_text'>Partager sur X<\/span><\/a><\/li><li class='av-share-link av-social-link-linkedin avia_social_iconfont' ><a target=\"_blank\" aria-label=\"Partager sur LinkedIn\" href='https:\/\/linkedin.com\/shareArticle?mini=true&#038;title=WALLIX%20renforce%20son%20ancrage%20en%20Allemagne%20et%20rejoint%20les%20principaux%20consortiums%20de%20cybers%C3%A9curit%C3%A9%20au%20service%20de%20la%20souverainet%C3%A9&#038;url=https:\/\/www.wallix.com\/fr\/communique-de-presse\/wallix-renforce-son-ancrage-en-allemagne-et-rejoint-les-principaux-consortiums-de-cybersecurite-au-service-de-la-souverainete\/' data-av_icon='\ue8fc' data-av_iconfont='entypo-fontello'  title='' data-avia-related-tooltip='Partager sur LinkedIn'><span class='avia_hidden_link_text'>Partager sur LinkedIn<\/span><\/a><\/li><li class='av-share-link av-social-link-mail avia_social_iconfont' ><a  aria-label=\"Partager par Mail\" href='mailto:?subject=WALLIX%20renforce%20son%20ancrage%20en%20Allemagne%20et%20rejoint%20les%20principaux%20consortiums%20de%20cybers%C3%A9curit%C3%A9%20au%20service%20de%20la%20souverainet%C3%A9&#038;body=https:\/\/www.wallix.com\/fr\/communique-de-presse\/wallix-renforce-son-ancrage-en-allemagne-et-rejoint-les-principaux-consortiums-de-cybersecurite-au-service-de-la-souverainete\/' data-av_icon='\ue805' data-av_iconfont='entypo-fontello'  title='' data-avia-related-tooltip='Partager par Mail'><span class='avia_hidden_link_text'>Partager par Mail<\/span><\/a><\/li><\/ul><\/div><\/div><br \/>\n\n<style type=\"text\/css\" data-created_by=\"avia_inline_auto\" id=\"style-css-av-21stunl-52945c30b4e469db256b808148304d8a\">\n#top .hr.hr-invisible.av-21stunl-52945c30b4e469db256b808148304d8a{\nheight:10px;\n}\n<\/style>\n<div  class='hr av-21stunl-52945c30b4e469db256b808148304d8a hr-invisible  avia-builder-el-8  el_after_av_social_share  el_before_av_heading '><span class='hr-inner '><span class=\"hr-inner-style\"><\/span><\/span><\/div><br \/>\n\n<style type=\"text\/css\" data-created_by=\"avia_inline_auto\" id=\"style-css-av-lqw7b9kx-0e2e80e19f058fbb865d2d4cda16b216\">\n#top .av-special-heading.av-lqw7b9kx-0e2e80e19f058fbb865d2d4cda16b216{\npadding-bottom:10px;\n}\nbody .av-special-heading.av-lqw7b9kx-0e2e80e19f058fbb865d2d4cda16b216 .av-special-heading-tag .heading-char{\nfont-size:25px;\n}\n.av-special-heading.av-lqw7b9kx-0e2e80e19f058fbb865d2d4cda16b216 .av-subheading{\nfont-size:15px;\n}\n<\/style>\n<div  class='av-special-heading av-lqw7b9kx-0e2e80e19f058fbb865d2d4cda16b216 av-special-heading-h3 blockquote modern-quote  avia-builder-el-9  el_after_av_hr  el_before_av_hr '><h3 class='av-special-heading-tag '  itemprop=\"headline\"  >COMMUNIQU\u00c9S DE PRESSE<\/h3><div class='av-subheading av-subheading_below'><p>2026<\/p>\n<\/div><div class=\"special-heading-border\"><div class=\"special-heading-inner-border\"><\/div><\/div><\/div><br \/>\n\n<style type=\"text\/css\" data-created_by=\"avia_inline_auto\" id=\"style-css-av-23pfmoi-e3bd3c718891f3f0080c53924bfe687b\">\n#top .hr.hr-invisible.av-23pfmoi-e3bd3c718891f3f0080c53924bfe687b{\nheight:10px;\n}\n<\/style>\n<div  class='hr av-23pfmoi-e3bd3c718891f3f0080c53924bfe687b hr-invisible  avia-builder-el-10  el_after_av_heading  el_before_av_magazine '><span class='hr-inner '><span class=\"hr-inner-style\"><\/span><\/span><\/div><br \/>\n<div  id=\"avia-magazine-1\"  class='av-magazine av-lqw7cw11-50a6d62ab82bcfdd1375d5f9d7c26798  avia-builder-el-11  el_after_av_hr  el_before_av_hr   avia-builder-el-11  el_after_av_hr  el_before_av_hr ' ><div class='av-magazine-group sort_all'><article class='av-magazine-entry av-magazine-entry-id-88010 av-magazine-format-standard av-magazine-type-post av-magazine-entry-1 av-magazine-entry-small av-magazine-no-thumb'  itemscope=\"itemscope\" itemtype=\"https:\/\/schema.org\/BlogPosting\" itemprop=\"blogPost\" ><div class=\"av-magazine-content-wrap\"><header class=\"entry-content-header\" aria-label=\"Articles : WALLIX renforce son ancrage en Allemagne et rejoint les principaux consortiums de cybers\u00e9curit\u00e9 au service de la souverainet\u00e9\"><time class='av-magazine-time updated'  itemprop=\"datePublished\" datetime=\"2026-04-23T10:49:58+01:00\" >23 Avril 2026<\/time><h3 class='av-magazine-title entry-title '  itemprop=\"headline\" ><a href='https:\/\/www.wallix.com\/fr\/communique-de-presse\/wallix-renforce-son-ancrage-en-allemagne-et-rejoint-les-principaux-consortiums-de-cybersecurite-au-service-de-la-souverainete\/' title='Lier vers : WALLIX renforce son ancrage en Allemagne et rejoint les principaux consortiums de cybers\u00e9curit\u00e9 au service de la souverainet\u00e9'>WALLIX renforce son ancrage en Allemagne et rejoint les principaux consortiums de cybers\u00e9curit\u00e9 au service de la souverainet\u00e9<\/a><\/h3><\/header><\/div><footer class=\"entry-footer\"><\/footer><\/article><article class='av-magazine-entry av-magazine-entry-id-84409 av-magazine-format-standard av-magazine-type-post av-magazine-entry-2 av-magazine-entry-small av-magazine-no-thumb'  itemscope=\"itemscope\" itemtype=\"https:\/\/schema.org\/BlogPosting\" itemprop=\"blogPost\" ><div class=\"av-magazine-content-wrap\"><header class=\"entry-content-header\" aria-label=\"Articles : WALLIX confirme son ancrage strat\u00e9gique au Moyen-Orient face aux enjeux croissants de souverainet\u00e9 num\u00e9rique\"><time class='av-magazine-time updated'  itemprop=\"datePublished\" datetime=\"2026-02-23T16:53:56+01:00\" >23 F\u00e9vrier 2026<\/time><h3 class='av-magazine-title entry-title '  itemprop=\"headline\" ><a href='https:\/\/www.wallix.com\/fr\/communique-de-presse\/wallix-confirme-son-ancrage-strategique-au-moyen-orient-face-aux-enjeux-croissants-de-souverainete-numerique\/' title='Lier vers : WALLIX confirme son ancrage strat\u00e9gique au Moyen-Orient face aux enjeux croissants de souverainet\u00e9 num\u00e9rique'>WALLIX confirme son ancrage strat\u00e9gique au Moyen-Orient face aux enjeux croissants de souverainet\u00e9 num\u00e9rique<\/a><\/h3><\/header><\/div><footer class=\"entry-footer\"><\/footer><\/article><article class='av-magazine-entry av-magazine-entry-id-83303 av-magazine-format-standard av-magazine-type-post av-magazine-entry-3 av-magazine-entry-small av-magazine-no-thumb'  itemscope=\"itemscope\" itemtype=\"https:\/\/schema.org\/BlogPosting\" itemprop=\"blogPost\" ><div class=\"av-magazine-content-wrap\"><header class=\"entry-content-header\" aria-label=\"Articles : WALLIX lance WALLIX One Console pour optimiser l\u2019efficacit\u00e9 op\u00e9rationnelle et simplifier la cybers\u00e9curit\u00e9 des entreprises et des organisations\"><time class='av-magazine-time updated'  itemprop=\"datePublished\" datetime=\"2026-01-26T18:17:57+01:00\" >26 Janvier 2026<\/time><h3 class='av-magazine-title entry-title '  itemprop=\"headline\" ><a href='https:\/\/www.wallix.com\/fr\/communique-de-presse\/wallix-lance-wallix-one-console-pour-optimiser-lefficacite-operationnelle-et-simplifier-la-cybersecurite-des-entreprises-et-des-organisations\/' title='Lier vers : WALLIX lance WALLIX One Console pour optimiser l\u2019efficacit\u00e9 op\u00e9rationnelle et simplifier la cybers\u00e9curit\u00e9 des entreprises et des organisations'>WALLIX lance WALLIX One Console pour optimiser l\u2019efficacit\u00e9 op\u00e9rationnelle et simplifier la cybers\u00e9curit\u00e9 des entreprises et des organisations<\/a><\/h3><\/header><\/div><footer class=\"entry-footer\"><\/footer><\/article><article class='av-magazine-entry av-magazine-entry-id-82841 av-magazine-format-standard av-magazine-type-post av-magazine-entry-4 av-magazine-entry-small av-magazine-no-thumb'  itemscope=\"itemscope\" itemtype=\"https:\/\/schema.org\/BlogPosting\" itemprop=\"blogPost\" ><div class=\"av-magazine-content-wrap\"><header class=\"entry-content-header\" aria-label=\"Articles : WALLIX anticipe les mutations de la cybers\u00e9curit\u00e9 et d\u00e9voile sa vision technologique 2026\"><time class='av-magazine-time updated'  itemprop=\"datePublished\" datetime=\"2026-01-08T07:41:07+01:00\" >8 Janvier 2026<\/time><h3 class='av-magazine-title entry-title '  itemprop=\"headline\" ><a href='https:\/\/www.wallix.com\/fr\/communique-de-presse\/wallix-anticipe-les-mutations-de-la-cybersecurite-et-devoile-sa-vision-technologique-2026\/' title='Lier vers : WALLIX anticipe les mutations de la cybers\u00e9curit\u00e9 et d\u00e9voile sa vision technologique 2026'>WALLIX anticipe les mutations de la cybers\u00e9curit\u00e9 et d\u00e9voile sa vision technologique 2026<\/a><\/h3><\/header><\/div><footer class=\"entry-footer\"><\/footer><\/article><\/div><\/div><br \/>\n\n<style type=\"text\/css\" data-created_by=\"avia_inline_auto\" id=\"style-css-av-1foy8b6-322a3c042ca152c332d2e2c528de4e88\">\n#top .hr.hr-invisible.av-1foy8b6-322a3c042ca152c332d2e2c528de4e88{\nheight:10px;\n}\n<\/style>\n<div  class='hr av-1foy8b6-322a3c042ca152c332d2e2c528de4e88 hr-invisible  avia-builder-el-12  el_after_av_magazine  el_before_av_heading '><span class='hr-inner '><span class=\"hr-inner-style\"><\/span><\/span><\/div><br \/>\n\n<style type=\"text\/css\" data-created_by=\"avia_inline_auto\" id=\"style-css-av-13arzki-b4ef0090379ad2dba4d2836402b428a5\">\n#top .av-special-heading.av-13arzki-b4ef0090379ad2dba4d2836402b428a5{\npadding-bottom:10px;\n}\nbody .av-special-heading.av-13arzki-b4ef0090379ad2dba4d2836402b428a5 .av-special-heading-tag .heading-char{\nfont-size:25px;\n}\n.av-special-heading.av-13arzki-b4ef0090379ad2dba4d2836402b428a5 .av-subheading{\nfont-size:15px;\n}\n<\/style>\n<div  class='av-special-heading av-13arzki-b4ef0090379ad2dba4d2836402b428a5 av-special-heading-h3 blockquote modern-quote  avia-builder-el-13  el_after_av_hr  el_before_av_hr '><h3 class='av-special-heading-tag '  itemprop=\"headline\"  >COMMUNIQU\u00c9S DE PRESSE<\/h3><div class='av-subheading av-subheading_below'><p>2025<\/p>\n<\/div><div class=\"special-heading-border\"><div class=\"special-heading-inner-border\"><\/div><\/div><\/div><br \/>\n\n<style type=\"text\/css\" data-created_by=\"avia_inline_auto\" id=\"style-css-av-1ki0aq9-0bf20f835d0bbab1fe1e509edbd75b88\">\n#top .hr.hr-invisible.av-1ki0aq9-0bf20f835d0bbab1fe1e509edbd75b88{\nheight:10px;\n}\n<\/style>\n<div  class='hr av-1ki0aq9-0bf20f835d0bbab1fe1e509edbd75b88 hr-invisible  avia-builder-el-14  el_after_av_heading  el_before_av_magazine '><span class='hr-inner '><span class=\"hr-inner-style\"><\/span><\/span><\/div><br \/>\n<div  id=\"avia-magazine-2\"  class='av-magazine av-uxc7zm-53597ebdfd0956429d346002f85a534d  avia-builder-el-15  el_after_av_hr  el_before_av_heading   avia-builder-el-15  el_after_av_hr  el_before_av_heading ' ><div class='av-magazine-group sort_all'><article class='av-magazine-entry av-magazine-entry-id-81222 av-magazine-format-standard av-magazine-type-post av-magazine-entry-1 av-magazine-entry-small av-magazine-no-thumb'  itemscope=\"itemscope\" itemtype=\"https:\/\/schema.org\/BlogPosting\" itemprop=\"blogPost\" ><div class=\"av-magazine-content-wrap\"><header class=\"entry-content-header\" aria-label=\"Articles : WALLIX acc\u00e9l\u00e8re sa strat\u00e9gie IA avec l\u2019acquisition de la startup fran\u00e7aise Malizen\"><time class='av-magazine-time updated'  itemprop=\"datePublished\" datetime=\"2025-11-25T11:47:34+01:00\" >25 Novembre 2025<\/time><h3 class='av-magazine-title entry-title '  itemprop=\"headline\" ><a href='https:\/\/www.wallix.com\/fr\/communique-de-presse\/wallix-accelere-sa-strategie-ia-avec-lacquisition-de-la-startup-francaise-malizen\/' title='Lier vers : WALLIX acc\u00e9l\u00e8re sa strat\u00e9gie IA avec l\u2019acquisition de la startup fran\u00e7aise Malizen'>WALLIX acc\u00e9l\u00e8re sa strat\u00e9gie IA avec l\u2019acquisition de la startup fran\u00e7aise Malizen<\/a><\/h3><\/header><\/div><footer class=\"entry-footer\"><\/footer><\/article><article class='av-magazine-entry av-magazine-entry-id-79054 av-magazine-format-standard av-magazine-type-post av-magazine-entry-2 av-magazine-entry-small av-magazine-no-thumb'  itemscope=\"itemscope\" itemtype=\"https:\/\/schema.org\/BlogPosting\" itemprop=\"blogPost\" ><div class=\"av-magazine-content-wrap\"><header class=\"entry-content-header\" aria-label=\"Articles : WALLIX reconnu \u00ab Visionnaire \u00bb pour la troisi\u00e8me ann\u00e9e cons\u00e9cutive dans le Magic Quadrant\u2122 2025 de Gartner\u00ae pour les solutions de PAM\"><time class='av-magazine-time updated'  itemprop=\"datePublished\" datetime=\"2025-10-13T16:24:21+01:00\" >13 Octobre 2025<\/time><h3 class='av-magazine-title entry-title '  itemprop=\"headline\" ><a href='https:\/\/www.wallix.com\/fr\/communique-de-presse\/wallix-reconnu-visionnaire-pour-la-troisieme-annee-consecutive-dans-le-magic-quadrant-2025-de-gartner-pour-les-solutions-de-pam\/' title='Lier vers : WALLIX reconnu \u00ab Visionnaire \u00bb pour la troisi\u00e8me ann\u00e9e cons\u00e9cutive dans le Magic Quadrant\u2122 2025 de Gartner\u00ae pour les solutions de PAM'>WALLIX reconnu \u00ab Visionnaire \u00bb pour la troisi\u00e8me ann\u00e9e cons\u00e9cutive dans le Magic Quadrant\u2122 2025 de Gartner\u00ae pour les solutions de PAM<\/a><\/h3><\/header><\/div><footer class=\"entry-footer\"><\/footer><\/article><article class='av-magazine-entry av-magazine-entry-id-78810 av-magazine-format-standard av-magazine-type-post av-magazine-entry-3 av-magazine-entry-small av-magazine-no-thumb'  itemscope=\"itemscope\" itemtype=\"https:\/\/schema.org\/BlogPosting\" itemprop=\"blogPost\" ><div class=\"av-magazine-content-wrap\"><header class=\"entry-content-header\" aria-label=\"Articles : WALLIX obtient la double certification de s\u00e9curit\u00e9 en Allemagne et en France, et renforce son r\u00f4le de partenaire strat\u00e9gique de la cybers\u00e9curit\u00e9\"><time class='av-magazine-time updated'  itemprop=\"datePublished\" datetime=\"2025-10-07T13:17:56+01:00\" >7 Octobre 2025<\/time><h3 class='av-magazine-title entry-title '  itemprop=\"headline\" ><a href='https:\/\/www.wallix.com\/fr\/communique-de-presse\/wallix-obtient-la-double-certification-de-securite-en-allemagne-et-en-france-et-renforce-son-role-de-partenaire-strategique-de-la-cybersecurite\/' title='Lier vers : WALLIX obtient la double certification de s\u00e9curit\u00e9 en Allemagne et en France, et renforce son r\u00f4le de partenaire strat\u00e9gique de la cybers\u00e9curit\u00e9'>WALLIX obtient la double certification de s\u00e9curit\u00e9 en Allemagne et en France, et renforce son r\u00f4le de partenaire strat\u00e9gique de la cybers\u00e9curit\u00e9<\/a><\/h3><\/header><\/div><footer class=\"entry-footer\"><\/footer><\/article><article class='av-magazine-entry av-magazine-entry-id-78079 av-magazine-format-standard av-magazine-type-post av-magazine-entry-4 av-magazine-entry-small av-magazine-no-thumb'  itemscope=\"itemscope\" itemtype=\"https:\/\/schema.org\/BlogPosting\" itemprop=\"blogPost\" ><div class=\"av-magazine-content-wrap\"><header class=\"entry-content-header\" aria-label=\"Articles : Lancement d\u2019une nouvelle offre pour renforcer la cybers\u00e9curit\u00e9 des PMEs et ETIs\"><time class='av-magazine-time updated'  itemprop=\"datePublished\" datetime=\"2025-09-15T14:20:42+01:00\" >15 Septembre 2025<\/time><h3 class='av-magazine-title entry-title '  itemprop=\"headline\" ><a href='https:\/\/www.wallix.com\/fr\/communique-de-presse\/lancement-dune-nouvelle-offre-pour-renforcer-la-cybersecurite-des-pmes-et-etis\/' title='Lier vers : Lancement d\u2019une nouvelle offre pour renforcer la cybers\u00e9curit\u00e9 des PMEs et ETIs'>Lancement d\u2019une nouvelle offre pour renforcer la cybers\u00e9curit\u00e9 des PMEs et ETIs<\/a><\/h3><\/header><\/div><footer class=\"entry-footer\"><\/footer><\/article><article class='av-magazine-entry av-magazine-entry-id-75273 av-magazine-format-standard av-magazine-type-post av-magazine-entry-5 av-magazine-entry-small av-magazine-no-thumb'  itemscope=\"itemscope\" itemtype=\"https:\/\/schema.org\/BlogPosting\" itemprop=\"blogPost\" ><div class=\"av-magazine-content-wrap\"><header class=\"entry-content-header\" aria-label=\"Articles : WALLIX obtient le label Happy@Work pour la sixi\u00e8me ann\u00e9e cons\u00e9cutive\"><time class='av-magazine-time updated'  itemprop=\"datePublished\" datetime=\"2025-07-22T15:36:36+01:00\" >22 Juillet 2025<\/time><h3 class='av-magazine-title entry-title '  itemprop=\"headline\" ><a href='https:\/\/www.wallix.com\/fr\/communique-de-presse\/wallix-obtient-le-label-happywork-pour-la-sixieme-annee-consecutivel-for-the-sixth-consecutive-year\/' title='Lier vers : WALLIX obtient le label Happy@Work pour la sixi\u00e8me ann\u00e9e cons\u00e9cutive'>WALLIX obtient le label Happy@Work pour la sixi\u00e8me ann\u00e9e cons\u00e9cutive<\/a><\/h3><\/header><\/div><footer class=\"entry-footer\"><\/footer><\/article><\/div><\/div><br \/>\n\n<style type=\"text\/css\" data-created_by=\"avia_inline_auto\" id=\"style-css-av-1tztkhg-66518db40450289529a6da6908a9eea0\">\n#top .av-special-heading.av-1tztkhg-66518db40450289529a6da6908a9eea0{\npadding-bottom:10px;\n}\nbody .av-special-heading.av-1tztkhg-66518db40450289529a6da6908a9eea0 .av-special-heading-tag .heading-char{\nfont-size:25px;\n}\n.av-special-heading.av-1tztkhg-66518db40450289529a6da6908a9eea0 .av-subheading{\nfont-size:15px;\n}\n<\/style>\n<div  class='av-special-heading av-1tztkhg-66518db40450289529a6da6908a9eea0 av-special-heading-h3 blockquote modern-quote  avia-builder-el-16  el_after_av_magazine  el_before_av_hr '><h3 class='av-special-heading-tag '  itemprop=\"headline\"  >COMMUNIQU\u00c9S DE PRESSE<\/h3><div class='av-subheading av-subheading_below'><p>2024<\/p>\n<\/div><div class=\"special-heading-border\"><div class=\"special-heading-inner-border\"><\/div><\/div><\/div><br \/>\n\n<style type=\"text\/css\" data-created_by=\"avia_inline_auto\" id=\"style-css-av-10qubzo-21fbd5edd5ec18b21702adddb06b9f23\">\n#top .hr.hr-invisible.av-10qubzo-21fbd5edd5ec18b21702adddb06b9f23{\nheight:10px;\n}\n<\/style>\n<div  class='hr av-10qubzo-21fbd5edd5ec18b21702adddb06b9f23 hr-invisible  avia-builder-el-17  el_after_av_heading  el_before_av_magazine '><span class='hr-inner '><span class=\"hr-inner-style\"><\/span><\/span><\/div><br \/>\n<div  id=\"avia-magazine-3\"  class='av-magazine av-i72jw4-7d0c1e151e63ffcb371569436e0fb7cc  avia-builder-el-18  el_after_av_hr  el_before_av_heading   avia-builder-el-18  el_after_av_hr  el_before_av_heading ' ><div class='av-magazine-group sort_all'><article class='av-magazine-entry av-magazine-entry-id-64896 av-magazine-format-standard av-magazine-type-post av-magazine-entry-1 av-magazine-entry-small av-magazine-no-thumb'  itemscope=\"itemscope\" itemtype=\"https:\/\/schema.org\/BlogPosting\" itemprop=\"blogPost\" ><div class=\"av-magazine-content-wrap\"><header class=\"entry-content-header\" aria-label=\"Articles : WALLIX One Enterprise Vault, le gestionnaire de mots de passe personnel s\u00e9curis\u00e9 qui renforce la productivit\u00e9 et la conformit\u00e9 des entreprises\"><time class='av-magazine-time updated'  itemprop=\"datePublished\" datetime=\"2024-10-28T13:51:15+01:00\" >28 Octobre 2024<\/time><h3 class='av-magazine-title entry-title '  itemprop=\"headline\" ><a href='https:\/\/www.wallix.com\/fr\/communique-de-presse\/2024-fr\/wallix-one-enterprise-vault-le-gestionnaire-de-mots-de-passe-personnel-securise-qui-stimule-la-productivite-et-la-conformite-des-entreprises\/' title='Lier vers : WALLIX One Enterprise Vault, le gestionnaire de mots de passe personnel s\u00e9curis\u00e9 qui renforce la productivit\u00e9 et la conformit\u00e9 des entreprises'>WALLIX One Enterprise Vault, le gestionnaire de mots de passe personnel s\u00e9curis\u00e9 qui renforce la productivit\u00e9 et la conformit\u00e9 des entreprises<\/a><\/h3><\/header><\/div><footer class=\"entry-footer\"><\/footer><\/article><article class='av-magazine-entry av-magazine-entry-id-64069 av-magazine-format-standard av-magazine-type-post av-magazine-entry-2 av-magazine-entry-small av-magazine-no-thumb'  itemscope=\"itemscope\" itemtype=\"https:\/\/schema.org\/BlogPosting\" itemprop=\"blogPost\" ><div class=\"av-magazine-content-wrap\"><header class=\"entry-content-header\" aria-label=\"Articles : WALLIX parmi les leaders mondiaux du PAM avec une mention sp\u00e9ciale pour s\u00e9curiser les environnements industriels\"><time class='av-magazine-time updated'  itemprop=\"datePublished\" datetime=\"2024-10-07T16:13:03+01:00\" >7 Octobre 2024<\/time><h3 class='av-magazine-title entry-title '  itemprop=\"headline\" ><a href='https:\/\/www.wallix.com\/fr\/communique-de-presse\/2024-fr\/wallix-parmi-les-leaders-mondiaux-du-pam-avec-une-mention-speciale-pour-securiser-les-environnements-industriels\/' title='Lier vers : WALLIX parmi les leaders mondiaux du PAM avec une mention sp\u00e9ciale pour s\u00e9curiser les environnements industriels'>WALLIX parmi les leaders mondiaux du PAM avec une mention sp\u00e9ciale pour s\u00e9curiser les environnements industriels<\/a><\/h3><\/header><\/div><footer class=\"entry-footer\"><\/footer><\/article><article class='av-magazine-entry av-magazine-entry-id-61841 av-magazine-format-standard av-magazine-type-post av-magazine-entry-3 av-magazine-entry-small av-magazine-no-thumb'  itemscope=\"itemscope\" itemtype=\"https:\/\/schema.org\/BlogPosting\" itemprop=\"blogPost\" ><div class=\"av-magazine-content-wrap\"><header class=\"entry-content-header\" aria-label=\"Articles : WALLIX &amp; Telenor annoncent un partenariat strat\u00e9gique pour renforcer la s\u00e9curit\u00e9 des acc\u00e8s \u00e0 distance dans l&#039;industrie\"><time class='av-magazine-time updated'  itemprop=\"datePublished\" datetime=\"2024-09-02T14:51:19+01:00\" >2 Septembre 2024<\/time><h3 class='av-magazine-title entry-title '  itemprop=\"headline\" ><a href='https:\/\/www.wallix.com\/fr\/communique-de-presse\/2024-fr\/wallix-telenor-annoncent-un-partenariat-strategique-pour-renforcer-la-securite-des-acces-a-distance-dans-lindustrie\/' title='Lier vers : WALLIX &#038; Telenor annoncent un partenariat strat\u00e9gique pour renforcer la s\u00e9curit\u00e9 des acc\u00e8s \u00e0 distance dans l&rsquo;industrie'>WALLIX &#038; Telenor annoncent un partenariat strat\u00e9gique pour renforcer la s\u00e9curit\u00e9 des acc\u00e8s \u00e0 distance dans l&rsquo;industrie<\/a><\/h3><\/header><\/div><footer class=\"entry-footer\"><\/footer><\/article><article class='av-magazine-entry av-magazine-entry-id-59823 av-magazine-format-standard av-magazine-type-post av-magazine-entry-4 av-magazine-entry-small av-magazine-no-thumb'  itemscope=\"itemscope\" itemtype=\"https:\/\/schema.org\/BlogPosting\" itemprop=\"blogPost\" ><div class=\"av-magazine-content-wrap\"><header class=\"entry-content-header\" aria-label=\"Articles : WALLIX renforce son partenariat avec CISCO pour cyber s\u00e9curiser les r\u00e9seaux industriels\"><time class='av-magazine-time updated'  itemprop=\"datePublished\" datetime=\"2024-06-26T10:31:58+01:00\" >26 Juin 2024<\/time><h3 class='av-magazine-title entry-title '  itemprop=\"headline\" ><a href='https:\/\/www.wallix.com\/fr\/communique-de-presse\/2024-fr\/wallix-renforce-son-partenariat-avec-cisco-pour-cyber-securiser-les-reseaux-industriels\/' title='Lier vers : WALLIX renforce son partenariat avec CISCO pour cyber s\u00e9curiser les r\u00e9seaux industriels'>WALLIX renforce son partenariat avec CISCO pour cyber s\u00e9curiser les r\u00e9seaux industriels<\/a><\/h3><\/header><\/div><footer class=\"entry-footer\"><\/footer><\/article><article class='av-magazine-entry av-magazine-entry-id-57290 av-magazine-format-standard av-magazine-type-post av-magazine-entry-5 av-magazine-entry-small av-magazine-no-thumb'  itemscope=\"itemscope\" itemtype=\"https:\/\/schema.org\/BlogPosting\" itemprop=\"blogPost\" ><div class=\"av-magazine-content-wrap\"><header class=\"entry-content-header\" aria-label=\"Articles : WALLIX poursuit son d\u00e9veloppement au Royaume-Uni en partenariat avec Prianto\"><time class='av-magazine-time updated'  itemprop=\"datePublished\" datetime=\"2024-04-23T11:11:46+01:00\" >23 Avril 2024<\/time><h3 class='av-magazine-title entry-title '  itemprop=\"headline\" ><a href='https:\/\/www.wallix.com\/fr\/communique-de-presse\/wallix-poursuit-son-developpement-au-royaume-uni-en-partenariat-avec-prianto\/' title='Lier vers : WALLIX poursuit son d\u00e9veloppement au Royaume-Uni en partenariat avec Prianto'>WALLIX poursuit son d\u00e9veloppement au Royaume-Uni en partenariat avec Prianto<\/a><\/h3><\/header><\/div><footer class=\"entry-footer\"><\/footer><\/article><\/div><\/div><br \/>\n\n<style type=\"text\/css\" data-created_by=\"avia_inline_auto\" id=\"style-css-av-lqw7bdqm-50de3aa62238cfe5d6cb59162b1d523c\">\n#top .av-special-heading.av-lqw7bdqm-50de3aa62238cfe5d6cb59162b1d523c{\npadding-bottom:10px;\n}\nbody .av-special-heading.av-lqw7bdqm-50de3aa62238cfe5d6cb59162b1d523c .av-special-heading-tag .heading-char{\nfont-size:25px;\n}\n.av-special-heading.av-lqw7bdqm-50de3aa62238cfe5d6cb59162b1d523c .av-subheading{\nfont-size:15px;\n}\n<\/style>\n<div  class='av-special-heading av-lqw7bdqm-50de3aa62238cfe5d6cb59162b1d523c av-special-heading-h3 blockquote modern-quote  avia-builder-el-19  el_after_av_magazine  el_before_av_hr '><h3 class='av-special-heading-tag '  itemprop=\"headline\"  >COMMUNIQU\u00c9S DE PRESSE<\/h3><div class='av-subheading av-subheading_below'><p>2023<\/p>\n<\/div><div class=\"special-heading-border\"><div class=\"special-heading-inner-border\"><\/div><\/div><\/div><br \/>\n\n<style type=\"text\/css\" data-created_by=\"avia_inline_auto\" id=\"style-css-av-1bp7jqp-0b23b7e8e042e7bf890333895bcb0cd3\">\n#top .hr.hr-invisible.av-1bp7jqp-0b23b7e8e042e7bf890333895bcb0cd3{\nheight:30px;\n}\n<\/style>\n<div  class='hr av-1bp7jqp-0b23b7e8e042e7bf890333895bcb0cd3 hr-invisible  avia-builder-el-20  el_after_av_heading  el_before_av_magazine '><span class='hr-inner '><span class=\"hr-inner-style\"><\/span><\/span><\/div><br \/>\n<div  id=\"avia-magazine-4\"  class='av-magazine av-lqw7d7z6-830c007f77315e60bb3962a94214d195  avia-builder-el-21  el_after_av_hr  avia-builder-el-last   avia-builder-el-21  el_after_av_hr  avia-builder-el-last ' ><div class='av-magazine-group sort_all'><article class='av-magazine-entry av-magazine-entry-id-38996 av-magazine-format-standard av-magazine-type-post av-magazine-entry-1 av-magazine-entry-small av-magazine-no-thumb'  itemscope=\"itemscope\" itemtype=\"https:\/\/schema.org\/BlogPosting\" itemprop=\"blogPost\" ><div class=\"av-magazine-content-wrap\"><header class=\"entry-content-header\" aria-label=\"Articles : Lancement de WALLIX One, la plateforme SaaS de cybers\u00e9curit\u00e9 con\u00e7ue pour s&#039;adapter aux enjeux num\u00e9riques et \u00e9conomiques des entreprises qui veulent prot\u00e9ger leurs acc\u00e8s et identit\u00e9s\"><time class='av-magazine-time updated'  itemprop=\"datePublished\" datetime=\"2023-12-14T11:29:27+01:00\" >14 D\u00e9cembre 2023<\/time><h3 class='av-magazine-title entry-title '  itemprop=\"headline\" ><a href='https:\/\/www.wallix.com\/fr\/communique-de-presse\/2023-fr\/lancement-de-wallix-one-la-plateforme-saas-de-cybersecurite-concue-pour-sadapter-aux-enjeux-numeriques-et-economiques-des-entreprises-qui-veulent-proteger-leurs-acces-et-identites\/' title='Lier vers : Lancement de WALLIX One, la plateforme SaaS de cybers\u00e9curit\u00e9 con\u00e7ue pour s&rsquo;adapter aux enjeux num\u00e9riques et \u00e9conomiques des entreprises qui veulent prot\u00e9ger leurs acc\u00e8s et identit\u00e9s'>Lancement de WALLIX One, la plateforme SaaS de cybers\u00e9curit\u00e9 con\u00e7ue pour s&rsquo;adapter aux enjeux num\u00e9riques et \u00e9conomiques des entreprises qui veulent prot\u00e9ger leurs acc\u00e8s et identit\u00e9s<\/a><\/h3><\/header><\/div><footer class=\"entry-footer\"><\/footer><\/article><article class='av-magazine-entry av-magazine-entry-id-39000 av-magazine-format-standard av-magazine-type-post av-magazine-entry-2 av-magazine-entry-small av-magazine-no-thumb'  itemscope=\"itemscope\" itemtype=\"https:\/\/schema.org\/BlogPosting\" itemprop=\"blogPost\" ><div class=\"av-magazine-content-wrap\"><header class=\"entry-content-header\" aria-label=\"Articles : We Edu : WALLIX signe un partenariat avec les IUT et int\u00e8gre sa formation certifiante dans le parcours cybers\u00e9curit\u00e9 du Bachelor Universitaire de Technologie R\u00e9seaux &amp; T\u00e9l\u00e9coms\"><time class='av-magazine-time updated'  itemprop=\"datePublished\" datetime=\"2023-09-21T11:32:59+01:00\" >21 Septembre 2023<\/time><h3 class='av-magazine-title entry-title '  itemprop=\"headline\" ><a href='https:\/\/www.wallix.com\/fr\/communique-de-presse\/2023-fr\/we-edu-wallix-signe-un-partenariat-avec-les-iut-et-integre-sa-formation-certifiante-dans-le-parcours-cybersecurite-du-bachelor-universitaire-de-technologie-reseaux-telecoms\/' title='Lier vers : We Edu : WALLIX signe un partenariat avec les IUT et int\u00e8gre sa formation certifiante dans le parcours cybers\u00e9curit\u00e9 du Bachelor Universitaire de Technologie R\u00e9seaux &#038; T\u00e9l\u00e9coms'>We Edu : WALLIX signe un partenariat avec les IUT et int\u00e8gre sa formation certifiante dans le parcours cybers\u00e9curit\u00e9 du Bachelor Universitaire de Technologie R\u00e9seaux &#038; T\u00e9l\u00e9coms<\/a><\/h3><\/header><\/div><footer class=\"entry-footer\"><\/footer><\/article><article class='av-magazine-entry av-magazine-entry-id-39004 av-magazine-format-standard av-magazine-type-post av-magazine-entry-3 av-magazine-entry-small av-magazine-no-thumb'  itemscope=\"itemscope\" itemtype=\"https:\/\/schema.org\/BlogPosting\" itemprop=\"blogPost\" ><div class=\"av-magazine-content-wrap\"><header class=\"entry-content-header\" aria-label=\"Articles : WALLIX rejoint le Demo Center OT d&#039;Orange Cyberdefense en France pour montrer comment ses solutions garantissent la r\u00e9silience et la continuit\u00e9 d&#039;activit\u00e9 des syst\u00e8mes industriels en cas de cyberattaque\"><time class='av-magazine-time updated'  itemprop=\"datePublished\" datetime=\"2023-07-04T11:36:27+01:00\" >4 Juillet 2023<\/time><h3 class='av-magazine-title entry-title '  itemprop=\"headline\" ><a href='https:\/\/www.wallix.com\/fr\/communique-de-presse\/2023-fr\/wallix-rejoint-le-demo-center-ot-dorange-cyberdefense-en-france-pour-montrer-comment-ses-solutions-garantissent-la-resilience-et-la-continuite-dactivite-des-systemes-industriels-en-cas-de-cyberatt\/' title='Lier vers : WALLIX rejoint le Demo Center OT d&rsquo;Orange Cyberdefense en France pour montrer comment ses solutions garantissent la r\u00e9silience et la continuit\u00e9 d&rsquo;activit\u00e9 des syst\u00e8mes industriels en cas de cyberattaque'>WALLIX rejoint le Demo Center OT d&rsquo;Orange Cyberdefense en France pour montrer comment ses solutions garantissent la r\u00e9silience et la continuit\u00e9 d&rsquo;activit\u00e9 des syst\u00e8mes industriels en cas de cyberattaque<\/a><\/h3><\/header><\/div><footer class=\"entry-footer\"><\/footer><\/article><article class='av-magazine-entry av-magazine-entry-id-39008 av-magazine-format-standard av-magazine-type-post av-magazine-entry-4 av-magazine-entry-small av-magazine-no-thumb'  itemscope=\"itemscope\" itemtype=\"https:\/\/schema.org\/BlogPosting\" itemprop=\"blogPost\" ><div class=\"av-magazine-content-wrap\"><header class=\"entry-content-header\" aria-label=\"Articles : WALLIX constitue un comit\u00e9 d&#039;experts, utilisateurs prestigieux, pour adapter sa strat\u00e9gie au plus pr\u00e8s des besoins du march\u00e9\"><time class='av-magazine-time updated'  itemprop=\"datePublished\" datetime=\"2023-06-27T11:39:27+01:00\" >27 Juin 2023<\/time><h3 class='av-magazine-title entry-title '  itemprop=\"headline\" ><a href='https:\/\/www.wallix.com\/fr\/communique-de-presse\/2023-fr\/wallix-constitue-un-comite-dexperts-utilisateurs-prestigieux-pour-adapter-sa-strategie-au-plus-pres-des-besoins-du-marche\/' title='Lier vers : WALLIX constitue un comit\u00e9 d&rsquo;experts, utilisateurs prestigieux, pour adapter sa strat\u00e9gie au plus pr\u00e8s des besoins du march\u00e9'>WALLIX constitue un comit\u00e9 d&rsquo;experts, utilisateurs prestigieux, pour adapter sa strat\u00e9gie au plus pr\u00e8s des besoins du march\u00e9<\/a><\/h3><\/header><\/div><footer class=\"entry-footer\"><\/footer><\/article><article class='av-magazine-entry av-magazine-entry-id-39012 av-magazine-format-standard av-magazine-type-post av-magazine-entry-5 av-magazine-entry-small av-magazine-no-thumb'  itemscope=\"itemscope\" itemtype=\"https:\/\/schema.org\/BlogPosting\" itemprop=\"blogPost\" ><div class=\"av-magazine-content-wrap\"><header class=\"entry-content-header\" aria-label=\"Articles : Cris R\u00e9seaux va distribuer WALLIX One IDaaS pour rendre la gestion des identit\u00e9s et des acc\u00e8s num\u00e9riques en mode SaaS accessible aux PME\"><time class='av-magazine-time updated'  itemprop=\"datePublished\" datetime=\"2023-06-20T11:43:39+01:00\" >20 Juin 2023<\/time><h3 class='av-magazine-title entry-title '  itemprop=\"headline\" ><a href='https:\/\/www.wallix.com\/fr\/communique-de-presse\/2023-fr\/cris-reseaux-va-distribuer-wallix-one-idaas-pour-rendre-la-gestion-des-identites-et-des-acces-numeriques-en-mode-saas-accessible-aux-pme\/' title='Lier vers : Cris R\u00e9seaux va distribuer WALLIX One IDaaS pour rendre la gestion des identit\u00e9s et des acc\u00e8s num\u00e9riques en mode SaaS accessible aux PME'>Cris R\u00e9seaux va distribuer WALLIX One IDaaS pour rendre la gestion des identit\u00e9s et des acc\u00e8s num\u00e9riques en mode SaaS accessible aux PME<\/a><\/h3><\/header><\/div><footer class=\"entry-footer\"><\/footer><\/article><\/div><\/div><\/p><\/div><\/p>\n","protected":false},"excerpt":{"rendered":"","protected":false},"author":3,"featured_media":29335,"comment_status":"closed","ping_status":"closed","sticky":false,"template":"","format":"standard","meta":{"_acf_changed":false,"content-type":"","inline_featured_image":false,"footnotes":""},"categories":[2570,2174],"tags":[],"class_list":["post-88010","post","type-post","status-publish","format-standard","has-post-thumbnail","hentry","category-2570","category-communique-de-presse"],"acf":[],"yoast_head":"<!-- This site is optimized with the Yoast SEO plugin v27.5 - https:\/\/yoast.com\/product\/yoast-seo-wordpress\/ -->\n<title>WALLIX renforce son ancrage en Allemagne et rejoint les principaux consortiums de cybers\u00e9curit\u00e9 au service de la souverainet\u00e9 - WALLIX<\/title>\n<meta name=\"description\" content=\"WALLIX annonce son adh\u00e9sion \u00e0 l\u2019association allemande de la s\u00e9curit\u00e9 informatique TeleTrusT ainsi que sa participation \u00e0 l\u2019Alliance for Cyber Security (ACS), une initiative port\u00e9e par le BSI (l\u2019autorit\u00e9 f\u00e9d\u00e9rale Allemagne en charge de la cybers\u00e9curit\u00e9) et l\u2019association de l\u2019industrie num\u00e9rique allemande Bitkom .\" \/>\n<meta name=\"robots\" content=\"index, follow, max-snippet:-1, max-image-preview:large, max-video-preview:-1\" \/>\n<link rel=\"canonical\" href=\"https:\/\/www.wallix.com\/fr\/communique-de-presse\/wallix-renforce-son-ancrage-en-allemagne-et-rejoint-les-principaux-consortiums-de-cybersecurite-au-service-de-la-souverainete\/\" \/>\n<meta property=\"og:locale\" content=\"fr_FR\" \/>\n<meta property=\"og:type\" content=\"article\" \/>\n<meta property=\"og:title\" content=\"WALLIX renforce son ancrage en Allemagne et rejoint les principaux consortiums de cybers\u00e9curit\u00e9 au service de la souverainet\u00e9 - WALLIX\" \/>\n<meta property=\"og:description\" content=\"WALLIX annonce son adh\u00e9sion \u00e0 l\u2019association allemande de la s\u00e9curit\u00e9 informatique TeleTrusT ainsi que sa participation \u00e0 l\u2019Alliance for Cyber Security (ACS), une initiative port\u00e9e par le BSI (l\u2019autorit\u00e9 f\u00e9d\u00e9rale Allemagne en charge de la cybers\u00e9curit\u00e9) et l\u2019association de l\u2019industrie num\u00e9rique allemande Bitkom .\" \/>\n<meta property=\"og:url\" content=\"https:\/\/www.wallix.com\/fr\/communique-de-presse\/wallix-renforce-son-ancrage-en-allemagne-et-rejoint-les-principaux-consortiums-de-cybersecurite-au-service-de-la-souverainete\/\" \/>\n<meta property=\"og:site_name\" content=\"WALLIX\" \/>\n<meta property=\"article:published_time\" content=\"2026-04-23T09:49:58+00:00\" \/>\n<meta property=\"article:modified_time\" content=\"2026-04-23T10:18:42+00:00\" \/>\n<meta property=\"og:image\" content=\"https:\/\/www.wallix.com\/wp-content\/uploads\/2022\/12\/AdobeStock_429258682-copie-scaled.jpg\" \/>\n\t<meta property=\"og:image:width\" content=\"2560\" \/>\n\t<meta property=\"og:image:height\" content=\"1097\" \/>\n\t<meta property=\"og:image:type\" content=\"image\/jpeg\" \/>\n<meta name=\"author\" content=\"WALLIX\" \/>\n<meta name=\"twitter:card\" content=\"summary_large_image\" \/>\n<meta name=\"twitter:creator\" content=\"@wallixcom\" \/>\n<meta name=\"twitter:site\" content=\"@wallixcom\" \/>\n<meta name=\"twitter:label1\" content=\"\u00c9crit par\" \/>\n\t<meta name=\"twitter:data1\" content=\"WALLIX\" \/>\n\t<meta name=\"twitter:label2\" content=\"Dur\u00e9e de lecture estim\u00e9e\" \/>\n\t<meta name=\"twitter:data2\" content=\"5 minutes\" \/>\n<script type=\"application\/ld+json\" class=\"yoast-schema-graph\">{\"@context\":\"https:\\\/\\\/schema.org\",\"@graph\":[{\"@type\":\"Article\",\"@id\":\"https:\\\/\\\/www.wallix.com\\\/fr\\\/communique-de-presse\\\/wallix-renforce-son-ancrage-en-allemagne-et-rejoint-les-principaux-consortiums-de-cybersecurite-au-service-de-la-souverainete\\\/#article\",\"isPartOf\":{\"@id\":\"https:\\\/\\\/www.wallix.com\\\/fr\\\/communique-de-presse\\\/wallix-renforce-son-ancrage-en-allemagne-et-rejoint-les-principaux-consortiums-de-cybersecurite-au-service-de-la-souverainete\\\/\"},\"author\":{\"name\":\"WALLIX\",\"@id\":\"https:\\\/\\\/www.wallix.com\\\/fr\\\/#\\\/schema\\\/person\\\/8b1daa830716a62cdf5631aa0e211abd\"},\"headline\":\"WALLIX renforce son ancrage en Allemagne et rejoint les principaux consortiums de cybers\u00e9curit\u00e9 au service de la souverainet\u00e9\",\"datePublished\":\"2026-04-23T09:49:58+00:00\",\"dateModified\":\"2026-04-23T10:18:42+00:00\",\"mainEntityOfPage\":{\"@id\":\"https:\\\/\\\/www.wallix.com\\\/fr\\\/communique-de-presse\\\/wallix-renforce-son-ancrage-en-allemagne-et-rejoint-les-principaux-consortiums-de-cybersecurite-au-service-de-la-souverainete\\\/\"},\"wordCount\":3360,\"publisher\":{\"@id\":\"https:\\\/\\\/www.wallix.com\\\/fr\\\/#organization\"},\"image\":{\"@id\":\"https:\\\/\\\/www.wallix.com\\\/fr\\\/communique-de-presse\\\/wallix-renforce-son-ancrage-en-allemagne-et-rejoint-les-principaux-consortiums-de-cybersecurite-au-service-de-la-souverainete\\\/#primaryimage\"},\"thumbnailUrl\":\"https:\\\/\\\/www.wallix.com\\\/wp-content\\\/uploads\\\/2022\\\/12\\\/AdobeStock_429258682-copie-scaled.jpg\",\"articleSection\":[\"2026\",\"COMMUNIQU\u00c9S DE PRESSE\"],\"inLanguage\":\"fr-FR\"},{\"@type\":\"WebPage\",\"@id\":\"https:\\\/\\\/www.wallix.com\\\/fr\\\/communique-de-presse\\\/wallix-renforce-son-ancrage-en-allemagne-et-rejoint-les-principaux-consortiums-de-cybersecurite-au-service-de-la-souverainete\\\/\",\"url\":\"https:\\\/\\\/www.wallix.com\\\/fr\\\/communique-de-presse\\\/wallix-renforce-son-ancrage-en-allemagne-et-rejoint-les-principaux-consortiums-de-cybersecurite-au-service-de-la-souverainete\\\/\",\"name\":\"WALLIX renforce son ancrage en Allemagne et rejoint les principaux consortiums de cybers\u00e9curit\u00e9 au service de la souverainet\u00e9 - WALLIX\",\"isPartOf\":{\"@id\":\"https:\\\/\\\/www.wallix.com\\\/fr\\\/#website\"},\"primaryImageOfPage\":{\"@id\":\"https:\\\/\\\/www.wallix.com\\\/fr\\\/communique-de-presse\\\/wallix-renforce-son-ancrage-en-allemagne-et-rejoint-les-principaux-consortiums-de-cybersecurite-au-service-de-la-souverainete\\\/#primaryimage\"},\"image\":{\"@id\":\"https:\\\/\\\/www.wallix.com\\\/fr\\\/communique-de-presse\\\/wallix-renforce-son-ancrage-en-allemagne-et-rejoint-les-principaux-consortiums-de-cybersecurite-au-service-de-la-souverainete\\\/#primaryimage\"},\"thumbnailUrl\":\"https:\\\/\\\/www.wallix.com\\\/wp-content\\\/uploads\\\/2022\\\/12\\\/AdobeStock_429258682-copie-scaled.jpg\",\"datePublished\":\"2026-04-23T09:49:58+00:00\",\"dateModified\":\"2026-04-23T10:18:42+00:00\",\"description\":\"WALLIX annonce son adh\u00e9sion \u00e0 l\u2019association allemande de la s\u00e9curit\u00e9 informatique TeleTrusT ainsi que sa participation \u00e0 l\u2019Alliance for Cyber Security (ACS), une initiative port\u00e9e par le BSI (l\u2019autorit\u00e9 f\u00e9d\u00e9rale Allemagne en charge de la cybers\u00e9curit\u00e9) et l\u2019association de l\u2019industrie num\u00e9rique allemande Bitkom .\",\"inLanguage\":\"fr-FR\",\"potentialAction\":[{\"@type\":\"ReadAction\",\"target\":[\"https:\\\/\\\/www.wallix.com\\\/fr\\\/communique-de-presse\\\/wallix-renforce-son-ancrage-en-allemagne-et-rejoint-les-principaux-consortiums-de-cybersecurite-au-service-de-la-souverainete\\\/\"]}]},{\"@type\":\"ImageObject\",\"inLanguage\":\"fr-FR\",\"@id\":\"https:\\\/\\\/www.wallix.com\\\/fr\\\/communique-de-presse\\\/wallix-renforce-son-ancrage-en-allemagne-et-rejoint-les-principaux-consortiums-de-cybersecurite-au-service-de-la-souverainete\\\/#primaryimage\",\"url\":\"https:\\\/\\\/www.wallix.com\\\/wp-content\\\/uploads\\\/2022\\\/12\\\/AdobeStock_429258682-copie-scaled.jpg\",\"contentUrl\":\"https:\\\/\\\/www.wallix.com\\\/wp-content\\\/uploads\\\/2022\\\/12\\\/AdobeStock_429258682-copie-scaled.jpg\",\"width\":2560,\"height\":1097,\"caption\":\"Illustration de la s\u00e9curit\u00e9 num\u00e9rique, soulignant l'importance de la protection des donn\u00e9es sensibles dans un monde connect\u00e9.\"},{\"@type\":\"WebSite\",\"@id\":\"https:\\\/\\\/www.wallix.com\\\/fr\\\/#website\",\"url\":\"https:\\\/\\\/www.wallix.com\\\/fr\\\/\",\"name\":\"WALLIX\",\"description\":\"CYBERSECURITY SIMPLIFIED\",\"publisher\":{\"@id\":\"https:\\\/\\\/www.wallix.com\\\/fr\\\/#organization\"},\"potentialAction\":[{\"@type\":\"SearchAction\",\"target\":{\"@type\":\"EntryPoint\",\"urlTemplate\":\"https:\\\/\\\/www.wallix.com\\\/fr\\\/?s={search_term_string}\"},\"query-input\":{\"@type\":\"PropertyValueSpecification\",\"valueRequired\":true,\"valueName\":\"search_term_string\"}}],\"inLanguage\":\"fr-FR\"},{\"@type\":\"Organization\",\"@id\":\"https:\\\/\\\/www.wallix.com\\\/fr\\\/#organization\",\"name\":\"WALLIX\",\"url\":\"https:\\\/\\\/www.wallix.com\\\/fr\\\/\",\"logo\":{\"@type\":\"ImageObject\",\"inLanguage\":\"fr-FR\",\"@id\":\"https:\\\/\\\/www.wallix.com\\\/fr\\\/#\\\/schema\\\/logo\\\/image\\\/\",\"url\":\"https:\\\/\\\/www.wallix.com\\\/wp-content\\\/uploads\\\/2024\\\/03\\\/LOGO_WALLIX_2024_blackorange.png\",\"contentUrl\":\"https:\\\/\\\/www.wallix.com\\\/wp-content\\\/uploads\\\/2024\\\/03\\\/LOGO_WALLIX_2024_blackorange.png\",\"width\":3108,\"height\":827,\"caption\":\"WALLIX\"},\"image\":{\"@id\":\"https:\\\/\\\/www.wallix.com\\\/fr\\\/#\\\/schema\\\/logo\\\/image\\\/\"},\"sameAs\":[\"https:\\\/\\\/x.com\\\/wallixcom\",\"https:\\\/\\\/www.linkedin.com\\\/company\\\/wallix\\\/\",\"https:\\\/\\\/www.youtube.com\\\/wallix\"]},{\"@type\":\"Person\",\"@id\":\"https:\\\/\\\/www.wallix.com\\\/fr\\\/#\\\/schema\\\/person\\\/8b1daa830716a62cdf5631aa0e211abd\",\"name\":\"WALLIX\",\"image\":{\"@type\":\"ImageObject\",\"inLanguage\":\"fr-FR\",\"@id\":\"https:\\\/\\\/secure.gravatar.com\\\/avatar\\\/8bf1123a19c4364709de2f7c8c881ed5f2bb750cac73f782f39aea052e526546?s=96&d=mm&r=g\",\"url\":\"https:\\\/\\\/secure.gravatar.com\\\/avatar\\\/8bf1123a19c4364709de2f7c8c881ed5f2bb750cac73f782f39aea052e526546?s=96&d=mm&r=g\",\"contentUrl\":\"https:\\\/\\\/secure.gravatar.com\\\/avatar\\\/8bf1123a19c4364709de2f7c8c881ed5f2bb750cac73f782f39aea052e526546?s=96&d=mm&r=g\",\"caption\":\"WALLIX\"},\"url\":\"https:\\\/\\\/www.wallix.com\\\/fr\\\/author\\\/alex\\\/\"}]}<\/script>\n<!-- \/ Yoast SEO plugin. -->","yoast_head_json":{"title":"WALLIX renforce son ancrage en Allemagne et rejoint les principaux consortiums de cybers\u00e9curit\u00e9 au service de la souverainet\u00e9 - WALLIX","description":"WALLIX annonce son adh\u00e9sion \u00e0 l\u2019association allemande de la s\u00e9curit\u00e9 informatique TeleTrusT ainsi que sa participation \u00e0 l\u2019Alliance for Cyber Security (ACS), une initiative port\u00e9e par le BSI (l\u2019autorit\u00e9 f\u00e9d\u00e9rale Allemagne en charge de la cybers\u00e9curit\u00e9) et l\u2019association de l\u2019industrie num\u00e9rique allemande Bitkom .","robots":{"index":"index","follow":"follow","max-snippet":"max-snippet:-1","max-image-preview":"max-image-preview:large","max-video-preview":"max-video-preview:-1"},"canonical":"https:\/\/www.wallix.com\/fr\/communique-de-presse\/wallix-renforce-son-ancrage-en-allemagne-et-rejoint-les-principaux-consortiums-de-cybersecurite-au-service-de-la-souverainete\/","og_locale":"fr_FR","og_type":"article","og_title":"WALLIX renforce son ancrage en Allemagne et rejoint les principaux consortiums de cybers\u00e9curit\u00e9 au service de la souverainet\u00e9 - WALLIX","og_description":"WALLIX annonce son adh\u00e9sion \u00e0 l\u2019association allemande de la s\u00e9curit\u00e9 informatique TeleTrusT ainsi que sa participation \u00e0 l\u2019Alliance for Cyber Security (ACS), une initiative port\u00e9e par le BSI (l\u2019autorit\u00e9 f\u00e9d\u00e9rale Allemagne en charge de la cybers\u00e9curit\u00e9) et l\u2019association de l\u2019industrie num\u00e9rique allemande Bitkom .","og_url":"https:\/\/www.wallix.com\/fr\/communique-de-presse\/wallix-renforce-son-ancrage-en-allemagne-et-rejoint-les-principaux-consortiums-de-cybersecurite-au-service-de-la-souverainete\/","og_site_name":"WALLIX","article_published_time":"2026-04-23T09:49:58+00:00","article_modified_time":"2026-04-23T10:18:42+00:00","og_image":[{"width":2560,"height":1097,"url":"https:\/\/www.wallix.com\/wp-content\/uploads\/2022\/12\/AdobeStock_429258682-copie-scaled.jpg","type":"image\/jpeg"}],"author":"WALLIX","twitter_card":"summary_large_image","twitter_creator":"@wallixcom","twitter_site":"@wallixcom","twitter_misc":{"\u00c9crit par":"WALLIX","Dur\u00e9e de lecture estim\u00e9e":"5 minutes"},"schema":{"@context":"https:\/\/schema.org","@graph":[{"@type":"Article","@id":"https:\/\/www.wallix.com\/fr\/communique-de-presse\/wallix-renforce-son-ancrage-en-allemagne-et-rejoint-les-principaux-consortiums-de-cybersecurite-au-service-de-la-souverainete\/#article","isPartOf":{"@id":"https:\/\/www.wallix.com\/fr\/communique-de-presse\/wallix-renforce-son-ancrage-en-allemagne-et-rejoint-les-principaux-consortiums-de-cybersecurite-au-service-de-la-souverainete\/"},"author":{"name":"WALLIX","@id":"https:\/\/www.wallix.com\/fr\/#\/schema\/person\/8b1daa830716a62cdf5631aa0e211abd"},"headline":"WALLIX renforce son ancrage en Allemagne et rejoint les principaux consortiums de cybers\u00e9curit\u00e9 au service de la souverainet\u00e9","datePublished":"2026-04-23T09:49:58+00:00","dateModified":"2026-04-23T10:18:42+00:00","mainEntityOfPage":{"@id":"https:\/\/www.wallix.com\/fr\/communique-de-presse\/wallix-renforce-son-ancrage-en-allemagne-et-rejoint-les-principaux-consortiums-de-cybersecurite-au-service-de-la-souverainete\/"},"wordCount":3360,"publisher":{"@id":"https:\/\/www.wallix.com\/fr\/#organization"},"image":{"@id":"https:\/\/www.wallix.com\/fr\/communique-de-presse\/wallix-renforce-son-ancrage-en-allemagne-et-rejoint-les-principaux-consortiums-de-cybersecurite-au-service-de-la-souverainete\/#primaryimage"},"thumbnailUrl":"https:\/\/www.wallix.com\/wp-content\/uploads\/2022\/12\/AdobeStock_429258682-copie-scaled.jpg","articleSection":["2026","COMMUNIQU\u00c9S DE PRESSE"],"inLanguage":"fr-FR"},{"@type":"WebPage","@id":"https:\/\/www.wallix.com\/fr\/communique-de-presse\/wallix-renforce-son-ancrage-en-allemagne-et-rejoint-les-principaux-consortiums-de-cybersecurite-au-service-de-la-souverainete\/","url":"https:\/\/www.wallix.com\/fr\/communique-de-presse\/wallix-renforce-son-ancrage-en-allemagne-et-rejoint-les-principaux-consortiums-de-cybersecurite-au-service-de-la-souverainete\/","name":"WALLIX renforce son ancrage en Allemagne et rejoint les principaux consortiums de cybers\u00e9curit\u00e9 au service de la souverainet\u00e9 - WALLIX","isPartOf":{"@id":"https:\/\/www.wallix.com\/fr\/#website"},"primaryImageOfPage":{"@id":"https:\/\/www.wallix.com\/fr\/communique-de-presse\/wallix-renforce-son-ancrage-en-allemagne-et-rejoint-les-principaux-consortiums-de-cybersecurite-au-service-de-la-souverainete\/#primaryimage"},"image":{"@id":"https:\/\/www.wallix.com\/fr\/communique-de-presse\/wallix-renforce-son-ancrage-en-allemagne-et-rejoint-les-principaux-consortiums-de-cybersecurite-au-service-de-la-souverainete\/#primaryimage"},"thumbnailUrl":"https:\/\/www.wallix.com\/wp-content\/uploads\/2022\/12\/AdobeStock_429258682-copie-scaled.jpg","datePublished":"2026-04-23T09:49:58+00:00","dateModified":"2026-04-23T10:18:42+00:00","description":"WALLIX annonce son adh\u00e9sion \u00e0 l\u2019association allemande de la s\u00e9curit\u00e9 informatique TeleTrusT ainsi que sa participation \u00e0 l\u2019Alliance for Cyber Security (ACS), une initiative port\u00e9e par le BSI (l\u2019autorit\u00e9 f\u00e9d\u00e9rale Allemagne en charge de la cybers\u00e9curit\u00e9) et l\u2019association de l\u2019industrie num\u00e9rique allemande Bitkom .","inLanguage":"fr-FR","potentialAction":[{"@type":"ReadAction","target":["https:\/\/www.wallix.com\/fr\/communique-de-presse\/wallix-renforce-son-ancrage-en-allemagne-et-rejoint-les-principaux-consortiums-de-cybersecurite-au-service-de-la-souverainete\/"]}]},{"@type":"ImageObject","inLanguage":"fr-FR","@id":"https:\/\/www.wallix.com\/fr\/communique-de-presse\/wallix-renforce-son-ancrage-en-allemagne-et-rejoint-les-principaux-consortiums-de-cybersecurite-au-service-de-la-souverainete\/#primaryimage","url":"https:\/\/www.wallix.com\/wp-content\/uploads\/2022\/12\/AdobeStock_429258682-copie-scaled.jpg","contentUrl":"https:\/\/www.wallix.com\/wp-content\/uploads\/2022\/12\/AdobeStock_429258682-copie-scaled.jpg","width":2560,"height":1097,"caption":"Illustration de la s\u00e9curit\u00e9 num\u00e9rique, soulignant l'importance de la protection des donn\u00e9es sensibles dans un monde connect\u00e9."},{"@type":"WebSite","@id":"https:\/\/www.wallix.com\/fr\/#website","url":"https:\/\/www.wallix.com\/fr\/","name":"WALLIX","description":"CYBERSECURITY SIMPLIFIED","publisher":{"@id":"https:\/\/www.wallix.com\/fr\/#organization"},"potentialAction":[{"@type":"SearchAction","target":{"@type":"EntryPoint","urlTemplate":"https:\/\/www.wallix.com\/fr\/?s={search_term_string}"},"query-input":{"@type":"PropertyValueSpecification","valueRequired":true,"valueName":"search_term_string"}}],"inLanguage":"fr-FR"},{"@type":"Organization","@id":"https:\/\/www.wallix.com\/fr\/#organization","name":"WALLIX","url":"https:\/\/www.wallix.com\/fr\/","logo":{"@type":"ImageObject","inLanguage":"fr-FR","@id":"https:\/\/www.wallix.com\/fr\/#\/schema\/logo\/image\/","url":"https:\/\/www.wallix.com\/wp-content\/uploads\/2024\/03\/LOGO_WALLIX_2024_blackorange.png","contentUrl":"https:\/\/www.wallix.com\/wp-content\/uploads\/2024\/03\/LOGO_WALLIX_2024_blackorange.png","width":3108,"height":827,"caption":"WALLIX"},"image":{"@id":"https:\/\/www.wallix.com\/fr\/#\/schema\/logo\/image\/"},"sameAs":["https:\/\/x.com\/wallixcom","https:\/\/www.linkedin.com\/company\/wallix\/","https:\/\/www.youtube.com\/wallix"]},{"@type":"Person","@id":"https:\/\/www.wallix.com\/fr\/#\/schema\/person\/8b1daa830716a62cdf5631aa0e211abd","name":"WALLIX","image":{"@type":"ImageObject","inLanguage":"fr-FR","@id":"https:\/\/secure.gravatar.com\/avatar\/8bf1123a19c4364709de2f7c8c881ed5f2bb750cac73f782f39aea052e526546?s=96&d=mm&r=g","url":"https:\/\/secure.gravatar.com\/avatar\/8bf1123a19c4364709de2f7c8c881ed5f2bb750cac73f782f39aea052e526546?s=96&d=mm&r=g","contentUrl":"https:\/\/secure.gravatar.com\/avatar\/8bf1123a19c4364709de2f7c8c881ed5f2bb750cac73f782f39aea052e526546?s=96&d=mm&r=g","caption":"WALLIX"},"url":"https:\/\/www.wallix.com\/fr\/author\/alex\/"}]}},"_links":{"self":[{"href":"https:\/\/www.wallix.com\/fr\/wp-json\/wp\/v2\/posts\/88010","targetHints":{"allow":["GET"]}}],"collection":[{"href":"https:\/\/www.wallix.com\/fr\/wp-json\/wp\/v2\/posts"}],"about":[{"href":"https:\/\/www.wallix.com\/fr\/wp-json\/wp\/v2\/types\/post"}],"author":[{"embeddable":true,"href":"https:\/\/www.wallix.com\/fr\/wp-json\/wp\/v2\/users\/3"}],"replies":[{"embeddable":true,"href":"https:\/\/www.wallix.com\/fr\/wp-json\/wp\/v2\/comments?post=88010"}],"version-history":[{"count":3,"href":"https:\/\/www.wallix.com\/fr\/wp-json\/wp\/v2\/posts\/88010\/revisions"}],"predecessor-version":[{"id":88012,"href":"https:\/\/www.wallix.com\/fr\/wp-json\/wp\/v2\/posts\/88010\/revisions\/88012"}],"wp:featuredmedia":[{"embeddable":true,"href":"https:\/\/www.wallix.com\/fr\/wp-json\/wp\/v2\/media\/29335"}],"wp:attachment":[{"href":"https:\/\/www.wallix.com\/fr\/wp-json\/wp\/v2\/media?parent=88010"}],"wp:term":[{"taxonomy":"category","embeddable":true,"href":"https:\/\/www.wallix.com\/fr\/wp-json\/wp\/v2\/categories?post=88010"},{"taxonomy":"post_tag","embeddable":true,"href":"https:\/\/www.wallix.com\/fr\/wp-json\/wp\/v2\/tags?post=88010"}],"curies":[{"name":"wp","href":"https:\/\/api.w.org\/{rel}","templated":true}]}}