{"id":70653,"date":"2025-03-31T13:10:27","date_gmt":"2025-03-31T12:10:27","guid":{"rendered":"https:\/\/www.wallix.com\/growing-threats-to-web-access-in-a-complex-geopolitical-context-wallix-launches-web-session-manager\/"},"modified":"2025-04-02T14:25:08","modified_gmt":"2025-04-02T13:25:08","slug":"menaces-croissantes-sur-les-acces-web-dans-un-contexte-geopolitique-complexe-wallix-lance-web-session-manager","status":"publish","type":"post","link":"https:\/\/www.wallix.com\/fr\/communique-de-presse\/menaces-croissantes-sur-les-acces-web-dans-un-contexte-geopolitique-complexe-wallix-lance-web-session-manager\/","title":{"rendered":"Menaces croissantes sur les acc\u00e8s web dans un contexte g\u00e9opolitique complexe : WALLIX lance PAM Web Session Manager"},"content":{"rendered":"<div id='full_slider_1'  class='avia-fullwidth-slider main_color avia-shadow   avia-builder-el-0  el_before_av_two_third  avia-builder-el-first   container_wrap fullsize'  ><div  class='avia-slideshow av-lxvzfd0b-9a63373dc0a8641c803e2c5f8ff7576e avia-slideshow-featured av_slideshow_full avia-slide-slider av-slideshow-ui av-control-default av-slideshow-manual av-loop-once av-loop-manual-endless av-default-height-applied  image_no_stretch avia-slideshow-1' data-slideshow-options=\"{&quot;animation&quot;:&quot;slide&quot;,&quot;autoplay&quot;:false,&quot;loop_autoplay&quot;:&quot;once&quot;,&quot;interval&quot;:5,&quot;loop_manual&quot;:&quot;manual-endless&quot;,&quot;autoplay_stopper&quot;:false,&quot;noNavigation&quot;:false,&quot;bg_slider&quot;:false,&quot;keep_padding&quot;:false,&quot;hoverpause&quot;:false,&quot;show_slide_delay&quot;:0}\"  itemprop=\"image\" itemscope=\"itemscope\" itemtype=\"https:\/\/schema.org\/ImageObject\" ><ul class='avia-slideshow-inner ' style='padding-bottom: 28.666666666667%;'><li  class='avia-slideshow-slide av-lxvzfd0b-9a63373dc0a8641c803e2c5f8ff7576e__0  av-single-slide slide-1 slide-odd'><div data-rel='slideshow-1' class='avia-slide-wrap '   ><div class='av-slideshow-caption av-lxvzfd0b-9a63373dc0a8641c803e2c5f8ff7576e__0 caption_fullwidth caption_bottom caption_bottom_framed caption_framed'><div class=\"container caption_container\"><div class=\"slideshow_caption\"><div class=\"slideshow_inner_caption\"><div class=\"slideshow_align_caption\"><h2 class='avia-caption-title '  itemprop=\"name\" >Menaces croissantes sur les acc\u00e8s web dans un contexte g\u00e9opolitique complexe : WALLIX lance PAM Web Session Manager<\/h2><\/div><\/div><\/div><\/div><\/div><img decoding=\"async\" fetchpriority=\"high\" class=\"wp-image-29335 avia-img-lazy-loading-not-29335\"  src=\"https:\/\/www.wallix.com\/wp-content\/uploads\/2022\/12\/AdobeStock_429258682-copie-1500x430.jpg\" width=\"1500\" height=\"430\" title='Ligne d&#039;onde abstraite 035' alt='Illustration de la s\u00e9curit\u00e9 num\u00e9rique, soulignant l&#039;importance de la protection des donn\u00e9es sensibles dans un monde connect\u00e9.'  itemprop=\"thumbnailUrl\"   \/><div class='av-section-color-overlay' style='opacity: 1; background-image: url(https:\/\/www.wallix.com\/wp-content\/uploads\/2022\/12\/AdobeStock_429258682-copie-1500x630.jpg); background-repeat: repeat;'><\/div><\/div><\/li><\/ul><\/div><\/div><div id='after_full_slider_1'  class='main_color av_default_container_wrap container_wrap fullsize'  ><div class='container av-section-cont-open' ><div class='template-page content  av-content-full alpha units'><div class='post-entry post-entry-type-page post-entry-70653'><div class='entry-content-wrapper clearfix'>\n<div  class='flex_column av-30sisdt-ce9452e9bfed6ed782011b09a852dd07 av_two_third  avia-builder-el-1  el_after_av_slideshow_full  el_before_av_one_third  avia-builder-el-first  first flex_column_div  '     ><style type=\"text\/css\" data-created_by=\"avia_inline_auto\" id=\"style-css-av-lqw7frew-b01ad6ea78e11a891763471f10299e7c\">\n#top .av_textblock_section.av-lqw7frew-b01ad6ea78e11a891763471f10299e7c .avia_textblock{\nfont-size:14px;\n}\n<\/style>\n<section  class='av_textblock_section av-lqw7frew-b01ad6ea78e11a891763471f10299e7c '   itemscope=\"itemscope\" itemtype=\"https:\/\/schema.org\/BlogPosting\" itemprop=\"blogPost\" ><div class='avia_textblock'  itemprop=\"text\" ><p style=\"text-align: justify;\"><strong>Paris, le 31 mars 2025 &#8211; WALLIX (Euronext ALLIX),<\/strong> \u00e9diteur europ\u00e9en d\u2019Identity &amp; Access Management (IAM) et leader reconnu de la gestion des acc\u00e8s \u00e0 privil\u00e8ges (PAM), propose des solutions simples et s\u00e9curis\u00e9es pour \u00e9voluer librement dans les environnements num\u00e9riques et industriels. WALLIX annonce le lancement de <strong>Web Session Manager<\/strong>, un nouveau module int\u00e9gr\u00e9 nativement \u00e0 sa plateforme unifi\u00e9e de gestion des identit\u00e9s et des acc\u00e8s, <strong>WALLIX PAM.<\/strong> Cette innovation r\u00e9pond \u00e0 un enjeu strat\u00e9gique pour les directeurs de syst\u00e8mes d\u2019information (DSI)\u00a0: renforcer facilement et \u00e0 moindre co\u00fbt la protection des acc\u00e8s aux applications web, \u00e0 l\u2019origine de 38 % des incidents d\u2019intrusion<a href=\"#_ftn1\" name=\"_ftnref1\">[1]<\/a>. Ces applications web utilis\u00e9es par des collaborateurs, des clients ou des prestataires servent de passerelles pour des cyber attaques, il est essentiel d\u2019en contr\u00f4ler les acc\u00e8s de mani\u00e8re granulaire, afin de limiter les risques de compromission et de s\u00e9curiser l\u2019ensemble des syst\u00e8mes d\u2019information. Le <strong>Web<\/strong> <strong>Session Manager<\/strong> permet aux entreprises de proposer une exp\u00e9rience utilisateur fluide, tout en assurant un niveau de s\u00e9curit\u00e9 conforme aux exigences r\u00e9glementaires num\u00e9riques et une gestion des politiques de s\u00e9curit\u00e9 plus \u00e9conomique.<\/p>\n<h2 style=\"text-align: left;\"><\/h2>\n<h2 style=\"text-align: left;\">R\u00e9duire les surfaces d\u2019attaques et renforcer sa strat\u00e9gie Z\u00e9ro-Trust<\/h2>\n<p style=\"text-align: justify;\">WALLIX s\u00e9curisait d\u00e9j\u00e0 les acc\u00e8s web via des int\u00e9grations tierces. D\u00e9sormais <strong>Web Session Manager <\/strong>int\u00e8gre nativement ce contr\u00f4le au sein de<strong> WALLIX PAM<\/strong>, et par une approche simple de type \u00ab\u00a0click &amp; use\u00a0\u00bb permet aux organisations d\u2019appliquer rapidement les m\u00eames m\u00e9canismes de s\u00e9curisation et supervision des sessions utilisateurs sur les acc\u00e8s web : \u00a0v\u00e9rification des autorisations, contr\u00f4le du moindre privil\u00e8ge et isolement des sessions. Chaque session web est ex\u00e9cut\u00e9e dans un environnement temporaire, supprim\u00e9 \u00e0 sa fermeture, emp\u00eachant toute persistance d\u2019\u00e9l\u00e9ments malveillants. <strong>Web Session Manager<\/strong> s\u2019inscrit pleinement dans une strat\u00e9gie <strong>Z\u00e9ro-Trust<\/strong> propos\u00e9e par la suite logicielle de<strong> WALLLIX<\/strong>, o\u00f9 chaque acc\u00e8s est analys\u00e9 selon le contexte, l\u2019identit\u00e9 de l\u2019utilisateur \u2014 qu\u2019il soit humain ou machine \u2014 et son niveau de risque.<\/p>\n<h2 style=\"text-align: left;\"><\/h2>\n<h2 style=\"text-align: left;\">Gagner en autonomie et optimiser les co\u00fbts op\u00e9rationnels<\/h2>\n<p style=\"text-align: justify;\">Pens\u00e9 pour s\u2019int\u00e9grer naturellement aux usages m\u00e9tiers, <strong>Web Session Manager<\/strong> permet aux utilisateurs d\u2019acc\u00e9der aux applications web directement via leur navigateur, sans logiciel suppl\u00e9mentaire et sans impact sur leurs habitudes de travail. \u00a0L\u2019administration des acc\u00e8s se fait directement dans la console<strong> WALLIX<\/strong>, avec des droits ajustables par profil et par application, facilitant l\u2019alignement entre exigences m\u00e9tiers (finance, marketing, etc.) et r\u00e8gles de s\u00e9curit\u00e9. Les \u00e9quipes IT b\u00e9n\u00e9ficient d\u2019une gestion centralis\u00e9e et simplifi\u00e9e, sans d\u00e9pendance \u00e0 des infrastructures complexes, sans n\u00e9cessit\u00e9 d\u2019une expertise technique suppl\u00e9mentaire, tout en simplifiant leurs processus de maintenance. <strong>Julien Cassignol, CPTO de WALLIX<\/strong>, d\u00e9clare : \u00ab <em>Aujourd\u2019hui, les DSI doivent composer avec une surface d\u2019exposition \u00e9largie et une multiplication des points d\u2019acc\u00e8s. Web Session Manager leur permet de reprendre la main sur les acc\u00e8s web, sans complexit\u00e9 technique ni rupture dans les usages m\u00e9tier.\u00a0\u00bb <\/em>En consolidant <strong>Web Session Manager<\/strong> au sein d\u2019une m\u00eame plateforme, <strong>WALLIX <\/strong>permet surtout d\u2019\u00e9liminer le recours \u00e0 des solutions tierces, s\u2019affranchit des licences co\u00fbteuses de Windows RDS, et donne au DSI un moyen suppl\u00e9mentaire de ma\u00eetriser leur co\u00fbt total de possession (TCO).\u00a0 <strong>Julien Cassignol <\/strong>de compl\u00e9ter \u00ab\u00a0<em>Au-del\u00e0 de la s\u00e9curit\u00e9, Web Session Manager est une r\u00e9ponse concr\u00e8te aux besoins de performance \u00e9conomique exprim\u00e9s par nos clients<\/em><em>.\u00a0\u00bb<\/em><\/p>\n<p style=\"text-align: justify;\">Pour plus d\u2019information\u00a0: <a href=\"https:\/\/www.wallix.com\/products\/privileged-access-management\/\">https:\/\/www.wallix.com\/products\/privileged-access-management\/<\/a> ou venez nous rejoindre sur le <strong>stand A4-34 au salon InCyber Forum Europe<\/strong> \u00e0 Lille du 1er au 3 Avril 2025.<\/p>\n<h2 style=\"text-align: left;\"><strong>\u00c0 propos de WALLIX<\/strong><\/h2>\n<p style=\"text-align: justify;\">WALLIX est un \u00e9diteur europ\u00e9en de logiciels de cybers\u00e9curit\u00e9 qui offre aux entreprises des solutions de s\u00e9curit\u00e9 des identit\u00e9s et des acc\u00e8s robustes, garantissant des interactions num\u00e9riques fluides et s\u00e9curis\u00e9es. Les technologies innovantes de WALLIX en mati\u00e8re de gestion des acc\u00e8s \u00e0 privil\u00e8ges, d&rsquo;acc\u00e8s des collaborateurs et d&rsquo;acc\u00e8s \u00e0 la gouvernance prot\u00e8gent les actifs critiques, rationalisent la conformit\u00e9 et am\u00e9liorent l&rsquo;efficacit\u00e9 op\u00e9rationnelle. Engag\u00e9 \u00e0 fournir des solutions d&rsquo;identit\u00e9 et d&rsquo;acc\u00e8s simples et s\u00e9curis\u00e9es, WALLIX a pour mission de permettre des op\u00e9rations s\u00e9curis\u00e9es dans les environnements num\u00e9riques (IT) et industriels (OT).<\/p>\n<p style=\"text-align: left;\"><a href=\"https:\/\/www.wallix.com\/\"><strong>www.wallix.com<\/strong><\/a><strong> | <\/strong><a href=\"mailto:info@wallix.com\"><strong>info@wallix.com<\/strong><\/a><\/p>\n<p style=\"text-align: left;\"><a href=\"#_ftnref1\" name=\"_ftn1\">[1]<\/a> Source\u00a0: Verizon 2024<\/p>\n<\/div><\/section><br \/>\n<div  class='avia-button-wrap av-m0l25tv1-6b934d3ed5fe86a64ae2c41be466d1f1-wrap avia-button-left  avia-builder-el-3  el_after_av_textblock  el_before_av_hr '><a href='https:\/\/www.wallix.com\/wp-content\/uploads\/2025\/03\/31032025_WEB_SESSION_MANAGER_FR.pdf'  class='avia-button av-m0l25tv1-6b934d3ed5fe86a64ae2c41be466d1f1 av-link-btn avia-icon_select-no avia-size-large avia-position-left avia-color-theme-color'  target=\"_blank\"  rel=\"noopener noreferrer\"  aria-label=\"T\u00c9L\u00c9CHARGEZ LE COMMUNIQU\u00c9\"><span class='avia_iconbox_title' >T\u00c9L\u00c9CHARGEZ LE COMMUNIQU\u00c9<\/span><\/a><\/div><br \/>\n<div  class='hr av-mmxbdr-764af79f53c0b4fc41795e2332c156b9 hr-default  avia-builder-el-4  el_after_av_button  el_before_av_textblock '><span class='hr-inner '><span class=\"hr-inner-style\"><\/span><\/span><\/div><br \/>\n<section  class='av_textblock_section av-m0l2a0lf-7422e35c6be2917ba56c7f62ae708867 '   itemscope=\"itemscope\" itemtype=\"https:\/\/schema.org\/BlogPosting\" itemprop=\"blogPost\" ><div class='avia_textblock'  itemprop=\"text\" ><table>\n<tbody>\n<tr>\n<td width=\"321\"><strong>CONTACTS COMMUNICATION FINANCI\u00c8RE <\/strong><\/p>\n<p><strong>ACTUS Finance &amp; Communication<\/strong><\/p>\n<p>Relations Investisseurs &#8211; H\u00e9l\u00e8ne de Watteville<br \/>\n+33 (0)1 53 67 36 33 \/ <a href=\"mailto:wallix@actus.fr\"><strong>WALLIX@actus.fr<\/strong><\/a><\/p>\n<p>Relations Presse \u2013 D\u00e9borah Schwartz+33 (0)6 27 09 05 73 \/ <a href=\"mailto:dschwartz@actus.fr\"><strong>dschwartz@actus.fr<\/strong><\/a><\/td>\n<td width=\"321\"><\/td>\n<\/tr>\n<\/tbody>\n<\/table>\n<div><\/div>\n<div><\/div>\n<\/div><\/section><\/p><\/div>\n<div  class='flex_column av-2lq2r4h-875fbaf7463c367174ec2807681c88f6 av_one_third  avia-builder-el-6  el_after_av_two_third  avia-builder-el-last  flex_column_div  '     ><p><div  class='av-social-sharing-box av-lqw7azv3-d3b5cc08bafa04d2e41094facc20faa6 av-social-sharing-box-default  avia-builder-el-7  el_before_av_hr  avia-builder-el-first  av-social-sharing-box-fullwidth'><div class=\"av-share-box\"><h5 class='av-share-link-description av-no-toc '>Partager<\/h5><ul class=\"av-share-box-list noLightbox\"><li class='av-share-link av-social-link-twitter avia_social_iconfont' ><a target=\"_blank\" aria-label=\"Partager sur X\" href='https:\/\/twitter.com\/share?text=Menaces%20croissantes%20sur%20les%20acc%C3%A8s%20web%20dans%20un%20contexte%20g%C3%A9opolitique%20complexe%20%3A%20WALLIX%20lance%20PAM%20Web%20Session%20Manager&#038;url=https:\/\/www.wallix.com\/fr\/?p=70653' data-av_icon='\ue932' data-av_iconfont='entypo-fontello'  title='' data-avia-related-tooltip='Partager sur X'><span class='avia_hidden_link_text'>Partager sur X<\/span><\/a><\/li><li class='av-share-link av-social-link-linkedin avia_social_iconfont' ><a target=\"_blank\" aria-label=\"Partager sur LinkedIn\" href='https:\/\/linkedin.com\/shareArticle?mini=true&#038;title=Menaces%20croissantes%20sur%20les%20acc%C3%A8s%20web%20dans%20un%20contexte%20g%C3%A9opolitique%20complexe%20%3A%20WALLIX%20lance%20PAM%20Web%20Session%20Manager&#038;url=https:\/\/www.wallix.com\/fr\/communique-de-presse\/menaces-croissantes-sur-les-acces-web-dans-un-contexte-geopolitique-complexe-wallix-lance-web-session-manager\/' data-av_icon='\ue8fc' data-av_iconfont='entypo-fontello'  title='' data-avia-related-tooltip='Partager sur LinkedIn'><span class='avia_hidden_link_text'>Partager sur LinkedIn<\/span><\/a><\/li><li class='av-share-link av-social-link-mail avia_social_iconfont' ><a  aria-label=\"Partager par Mail\" href='mailto:?subject=Menaces%20croissantes%20sur%20les%20acc%C3%A8s%20web%20dans%20un%20contexte%20g%C3%A9opolitique%20complexe%20%3A%20WALLIX%20lance%20PAM%20Web%20Session%20Manager&#038;body=https:\/\/www.wallix.com\/fr\/communique-de-presse\/menaces-croissantes-sur-les-acces-web-dans-un-contexte-geopolitique-complexe-wallix-lance-web-session-manager\/' data-av_icon='\ue805' data-av_iconfont='entypo-fontello'  title='' data-avia-related-tooltip='Partager par Mail'><span class='avia_hidden_link_text'>Partager par Mail<\/span><\/a><\/li><\/ul><\/div><\/div><br \/>\n\n<style type=\"text\/css\" data-created_by=\"avia_inline_auto\" id=\"style-css-av-21stunl-52945c30b4e469db256b808148304d8a\">\n#top .hr.hr-invisible.av-21stunl-52945c30b4e469db256b808148304d8a{\nheight:10px;\n}\n<\/style>\n<div  class='hr av-21stunl-52945c30b4e469db256b808148304d8a hr-invisible  avia-builder-el-8  el_after_av_social_share  el_before_av_heading '><span class='hr-inner '><span class=\"hr-inner-style\"><\/span><\/span><\/div><br \/>\n\n<style type=\"text\/css\" data-created_by=\"avia_inline_auto\" id=\"style-css-av-lqw7b9kx-025d89a8e161c612084728efd8577ef3\">\n#top .av-special-heading.av-lqw7b9kx-025d89a8e161c612084728efd8577ef3{\npadding-bottom:10px;\n}\nbody .av-special-heading.av-lqw7b9kx-025d89a8e161c612084728efd8577ef3 .av-special-heading-tag .heading-char{\nfont-size:25px;\n}\n.av-special-heading.av-lqw7b9kx-025d89a8e161c612084728efd8577ef3 .av-subheading{\nfont-size:15px;\n}\n<\/style>\n<div  class='av-special-heading av-lqw7b9kx-025d89a8e161c612084728efd8577ef3 av-special-heading-h3 blockquote modern-quote  avia-builder-el-9  el_after_av_hr  el_before_av_hr '><h3 class='av-special-heading-tag '  itemprop=\"headline\"  >COMMUNIQU\u00c9S DE PRESSE<\/h3><div class='av-subheading av-subheading_below'><p>2025<\/p>\n<\/div><div class=\"special-heading-border\"><div class=\"special-heading-inner-border\"><\/div><\/div><\/div><br \/>\n\n<style type=\"text\/css\" data-created_by=\"avia_inline_auto\" id=\"style-css-av-1ki0aq9-0bf20f835d0bbab1fe1e509edbd75b88\">\n#top .hr.hr-invisible.av-1ki0aq9-0bf20f835d0bbab1fe1e509edbd75b88{\nheight:10px;\n}\n<\/style>\n<div  class='hr av-1ki0aq9-0bf20f835d0bbab1fe1e509edbd75b88 hr-invisible  avia-builder-el-10  el_after_av_heading  el_before_av_magazine '><span class='hr-inner '><span class=\"hr-inner-style\"><\/span><\/span><\/div><br \/>\n<div  id=\"avia-magazine-1\"  class='av-magazine av-lqw7cw11-931e08367f1cc5ba0d27b77398df3b27  avia-builder-el-11  el_after_av_hr  el_before_av_heading   avia-builder-el-11  el_after_av_hr  el_before_av_heading ' ><div class='av-magazine-group sort_all'><article class='av-magazine-entry av-magazine-entry-id-81222 av-magazine-format-standard av-magazine-type-post av-magazine-entry-1 av-magazine-entry-small av-magazine-no-thumb'  itemscope=\"itemscope\" itemtype=\"https:\/\/schema.org\/BlogPosting\" itemprop=\"blogPost\" ><div class=\"av-magazine-content-wrap\"><header class=\"entry-content-header\" aria-label=\"Articles : WALLIX acc\u00e9l\u00e8re sa strat\u00e9gie IA avec l\u2019acquisition de la startup fran\u00e7aise Malizen\"><time class='av-magazine-time updated'  itemprop=\"datePublished\" datetime=\"2025-11-25T11:47:34+01:00\" >25 Novembre 2025<\/time><h3 class='av-magazine-title entry-title '  itemprop=\"headline\" ><a href='https:\/\/www.wallix.com\/fr\/communique-de-presse\/wallix-accelere-sa-strategie-ia-avec-lacquisition-de-la-startup-francaise-malizen\/' title='Lier vers : WALLIX acc\u00e9l\u00e8re sa strat\u00e9gie IA avec l\u2019acquisition de la startup fran\u00e7aise Malizen'>WALLIX acc\u00e9l\u00e8re sa strat\u00e9gie IA avec l\u2019acquisition de la startup fran\u00e7aise Malizen<\/a><\/h3><\/header><\/div><footer class=\"entry-footer\"><\/footer><\/article><article class='av-magazine-entry av-magazine-entry-id-79054 av-magazine-format-standard av-magazine-type-post av-magazine-entry-2 av-magazine-entry-small av-magazine-no-thumb'  itemscope=\"itemscope\" itemtype=\"https:\/\/schema.org\/BlogPosting\" itemprop=\"blogPost\" ><div class=\"av-magazine-content-wrap\"><header class=\"entry-content-header\" aria-label=\"Articles : WALLIX reconnu \u00ab Visionnaire \u00bb pour la troisi\u00e8me ann\u00e9e cons\u00e9cutive dans le Magic Quadrant\u2122 2025 de Gartner\u00ae pour les solutions de PAM\"><time class='av-magazine-time updated'  itemprop=\"datePublished\" datetime=\"2025-10-13T16:24:21+01:00\" >13 Octobre 2025<\/time><h3 class='av-magazine-title entry-title '  itemprop=\"headline\" ><a href='https:\/\/www.wallix.com\/fr\/communique-de-presse\/wallix-reconnu-visionnaire-pour-la-troisieme-annee-consecutive-dans-le-magic-quadrant-2025-de-gartner-pour-les-solutions-de-pam\/' title='Lier vers : WALLIX reconnu \u00ab Visionnaire \u00bb pour la troisi\u00e8me ann\u00e9e cons\u00e9cutive dans le Magic Quadrant\u2122 2025 de Gartner\u00ae pour les solutions de PAM'>WALLIX reconnu \u00ab Visionnaire \u00bb pour la troisi\u00e8me ann\u00e9e cons\u00e9cutive dans le Magic Quadrant\u2122 2025 de Gartner\u00ae pour les solutions de PAM<\/a><\/h3><\/header><\/div><footer class=\"entry-footer\"><\/footer><\/article><article class='av-magazine-entry av-magazine-entry-id-78810 av-magazine-format-standard av-magazine-type-post av-magazine-entry-3 av-magazine-entry-small av-magazine-no-thumb'  itemscope=\"itemscope\" itemtype=\"https:\/\/schema.org\/BlogPosting\" itemprop=\"blogPost\" ><div class=\"av-magazine-content-wrap\"><header class=\"entry-content-header\" aria-label=\"Articles : WALLIX obtient la double certification de s\u00e9curit\u00e9 en Allemagne et en France, et renforce son r\u00f4le de partenaire strat\u00e9gique de la cybers\u00e9curit\u00e9\"><time class='av-magazine-time updated'  itemprop=\"datePublished\" datetime=\"2025-10-07T13:17:56+01:00\" >7 Octobre 2025<\/time><h3 class='av-magazine-title entry-title '  itemprop=\"headline\" ><a href='https:\/\/www.wallix.com\/fr\/communique-de-presse\/wallix-obtient-la-double-certification-de-securite-en-allemagne-et-en-france-et-renforce-son-role-de-partenaire-strategique-de-la-cybersecurite\/' title='Lier vers : WALLIX obtient la double certification de s\u00e9curit\u00e9 en Allemagne et en France, et renforce son r\u00f4le de partenaire strat\u00e9gique de la cybers\u00e9curit\u00e9'>WALLIX obtient la double certification de s\u00e9curit\u00e9 en Allemagne et en France, et renforce son r\u00f4le de partenaire strat\u00e9gique de la cybers\u00e9curit\u00e9<\/a><\/h3><\/header><\/div><footer class=\"entry-footer\"><\/footer><\/article><article class='av-magazine-entry av-magazine-entry-id-78079 av-magazine-format-standard av-magazine-type-post av-magazine-entry-4 av-magazine-entry-small av-magazine-no-thumb'  itemscope=\"itemscope\" itemtype=\"https:\/\/schema.org\/BlogPosting\" itemprop=\"blogPost\" ><div class=\"av-magazine-content-wrap\"><header class=\"entry-content-header\" aria-label=\"Articles : Lancement d\u2019une nouvelle offre pour renforcer la cybers\u00e9curit\u00e9 des PMEs et ETIs\"><time class='av-magazine-time updated'  itemprop=\"datePublished\" datetime=\"2025-09-15T14:20:42+01:00\" >15 Septembre 2025<\/time><h3 class='av-magazine-title entry-title '  itemprop=\"headline\" ><a href='https:\/\/www.wallix.com\/fr\/communique-de-presse\/lancement-dune-nouvelle-offre-pour-renforcer-la-cybersecurite-des-pmes-et-etis\/' title='Lier vers : Lancement d\u2019une nouvelle offre pour renforcer la cybers\u00e9curit\u00e9 des PMEs et ETIs'>Lancement d\u2019une nouvelle offre pour renforcer la cybers\u00e9curit\u00e9 des PMEs et ETIs<\/a><\/h3><\/header><\/div><footer class=\"entry-footer\"><\/footer><\/article><article class='av-magazine-entry av-magazine-entry-id-75273 av-magazine-format-standard av-magazine-type-post av-magazine-entry-5 av-magazine-entry-small av-magazine-no-thumb'  itemscope=\"itemscope\" itemtype=\"https:\/\/schema.org\/BlogPosting\" itemprop=\"blogPost\" ><div class=\"av-magazine-content-wrap\"><header class=\"entry-content-header\" aria-label=\"Articles : WALLIX obtient le label Happy@Work pour la sixi\u00e8me ann\u00e9e cons\u00e9cutive\"><time class='av-magazine-time updated'  itemprop=\"datePublished\" datetime=\"2025-07-22T15:36:36+01:00\" >22 Juillet 2025<\/time><h3 class='av-magazine-title entry-title '  itemprop=\"headline\" ><a href='https:\/\/www.wallix.com\/fr\/communique-de-presse\/wallix-obtient-le-label-happywork-pour-la-sixieme-annee-consecutivel-for-the-sixth-consecutive-year\/' title='Lier vers : WALLIX obtient le label Happy@Work pour la sixi\u00e8me ann\u00e9e cons\u00e9cutive'>WALLIX obtient le label Happy@Work pour la sixi\u00e8me ann\u00e9e cons\u00e9cutive<\/a><\/h3><\/header><\/div><footer class=\"entry-footer\"><\/footer><\/article><\/div><\/div><br \/>\n\n<style type=\"text\/css\" data-created_by=\"avia_inline_auto\" id=\"style-css-av-1tztkhg-ced43887c21a2165af14c64842be35ed\">\n#top .av-special-heading.av-1tztkhg-ced43887c21a2165af14c64842be35ed{\npadding-bottom:10px;\n}\nbody .av-special-heading.av-1tztkhg-ced43887c21a2165af14c64842be35ed .av-special-heading-tag .heading-char{\nfont-size:25px;\n}\n.av-special-heading.av-1tztkhg-ced43887c21a2165af14c64842be35ed .av-subheading{\nfont-size:15px;\n}\n<\/style>\n<div  class='av-special-heading av-1tztkhg-ced43887c21a2165af14c64842be35ed av-special-heading-h3 blockquote modern-quote  avia-builder-el-12  el_after_av_magazine  el_before_av_hr '><h3 class='av-special-heading-tag '  itemprop=\"headline\"  >COMMUNIQU\u00c9S DE PRESSE<\/h3><div class='av-subheading av-subheading_below'><p>2024<\/p>\n<\/div><div class=\"special-heading-border\"><div class=\"special-heading-inner-border\"><\/div><\/div><\/div><br \/>\n\n<style type=\"text\/css\" data-created_by=\"avia_inline_auto\" id=\"style-css-av-10qubzo-21fbd5edd5ec18b21702adddb06b9f23\">\n#top .hr.hr-invisible.av-10qubzo-21fbd5edd5ec18b21702adddb06b9f23{\nheight:10px;\n}\n<\/style>\n<div  class='hr av-10qubzo-21fbd5edd5ec18b21702adddb06b9f23 hr-invisible  avia-builder-el-13  el_after_av_heading  el_before_av_magazine '><span class='hr-inner '><span class=\"hr-inner-style\"><\/span><\/span><\/div><br \/>\n<div  id=\"avia-magazine-2\"  class='av-magazine av-i72jw4-7d0c1e151e63ffcb371569436e0fb7cc  avia-builder-el-14  el_after_av_hr  el_before_av_heading   avia-builder-el-14  el_after_av_hr  el_before_av_heading ' ><div class='av-magazine-group sort_all'><article class='av-magazine-entry av-magazine-entry-id-64896 av-magazine-format-standard av-magazine-type-post av-magazine-entry-1 av-magazine-entry-small av-magazine-no-thumb'  itemscope=\"itemscope\" itemtype=\"https:\/\/schema.org\/BlogPosting\" itemprop=\"blogPost\" ><div class=\"av-magazine-content-wrap\"><header class=\"entry-content-header\" aria-label=\"Articles : WALLIX One Enterprise Vault, le gestionnaire de mots de passe personnel s\u00e9curis\u00e9 qui renforce la productivit\u00e9 et la conformit\u00e9 des entreprises\"><time class='av-magazine-time updated'  itemprop=\"datePublished\" datetime=\"2024-10-28T13:51:15+01:00\" >28 Octobre 2024<\/time><h3 class='av-magazine-title entry-title '  itemprop=\"headline\" ><a href='https:\/\/www.wallix.com\/fr\/communique-de-presse\/2024-fr\/wallix-one-enterprise-vault-le-gestionnaire-de-mots-de-passe-personnel-securise-qui-stimule-la-productivite-et-la-conformite-des-entreprises\/' title='Lier vers : WALLIX One Enterprise Vault, le gestionnaire de mots de passe personnel s\u00e9curis\u00e9 qui renforce la productivit\u00e9 et la conformit\u00e9 des entreprises'>WALLIX One Enterprise Vault, le gestionnaire de mots de passe personnel s\u00e9curis\u00e9 qui renforce la productivit\u00e9 et la conformit\u00e9 des entreprises<\/a><\/h3><\/header><\/div><footer class=\"entry-footer\"><\/footer><\/article><article class='av-magazine-entry av-magazine-entry-id-64069 av-magazine-format-standard av-magazine-type-post av-magazine-entry-2 av-magazine-entry-small av-magazine-no-thumb'  itemscope=\"itemscope\" itemtype=\"https:\/\/schema.org\/BlogPosting\" itemprop=\"blogPost\" ><div class=\"av-magazine-content-wrap\"><header class=\"entry-content-header\" aria-label=\"Articles : WALLIX parmi les leaders mondiaux du PAM avec une mention sp\u00e9ciale pour s\u00e9curiser les environnements industriels\"><time class='av-magazine-time updated'  itemprop=\"datePublished\" datetime=\"2024-10-07T16:13:03+01:00\" >7 Octobre 2024<\/time><h3 class='av-magazine-title entry-title '  itemprop=\"headline\" ><a href='https:\/\/www.wallix.com\/fr\/communique-de-presse\/2024-fr\/wallix-parmi-les-leaders-mondiaux-du-pam-avec-une-mention-speciale-pour-securiser-les-environnements-industriels\/' title='Lier vers : WALLIX parmi les leaders mondiaux du PAM avec une mention sp\u00e9ciale pour s\u00e9curiser les environnements industriels'>WALLIX parmi les leaders mondiaux du PAM avec une mention sp\u00e9ciale pour s\u00e9curiser les environnements industriels<\/a><\/h3><\/header><\/div><footer class=\"entry-footer\"><\/footer><\/article><article class='av-magazine-entry av-magazine-entry-id-61841 av-magazine-format-standard av-magazine-type-post av-magazine-entry-3 av-magazine-entry-small av-magazine-no-thumb'  itemscope=\"itemscope\" itemtype=\"https:\/\/schema.org\/BlogPosting\" itemprop=\"blogPost\" ><div class=\"av-magazine-content-wrap\"><header class=\"entry-content-header\" aria-label=\"Articles : WALLIX &amp; Telenor annoncent un partenariat strat\u00e9gique pour renforcer la s\u00e9curit\u00e9 des acc\u00e8s \u00e0 distance dans l&#039;industrie\"><time class='av-magazine-time updated'  itemprop=\"datePublished\" datetime=\"2024-09-02T14:51:19+01:00\" >2 Septembre 2024<\/time><h3 class='av-magazine-title entry-title '  itemprop=\"headline\" ><a href='https:\/\/www.wallix.com\/fr\/communique-de-presse\/2024-fr\/wallix-telenor-annoncent-un-partenariat-strategique-pour-renforcer-la-securite-des-acces-a-distance-dans-lindustrie\/' title='Lier vers : WALLIX &#038; Telenor annoncent un partenariat strat\u00e9gique pour renforcer la s\u00e9curit\u00e9 des acc\u00e8s \u00e0 distance dans l&rsquo;industrie'>WALLIX &#038; Telenor annoncent un partenariat strat\u00e9gique pour renforcer la s\u00e9curit\u00e9 des acc\u00e8s \u00e0 distance dans l&rsquo;industrie<\/a><\/h3><\/header><\/div><footer class=\"entry-footer\"><\/footer><\/article><article class='av-magazine-entry av-magazine-entry-id-59823 av-magazine-format-standard av-magazine-type-post av-magazine-entry-4 av-magazine-entry-small av-magazine-no-thumb'  itemscope=\"itemscope\" itemtype=\"https:\/\/schema.org\/BlogPosting\" itemprop=\"blogPost\" ><div class=\"av-magazine-content-wrap\"><header class=\"entry-content-header\" aria-label=\"Articles : WALLIX renforce son partenariat avec CISCO pour cyber s\u00e9curiser les r\u00e9seaux industriels\"><time class='av-magazine-time updated'  itemprop=\"datePublished\" datetime=\"2024-06-26T10:31:58+01:00\" >26 Juin 2024<\/time><h3 class='av-magazine-title entry-title '  itemprop=\"headline\" ><a href='https:\/\/www.wallix.com\/fr\/communique-de-presse\/2024-fr\/wallix-renforce-son-partenariat-avec-cisco-pour-cyber-securiser-les-reseaux-industriels\/' title='Lier vers : WALLIX renforce son partenariat avec CISCO pour cyber s\u00e9curiser les r\u00e9seaux industriels'>WALLIX renforce son partenariat avec CISCO pour cyber s\u00e9curiser les r\u00e9seaux industriels<\/a><\/h3><\/header><\/div><footer class=\"entry-footer\"><\/footer><\/article><article class='av-magazine-entry av-magazine-entry-id-57290 av-magazine-format-standard av-magazine-type-post av-magazine-entry-5 av-magazine-entry-small av-magazine-no-thumb'  itemscope=\"itemscope\" itemtype=\"https:\/\/schema.org\/BlogPosting\" itemprop=\"blogPost\" ><div class=\"av-magazine-content-wrap\"><header class=\"entry-content-header\" aria-label=\"Articles : WALLIX poursuit son d\u00e9veloppement au Royaume-Uni en partenariat avec Prianto\"><time class='av-magazine-time updated'  itemprop=\"datePublished\" datetime=\"2024-04-23T11:11:46+01:00\" >23 Avril 2024<\/time><h3 class='av-magazine-title entry-title '  itemprop=\"headline\" ><a href='https:\/\/www.wallix.com\/fr\/communique-de-presse\/wallix-poursuit-son-developpement-au-royaume-uni-en-partenariat-avec-prianto\/' title='Lier vers : WALLIX poursuit son d\u00e9veloppement au Royaume-Uni en partenariat avec Prianto'>WALLIX poursuit son d\u00e9veloppement au Royaume-Uni en partenariat avec Prianto<\/a><\/h3><\/header><\/div><footer class=\"entry-footer\"><\/footer><\/article><\/div><\/div><br \/>\n\n<style type=\"text\/css\" data-created_by=\"avia_inline_auto\" id=\"style-css-av-lqw7bdqm-2316817a257f5edae2ab8db489200894\">\n#top .av-special-heading.av-lqw7bdqm-2316817a257f5edae2ab8db489200894{\npadding-bottom:10px;\n}\nbody .av-special-heading.av-lqw7bdqm-2316817a257f5edae2ab8db489200894 .av-special-heading-tag .heading-char{\nfont-size:25px;\n}\n.av-special-heading.av-lqw7bdqm-2316817a257f5edae2ab8db489200894 .av-subheading{\nfont-size:15px;\n}\n<\/style>\n<div  class='av-special-heading av-lqw7bdqm-2316817a257f5edae2ab8db489200894 av-special-heading-h3 blockquote modern-quote  avia-builder-el-15  el_after_av_magazine  el_before_av_hr '><h3 class='av-special-heading-tag '  itemprop=\"headline\"  >COMMUNIQU\u00c9S DE PRESSE<\/h3><div class='av-subheading av-subheading_below'><p>2023<\/p>\n<\/div><div class=\"special-heading-border\"><div class=\"special-heading-inner-border\"><\/div><\/div><\/div><br \/>\n\n<style type=\"text\/css\" data-created_by=\"avia_inline_auto\" id=\"style-css-av-1bp7jqp-0b23b7e8e042e7bf890333895bcb0cd3\">\n#top .hr.hr-invisible.av-1bp7jqp-0b23b7e8e042e7bf890333895bcb0cd3{\nheight:30px;\n}\n<\/style>\n<div  class='hr av-1bp7jqp-0b23b7e8e042e7bf890333895bcb0cd3 hr-invisible  avia-builder-el-16  el_after_av_heading  el_before_av_magazine '><span class='hr-inner '><span class=\"hr-inner-style\"><\/span><\/span><\/div><br \/>\n<div  id=\"avia-magazine-3\"  class='av-magazine av-lqw7d7z6-830c007f77315e60bb3962a94214d195  avia-builder-el-17  el_after_av_hr  avia-builder-el-last   avia-builder-el-17  el_after_av_hr  avia-builder-el-last ' ><div class='av-magazine-group sort_all'><article class='av-magazine-entry av-magazine-entry-id-38996 av-magazine-format-standard av-magazine-type-post av-magazine-entry-1 av-magazine-entry-small av-magazine-no-thumb'  itemscope=\"itemscope\" itemtype=\"https:\/\/schema.org\/BlogPosting\" itemprop=\"blogPost\" ><div class=\"av-magazine-content-wrap\"><header class=\"entry-content-header\" aria-label=\"Articles : Lancement de WALLIX One, la plateforme SaaS de cybers\u00e9curit\u00e9 con\u00e7ue pour s&#039;adapter aux enjeux num\u00e9riques et \u00e9conomiques des entreprises qui veulent prot\u00e9ger leurs acc\u00e8s et identit\u00e9s\"><time class='av-magazine-time updated'  itemprop=\"datePublished\" datetime=\"2023-12-14T11:29:27+01:00\" >14 D\u00e9cembre 2023<\/time><h3 class='av-magazine-title entry-title '  itemprop=\"headline\" ><a href='https:\/\/www.wallix.com\/fr\/communique-de-presse\/2023-fr\/lancement-de-wallix-one-la-plateforme-saas-de-cybersecurite-concue-pour-sadapter-aux-enjeux-numeriques-et-economiques-des-entreprises-qui-veulent-proteger-leurs-acces-et-identites\/' title='Lier vers : Lancement de WALLIX One, la plateforme SaaS de cybers\u00e9curit\u00e9 con\u00e7ue pour s&rsquo;adapter aux enjeux num\u00e9riques et \u00e9conomiques des entreprises qui veulent prot\u00e9ger leurs acc\u00e8s et identit\u00e9s'>Lancement de WALLIX One, la plateforme SaaS de cybers\u00e9curit\u00e9 con\u00e7ue pour s&rsquo;adapter aux enjeux num\u00e9riques et \u00e9conomiques des entreprises qui veulent prot\u00e9ger leurs acc\u00e8s et identit\u00e9s<\/a><\/h3><\/header><\/div><footer class=\"entry-footer\"><\/footer><\/article><article class='av-magazine-entry av-magazine-entry-id-39000 av-magazine-format-standard av-magazine-type-post av-magazine-entry-2 av-magazine-entry-small av-magazine-no-thumb'  itemscope=\"itemscope\" itemtype=\"https:\/\/schema.org\/BlogPosting\" itemprop=\"blogPost\" ><div class=\"av-magazine-content-wrap\"><header class=\"entry-content-header\" aria-label=\"Articles : We Edu : WALLIX signe un partenariat avec les IUT et int\u00e8gre sa formation certifiante dans le parcours cybers\u00e9curit\u00e9 du Bachelor Universitaire de Technologie R\u00e9seaux &amp; T\u00e9l\u00e9coms\"><time class='av-magazine-time updated'  itemprop=\"datePublished\" datetime=\"2023-09-21T11:32:59+01:00\" >21 Septembre 2023<\/time><h3 class='av-magazine-title entry-title '  itemprop=\"headline\" ><a href='https:\/\/www.wallix.com\/fr\/communique-de-presse\/2023-fr\/we-edu-wallix-signe-un-partenariat-avec-les-iut-et-integre-sa-formation-certifiante-dans-le-parcours-cybersecurite-du-bachelor-universitaire-de-technologie-reseaux-telecoms\/' title='Lier vers : We Edu : WALLIX signe un partenariat avec les IUT et int\u00e8gre sa formation certifiante dans le parcours cybers\u00e9curit\u00e9 du Bachelor Universitaire de Technologie R\u00e9seaux &#038; T\u00e9l\u00e9coms'>We Edu : WALLIX signe un partenariat avec les IUT et int\u00e8gre sa formation certifiante dans le parcours cybers\u00e9curit\u00e9 du Bachelor Universitaire de Technologie R\u00e9seaux &#038; T\u00e9l\u00e9coms<\/a><\/h3><\/header><\/div><footer class=\"entry-footer\"><\/footer><\/article><article class='av-magazine-entry av-magazine-entry-id-39004 av-magazine-format-standard av-magazine-type-post av-magazine-entry-3 av-magazine-entry-small av-magazine-no-thumb'  itemscope=\"itemscope\" itemtype=\"https:\/\/schema.org\/BlogPosting\" itemprop=\"blogPost\" ><div class=\"av-magazine-content-wrap\"><header class=\"entry-content-header\" aria-label=\"Articles : WALLIX rejoint le Demo Center OT d&#039;Orange Cyberdefense en France pour montrer comment ses solutions garantissent la r\u00e9silience et la continuit\u00e9 d&#039;activit\u00e9 des syst\u00e8mes industriels en cas de cyberattaque\"><time class='av-magazine-time updated'  itemprop=\"datePublished\" datetime=\"2023-07-04T11:36:27+01:00\" >4 Juillet 2023<\/time><h3 class='av-magazine-title entry-title '  itemprop=\"headline\" ><a href='https:\/\/www.wallix.com\/fr\/communique-de-presse\/2023-fr\/wallix-rejoint-le-demo-center-ot-dorange-cyberdefense-en-france-pour-montrer-comment-ses-solutions-garantissent-la-resilience-et-la-continuite-dactivite-des-systemes-industriels-en-cas-de-cyberatt\/' title='Lier vers : WALLIX rejoint le Demo Center OT d&rsquo;Orange Cyberdefense en France pour montrer comment ses solutions garantissent la r\u00e9silience et la continuit\u00e9 d&rsquo;activit\u00e9 des syst\u00e8mes industriels en cas de cyberattaque'>WALLIX rejoint le Demo Center OT d&rsquo;Orange Cyberdefense en France pour montrer comment ses solutions garantissent la r\u00e9silience et la continuit\u00e9 d&rsquo;activit\u00e9 des syst\u00e8mes industriels en cas de cyberattaque<\/a><\/h3><\/header><\/div><footer class=\"entry-footer\"><\/footer><\/article><article class='av-magazine-entry av-magazine-entry-id-39008 av-magazine-format-standard av-magazine-type-post av-magazine-entry-4 av-magazine-entry-small av-magazine-no-thumb'  itemscope=\"itemscope\" itemtype=\"https:\/\/schema.org\/BlogPosting\" itemprop=\"blogPost\" ><div class=\"av-magazine-content-wrap\"><header class=\"entry-content-header\" aria-label=\"Articles : WALLIX constitue un comit\u00e9 d&#039;experts, utilisateurs prestigieux, pour adapter sa strat\u00e9gie au plus pr\u00e8s des besoins du march\u00e9\"><time class='av-magazine-time updated'  itemprop=\"datePublished\" datetime=\"2023-06-27T11:39:27+01:00\" >27 Juin 2023<\/time><h3 class='av-magazine-title entry-title '  itemprop=\"headline\" ><a href='https:\/\/www.wallix.com\/fr\/communique-de-presse\/2023-fr\/wallix-constitue-un-comite-dexperts-utilisateurs-prestigieux-pour-adapter-sa-strategie-au-plus-pres-des-besoins-du-marche\/' title='Lier vers : WALLIX constitue un comit\u00e9 d&rsquo;experts, utilisateurs prestigieux, pour adapter sa strat\u00e9gie au plus pr\u00e8s des besoins du march\u00e9'>WALLIX constitue un comit\u00e9 d&rsquo;experts, utilisateurs prestigieux, pour adapter sa strat\u00e9gie au plus pr\u00e8s des besoins du march\u00e9<\/a><\/h3><\/header><\/div><footer class=\"entry-footer\"><\/footer><\/article><article class='av-magazine-entry av-magazine-entry-id-39012 av-magazine-format-standard av-magazine-type-post av-magazine-entry-5 av-magazine-entry-small av-magazine-no-thumb'  itemscope=\"itemscope\" itemtype=\"https:\/\/schema.org\/BlogPosting\" itemprop=\"blogPost\" ><div class=\"av-magazine-content-wrap\"><header class=\"entry-content-header\" aria-label=\"Articles : Cris R\u00e9seaux va distribuer WALLIX One IDaaS pour rendre la gestion des identit\u00e9s et des acc\u00e8s num\u00e9riques en mode SaaS accessible aux PME\"><time class='av-magazine-time updated'  itemprop=\"datePublished\" datetime=\"2023-06-20T11:43:39+01:00\" >20 Juin 2023<\/time><h3 class='av-magazine-title entry-title '  itemprop=\"headline\" ><a href='https:\/\/www.wallix.com\/fr\/communique-de-presse\/2023-fr\/cris-reseaux-va-distribuer-wallix-one-idaas-pour-rendre-la-gestion-des-identites-et-des-acces-numeriques-en-mode-saas-accessible-aux-pme\/' title='Lier vers : Cris R\u00e9seaux va distribuer WALLIX One IDaaS pour rendre la gestion des identit\u00e9s et des acc\u00e8s num\u00e9riques en mode SaaS accessible aux PME'>Cris R\u00e9seaux va distribuer WALLIX One IDaaS pour rendre la gestion des identit\u00e9s et des acc\u00e8s num\u00e9riques en mode SaaS accessible aux PME<\/a><\/h3><\/header><\/div><footer class=\"entry-footer\"><\/footer><\/article><\/div><\/div><\/p><\/div>\n","protected":false},"excerpt":{"rendered":"","protected":false},"author":3,"featured_media":29335,"comment_status":"closed","ping_status":"closed","sticky":false,"template":"","format":"standard","meta":{"_acf_changed":false,"content-type":"","inline_featured_image":false,"footnotes":""},"categories":[2523,2174],"tags":[],"class_list":["post-70653","post","type-post","status-publish","format-standard","has-post-thumbnail","hentry","category-2025-fr","category-communique-de-presse"],"acf":[],"yoast_head":"<!-- This site is optimized with the Yoast SEO plugin v27.3 - https:\/\/yoast.com\/product\/yoast-seo-wordpress\/ -->\n<title>Menaces croissantes sur les acc\u00e8s web dans un contexte g\u00e9opolitique complexe : WALLIX lance PAM Web Session Manager - WALLIX<\/title>\n<meta name=\"robots\" content=\"index, follow, max-snippet:-1, max-image-preview:large, max-video-preview:-1\" \/>\n<link rel=\"canonical\" href=\"https:\/\/www.wallix.com\/fr\/communique-de-presse\/menaces-croissantes-sur-les-acces-web-dans-un-contexte-geopolitique-complexe-wallix-lance-web-session-manager\/\" \/>\n<meta property=\"og:locale\" content=\"fr_FR\" \/>\n<meta property=\"og:type\" content=\"article\" \/>\n<meta property=\"og:title\" content=\"Menaces croissantes sur les acc\u00e8s web dans un contexte g\u00e9opolitique complexe : WALLIX lance PAM Web Session Manager - WALLIX\" \/>\n<meta property=\"og:url\" content=\"https:\/\/www.wallix.com\/fr\/communique-de-presse\/menaces-croissantes-sur-les-acces-web-dans-un-contexte-geopolitique-complexe-wallix-lance-web-session-manager\/\" \/>\n<meta property=\"og:site_name\" content=\"WALLIX\" \/>\n<meta property=\"article:published_time\" content=\"2025-03-31T12:10:27+00:00\" \/>\n<meta property=\"article:modified_time\" content=\"2025-04-02T13:25:08+00:00\" \/>\n<meta property=\"og:image\" content=\"https:\/\/www.wallix.com\/wp-content\/uploads\/2022\/12\/AdobeStock_429258682-copie-scaled.jpg\" \/>\n\t<meta property=\"og:image:width\" content=\"2560\" \/>\n\t<meta property=\"og:image:height\" content=\"1097\" \/>\n\t<meta property=\"og:image:type\" content=\"image\/jpeg\" \/>\n<meta name=\"author\" content=\"WALLIX\" \/>\n<meta name=\"twitter:card\" content=\"summary_large_image\" \/>\n<meta name=\"twitter:creator\" content=\"@wallixcom\" \/>\n<meta name=\"twitter:site\" content=\"@wallixcom\" \/>\n<meta name=\"twitter:label1\" content=\"\u00c9crit par\" \/>\n\t<meta name=\"twitter:data1\" content=\"WALLIX\" \/>\n\t<meta name=\"twitter:label2\" content=\"Dur\u00e9e de lecture estim\u00e9e\" \/>\n\t<meta name=\"twitter:data2\" content=\"5 minutes\" \/>\n<script type=\"application\/ld+json\" class=\"yoast-schema-graph\">{\"@context\":\"https:\\\/\\\/schema.org\",\"@graph\":[{\"@type\":\"Article\",\"@id\":\"https:\\\/\\\/www.wallix.com\\\/fr\\\/communique-de-presse\\\/menaces-croissantes-sur-les-acces-web-dans-un-contexte-geopolitique-complexe-wallix-lance-web-session-manager\\\/#article\",\"isPartOf\":{\"@id\":\"https:\\\/\\\/www.wallix.com\\\/fr\\\/communique-de-presse\\\/menaces-croissantes-sur-les-acces-web-dans-un-contexte-geopolitique-complexe-wallix-lance-web-session-manager\\\/\"},\"author\":{\"name\":\"WALLIX\",\"@id\":\"https:\\\/\\\/www.wallix.com\\\/fr\\\/#\\\/schema\\\/person\\\/8b1daa830716a62cdf5631aa0e211abd\"},\"headline\":\"Menaces croissantes sur les acc\u00e8s web dans un contexte g\u00e9opolitique complexe : WALLIX lance PAM Web Session Manager\",\"datePublished\":\"2025-03-31T12:10:27+00:00\",\"dateModified\":\"2025-04-02T13:25:08+00:00\",\"mainEntityOfPage\":{\"@id\":\"https:\\\/\\\/www.wallix.com\\\/fr\\\/communique-de-presse\\\/menaces-croissantes-sur-les-acces-web-dans-un-contexte-geopolitique-complexe-wallix-lance-web-session-manager\\\/\"},\"wordCount\":3019,\"publisher\":{\"@id\":\"https:\\\/\\\/www.wallix.com\\\/fr\\\/#organization\"},\"image\":{\"@id\":\"https:\\\/\\\/www.wallix.com\\\/fr\\\/communique-de-presse\\\/menaces-croissantes-sur-les-acces-web-dans-un-contexte-geopolitique-complexe-wallix-lance-web-session-manager\\\/#primaryimage\"},\"thumbnailUrl\":\"https:\\\/\\\/www.wallix.com\\\/wp-content\\\/uploads\\\/2022\\\/12\\\/AdobeStock_429258682-copie-scaled.jpg\",\"articleSection\":[\"2025\",\"COMMUNIQU\u00c9S DE PRESSE\"],\"inLanguage\":\"fr-FR\"},{\"@type\":\"WebPage\",\"@id\":\"https:\\\/\\\/www.wallix.com\\\/fr\\\/communique-de-presse\\\/menaces-croissantes-sur-les-acces-web-dans-un-contexte-geopolitique-complexe-wallix-lance-web-session-manager\\\/\",\"url\":\"https:\\\/\\\/www.wallix.com\\\/fr\\\/communique-de-presse\\\/menaces-croissantes-sur-les-acces-web-dans-un-contexte-geopolitique-complexe-wallix-lance-web-session-manager\\\/\",\"name\":\"Menaces croissantes sur les acc\u00e8s web dans un contexte g\u00e9opolitique complexe : WALLIX lance PAM Web Session Manager - WALLIX\",\"isPartOf\":{\"@id\":\"https:\\\/\\\/www.wallix.com\\\/fr\\\/#website\"},\"primaryImageOfPage\":{\"@id\":\"https:\\\/\\\/www.wallix.com\\\/fr\\\/communique-de-presse\\\/menaces-croissantes-sur-les-acces-web-dans-un-contexte-geopolitique-complexe-wallix-lance-web-session-manager\\\/#primaryimage\"},\"image\":{\"@id\":\"https:\\\/\\\/www.wallix.com\\\/fr\\\/communique-de-presse\\\/menaces-croissantes-sur-les-acces-web-dans-un-contexte-geopolitique-complexe-wallix-lance-web-session-manager\\\/#primaryimage\"},\"thumbnailUrl\":\"https:\\\/\\\/www.wallix.com\\\/wp-content\\\/uploads\\\/2022\\\/12\\\/AdobeStock_429258682-copie-scaled.jpg\",\"datePublished\":\"2025-03-31T12:10:27+00:00\",\"dateModified\":\"2025-04-02T13:25:08+00:00\",\"inLanguage\":\"fr-FR\",\"potentialAction\":[{\"@type\":\"ReadAction\",\"target\":[\"https:\\\/\\\/www.wallix.com\\\/fr\\\/communique-de-presse\\\/menaces-croissantes-sur-les-acces-web-dans-un-contexte-geopolitique-complexe-wallix-lance-web-session-manager\\\/\"]}]},{\"@type\":\"ImageObject\",\"inLanguage\":\"fr-FR\",\"@id\":\"https:\\\/\\\/www.wallix.com\\\/fr\\\/communique-de-presse\\\/menaces-croissantes-sur-les-acces-web-dans-un-contexte-geopolitique-complexe-wallix-lance-web-session-manager\\\/#primaryimage\",\"url\":\"https:\\\/\\\/www.wallix.com\\\/wp-content\\\/uploads\\\/2022\\\/12\\\/AdobeStock_429258682-copie-scaled.jpg\",\"contentUrl\":\"https:\\\/\\\/www.wallix.com\\\/wp-content\\\/uploads\\\/2022\\\/12\\\/AdobeStock_429258682-copie-scaled.jpg\",\"width\":2560,\"height\":1097,\"caption\":\"Illustration de la s\u00e9curit\u00e9 num\u00e9rique, soulignant l'importance de la protection des donn\u00e9es sensibles dans un monde connect\u00e9.\"},{\"@type\":\"WebSite\",\"@id\":\"https:\\\/\\\/www.wallix.com\\\/fr\\\/#website\",\"url\":\"https:\\\/\\\/www.wallix.com\\\/fr\\\/\",\"name\":\"WALLIX\",\"description\":\"CYBERSECURITY SIMPLIFIED\",\"publisher\":{\"@id\":\"https:\\\/\\\/www.wallix.com\\\/fr\\\/#organization\"},\"potentialAction\":[{\"@type\":\"SearchAction\",\"target\":{\"@type\":\"EntryPoint\",\"urlTemplate\":\"https:\\\/\\\/www.wallix.com\\\/fr\\\/?s={search_term_string}\"},\"query-input\":{\"@type\":\"PropertyValueSpecification\",\"valueRequired\":true,\"valueName\":\"search_term_string\"}}],\"inLanguage\":\"fr-FR\"},{\"@type\":\"Organization\",\"@id\":\"https:\\\/\\\/www.wallix.com\\\/fr\\\/#organization\",\"name\":\"WALLIX\",\"url\":\"https:\\\/\\\/www.wallix.com\\\/fr\\\/\",\"logo\":{\"@type\":\"ImageObject\",\"inLanguage\":\"fr-FR\",\"@id\":\"https:\\\/\\\/www.wallix.com\\\/fr\\\/#\\\/schema\\\/logo\\\/image\\\/\",\"url\":\"https:\\\/\\\/www.wallix.com\\\/wp-content\\\/uploads\\\/2024\\\/03\\\/LOGO_WALLIX_2024_blackorange.png\",\"contentUrl\":\"https:\\\/\\\/www.wallix.com\\\/wp-content\\\/uploads\\\/2024\\\/03\\\/LOGO_WALLIX_2024_blackorange.png\",\"width\":3108,\"height\":827,\"caption\":\"WALLIX\"},\"image\":{\"@id\":\"https:\\\/\\\/www.wallix.com\\\/fr\\\/#\\\/schema\\\/logo\\\/image\\\/\"},\"sameAs\":[\"https:\\\/\\\/x.com\\\/wallixcom\",\"https:\\\/\\\/www.linkedin.com\\\/company\\\/wallix\\\/\",\"https:\\\/\\\/www.youtube.com\\\/wallix\"]},{\"@type\":\"Person\",\"@id\":\"https:\\\/\\\/www.wallix.com\\\/fr\\\/#\\\/schema\\\/person\\\/8b1daa830716a62cdf5631aa0e211abd\",\"name\":\"WALLIX\",\"image\":{\"@type\":\"ImageObject\",\"inLanguage\":\"fr-FR\",\"@id\":\"https:\\\/\\\/secure.gravatar.com\\\/avatar\\\/8bf1123a19c4364709de2f7c8c881ed5f2bb750cac73f782f39aea052e526546?s=96&d=mm&r=g\",\"url\":\"https:\\\/\\\/secure.gravatar.com\\\/avatar\\\/8bf1123a19c4364709de2f7c8c881ed5f2bb750cac73f782f39aea052e526546?s=96&d=mm&r=g\",\"contentUrl\":\"https:\\\/\\\/secure.gravatar.com\\\/avatar\\\/8bf1123a19c4364709de2f7c8c881ed5f2bb750cac73f782f39aea052e526546?s=96&d=mm&r=g\",\"caption\":\"WALLIX\"},\"url\":\"https:\\\/\\\/www.wallix.com\\\/fr\\\/author\\\/alex\\\/\"}]}<\/script>\n<!-- \/ Yoast SEO plugin. -->","yoast_head_json":{"title":"Menaces croissantes sur les acc\u00e8s web dans un contexte g\u00e9opolitique complexe : WALLIX lance PAM Web Session Manager - WALLIX","robots":{"index":"index","follow":"follow","max-snippet":"max-snippet:-1","max-image-preview":"max-image-preview:large","max-video-preview":"max-video-preview:-1"},"canonical":"https:\/\/www.wallix.com\/fr\/communique-de-presse\/menaces-croissantes-sur-les-acces-web-dans-un-contexte-geopolitique-complexe-wallix-lance-web-session-manager\/","og_locale":"fr_FR","og_type":"article","og_title":"Menaces croissantes sur les acc\u00e8s web dans un contexte g\u00e9opolitique complexe : WALLIX lance PAM Web Session Manager - WALLIX","og_url":"https:\/\/www.wallix.com\/fr\/communique-de-presse\/menaces-croissantes-sur-les-acces-web-dans-un-contexte-geopolitique-complexe-wallix-lance-web-session-manager\/","og_site_name":"WALLIX","article_published_time":"2025-03-31T12:10:27+00:00","article_modified_time":"2025-04-02T13:25:08+00:00","og_image":[{"width":2560,"height":1097,"url":"https:\/\/www.wallix.com\/wp-content\/uploads\/2022\/12\/AdobeStock_429258682-copie-scaled.jpg","type":"image\/jpeg"}],"author":"WALLIX","twitter_card":"summary_large_image","twitter_creator":"@wallixcom","twitter_site":"@wallixcom","twitter_misc":{"\u00c9crit par":"WALLIX","Dur\u00e9e de lecture estim\u00e9e":"5 minutes"},"schema":{"@context":"https:\/\/schema.org","@graph":[{"@type":"Article","@id":"https:\/\/www.wallix.com\/fr\/communique-de-presse\/menaces-croissantes-sur-les-acces-web-dans-un-contexte-geopolitique-complexe-wallix-lance-web-session-manager\/#article","isPartOf":{"@id":"https:\/\/www.wallix.com\/fr\/communique-de-presse\/menaces-croissantes-sur-les-acces-web-dans-un-contexte-geopolitique-complexe-wallix-lance-web-session-manager\/"},"author":{"name":"WALLIX","@id":"https:\/\/www.wallix.com\/fr\/#\/schema\/person\/8b1daa830716a62cdf5631aa0e211abd"},"headline":"Menaces croissantes sur les acc\u00e8s web dans un contexte g\u00e9opolitique complexe : WALLIX lance PAM Web Session Manager","datePublished":"2025-03-31T12:10:27+00:00","dateModified":"2025-04-02T13:25:08+00:00","mainEntityOfPage":{"@id":"https:\/\/www.wallix.com\/fr\/communique-de-presse\/menaces-croissantes-sur-les-acces-web-dans-un-contexte-geopolitique-complexe-wallix-lance-web-session-manager\/"},"wordCount":3019,"publisher":{"@id":"https:\/\/www.wallix.com\/fr\/#organization"},"image":{"@id":"https:\/\/www.wallix.com\/fr\/communique-de-presse\/menaces-croissantes-sur-les-acces-web-dans-un-contexte-geopolitique-complexe-wallix-lance-web-session-manager\/#primaryimage"},"thumbnailUrl":"https:\/\/www.wallix.com\/wp-content\/uploads\/2022\/12\/AdobeStock_429258682-copie-scaled.jpg","articleSection":["2025","COMMUNIQU\u00c9S DE PRESSE"],"inLanguage":"fr-FR"},{"@type":"WebPage","@id":"https:\/\/www.wallix.com\/fr\/communique-de-presse\/menaces-croissantes-sur-les-acces-web-dans-un-contexte-geopolitique-complexe-wallix-lance-web-session-manager\/","url":"https:\/\/www.wallix.com\/fr\/communique-de-presse\/menaces-croissantes-sur-les-acces-web-dans-un-contexte-geopolitique-complexe-wallix-lance-web-session-manager\/","name":"Menaces croissantes sur les acc\u00e8s web dans un contexte g\u00e9opolitique complexe : WALLIX lance PAM Web Session Manager - WALLIX","isPartOf":{"@id":"https:\/\/www.wallix.com\/fr\/#website"},"primaryImageOfPage":{"@id":"https:\/\/www.wallix.com\/fr\/communique-de-presse\/menaces-croissantes-sur-les-acces-web-dans-un-contexte-geopolitique-complexe-wallix-lance-web-session-manager\/#primaryimage"},"image":{"@id":"https:\/\/www.wallix.com\/fr\/communique-de-presse\/menaces-croissantes-sur-les-acces-web-dans-un-contexte-geopolitique-complexe-wallix-lance-web-session-manager\/#primaryimage"},"thumbnailUrl":"https:\/\/www.wallix.com\/wp-content\/uploads\/2022\/12\/AdobeStock_429258682-copie-scaled.jpg","datePublished":"2025-03-31T12:10:27+00:00","dateModified":"2025-04-02T13:25:08+00:00","inLanguage":"fr-FR","potentialAction":[{"@type":"ReadAction","target":["https:\/\/www.wallix.com\/fr\/communique-de-presse\/menaces-croissantes-sur-les-acces-web-dans-un-contexte-geopolitique-complexe-wallix-lance-web-session-manager\/"]}]},{"@type":"ImageObject","inLanguage":"fr-FR","@id":"https:\/\/www.wallix.com\/fr\/communique-de-presse\/menaces-croissantes-sur-les-acces-web-dans-un-contexte-geopolitique-complexe-wallix-lance-web-session-manager\/#primaryimage","url":"https:\/\/www.wallix.com\/wp-content\/uploads\/2022\/12\/AdobeStock_429258682-copie-scaled.jpg","contentUrl":"https:\/\/www.wallix.com\/wp-content\/uploads\/2022\/12\/AdobeStock_429258682-copie-scaled.jpg","width":2560,"height":1097,"caption":"Illustration de la s\u00e9curit\u00e9 num\u00e9rique, soulignant l'importance de la protection des donn\u00e9es sensibles dans un monde connect\u00e9."},{"@type":"WebSite","@id":"https:\/\/www.wallix.com\/fr\/#website","url":"https:\/\/www.wallix.com\/fr\/","name":"WALLIX","description":"CYBERSECURITY SIMPLIFIED","publisher":{"@id":"https:\/\/www.wallix.com\/fr\/#organization"},"potentialAction":[{"@type":"SearchAction","target":{"@type":"EntryPoint","urlTemplate":"https:\/\/www.wallix.com\/fr\/?s={search_term_string}"},"query-input":{"@type":"PropertyValueSpecification","valueRequired":true,"valueName":"search_term_string"}}],"inLanguage":"fr-FR"},{"@type":"Organization","@id":"https:\/\/www.wallix.com\/fr\/#organization","name":"WALLIX","url":"https:\/\/www.wallix.com\/fr\/","logo":{"@type":"ImageObject","inLanguage":"fr-FR","@id":"https:\/\/www.wallix.com\/fr\/#\/schema\/logo\/image\/","url":"https:\/\/www.wallix.com\/wp-content\/uploads\/2024\/03\/LOGO_WALLIX_2024_blackorange.png","contentUrl":"https:\/\/www.wallix.com\/wp-content\/uploads\/2024\/03\/LOGO_WALLIX_2024_blackorange.png","width":3108,"height":827,"caption":"WALLIX"},"image":{"@id":"https:\/\/www.wallix.com\/fr\/#\/schema\/logo\/image\/"},"sameAs":["https:\/\/x.com\/wallixcom","https:\/\/www.linkedin.com\/company\/wallix\/","https:\/\/www.youtube.com\/wallix"]},{"@type":"Person","@id":"https:\/\/www.wallix.com\/fr\/#\/schema\/person\/8b1daa830716a62cdf5631aa0e211abd","name":"WALLIX","image":{"@type":"ImageObject","inLanguage":"fr-FR","@id":"https:\/\/secure.gravatar.com\/avatar\/8bf1123a19c4364709de2f7c8c881ed5f2bb750cac73f782f39aea052e526546?s=96&d=mm&r=g","url":"https:\/\/secure.gravatar.com\/avatar\/8bf1123a19c4364709de2f7c8c881ed5f2bb750cac73f782f39aea052e526546?s=96&d=mm&r=g","contentUrl":"https:\/\/secure.gravatar.com\/avatar\/8bf1123a19c4364709de2f7c8c881ed5f2bb750cac73f782f39aea052e526546?s=96&d=mm&r=g","caption":"WALLIX"},"url":"https:\/\/www.wallix.com\/fr\/author\/alex\/"}]}},"_links":{"self":[{"href":"https:\/\/www.wallix.com\/fr\/wp-json\/wp\/v2\/posts\/70653","targetHints":{"allow":["GET"]}}],"collection":[{"href":"https:\/\/www.wallix.com\/fr\/wp-json\/wp\/v2\/posts"}],"about":[{"href":"https:\/\/www.wallix.com\/fr\/wp-json\/wp\/v2\/types\/post"}],"author":[{"embeddable":true,"href":"https:\/\/www.wallix.com\/fr\/wp-json\/wp\/v2\/users\/3"}],"replies":[{"embeddable":true,"href":"https:\/\/www.wallix.com\/fr\/wp-json\/wp\/v2\/comments?post=70653"}],"version-history":[{"count":6,"href":"https:\/\/www.wallix.com\/fr\/wp-json\/wp\/v2\/posts\/70653\/revisions"}],"predecessor-version":[{"id":73876,"href":"https:\/\/www.wallix.com\/fr\/wp-json\/wp\/v2\/posts\/70653\/revisions\/73876"}],"wp:featuredmedia":[{"embeddable":true,"href":"https:\/\/www.wallix.com\/fr\/wp-json\/wp\/v2\/media\/29335"}],"wp:attachment":[{"href":"https:\/\/www.wallix.com\/fr\/wp-json\/wp\/v2\/media?parent=70653"}],"wp:term":[{"taxonomy":"category","embeddable":true,"href":"https:\/\/www.wallix.com\/fr\/wp-json\/wp\/v2\/categories?post=70653"},{"taxonomy":"post_tag","embeddable":true,"href":"https:\/\/www.wallix.com\/fr\/wp-json\/wp\/v2\/tags?post=70653"}],"curies":[{"name":"wp","href":"https:\/\/api.w.org\/{rel}","templated":true}]}}