{"id":37517,"date":"2023-12-13T16:27:54","date_gmt":"2023-12-13T15:27:54","guid":{"rendered":"https:\/\/www.wallix.com\/?p=37517"},"modified":"2025-02-13T16:37:48","modified_gmt":"2025-02-13T15:37:48","slug":"laeroport-de-bordeaux-choisit-wallix-pam-pour-securiser-ses-acces-a-distance","status":"publish","type":"post","link":"https:\/\/www.wallix.com\/fr\/ressources\/success-stories-fr-ressources\/laeroport-de-bordeaux-choisit-wallix-pam-pour-securiser-ses-acces-a-distance\/","title":{"rendered":"L&rsquo;a\u00e9roport de Bordeaux choisit WALLIX PAM pour s\u00e9curiser ses acc\u00e8s distants"},"content":{"rendered":"\n<style type=\"text\/css\" data-created_by=\"avia_inline_auto\" id=\"style-css-av-lq2e7yeg-6ebbcbda334781a0ef41cebc64fa0e65\">\n.avia-section.av-lq2e7yeg-6ebbcbda334781a0ef41cebc64fa0e65{\nbackground-repeat:no-repeat;\nbackground-image:url(https:\/\/www.wallix.com\/wp-content\/uploads\/2023\/12\/BORDEAUX-AIRPORT.webp);\nbackground-position:50% 50%;\nbackground-attachment:fixed;\n}\n.avia-section.av-lq2e7yeg-6ebbcbda334781a0ef41cebc64fa0e65 .av-section-color-overlay{\nopacity:0.3;\nbackground-color:#172542;\n}\n<\/style>\n<div id='av_section_1'  class='avia-section av-lq2e7yeg-6ebbcbda334781a0ef41cebc64fa0e65 main_color avia-section-default avia-no-border-styling  avia-builder-el-0  el_before_av_one_half  avia-builder-el-first  avia-full-stretch avia-bg-style-fixed av-section-color-overlay-active av-minimum-height av-minimum-height-25 av-height-25  container_wrap fullsize'  data-section-bg-repeat='stretch' data-av_minimum_height_pc='25' data-av_min_height_opt='25'><div class=\"av-section-color-overlay-wrap\"><div class=\"av-section-color-overlay\"><\/div><div class='container av-section-cont-open' ><main  role=\"main\" itemprop=\"mainContentOfPage\"  class='template-page content  av-content-full alpha units'><div class='post-entry post-entry-type-page post-entry-37517'><div class='entry-content-wrapper clearfix'>\n<div  class='flex_column av-60pkf1c-b33ec100d30f527db1ab9fd5fb032e64 av_one_fifth  avia-builder-el-1  el_before_av_four_fifth  avia-builder-el-first  first flex_column_div  '     ><style type=\"text\/css\" data-created_by=\"avia_inline_auto\" id=\"style-css-av-lq2e7ax5-547d469d775f9b0b5bb4ac74f9c8183f\">\n.avia-image-container.av-lq2e7ax5-547d469d775f9b0b5bb4ac74f9c8183f img.avia_image{\nbox-shadow:none;\n}\n.avia-image-container.av-lq2e7ax5-547d469d775f9b0b5bb4ac74f9c8183f .av-image-caption-overlay-center{\ncolor:#ffffff;\n}\n<\/style>\n<div  class='avia-image-container av-lq2e7ax5-547d469d775f9b0b5bb4ac74f9c8183f av-styling- avia-align-center  avia-builder-el-2  avia-builder-el-no-sibling '   itemprop=\"image\" itemscope=\"itemscope\" itemtype=\"https:\/\/schema.org\/ImageObject\" ><div class=\"avia-image-container-inner\"><div class=\"avia-image-overlay-wrap\"><img decoding=\"async\" fetchpriority=\"high\" class='wp-image-37026 avia-img-lazy-loading-not-37026 avia_image ' src=\"https:\/\/www.wallix.com\/wp-content\/uploads\/2023\/12\/BORDEAUX-AIRPORT_Logo-300x300.png\" alt='Bordeaux Airport corporate logo representing Bordeaux\u2013M\u00e9rignac Airport \/ Bordeaux A\u00e9roport, the international airport serving Bordeaux, France.' title='BORDEAUX AIRPORT_Logo'  height=\"300\" width=\"300\"  itemprop=\"thumbnailUrl\" srcset=\"https:\/\/www.wallix.com\/wp-content\/uploads\/2023\/12\/BORDEAUX-AIRPORT_Logo-300x300.png 300w, https:\/\/www.wallix.com\/wp-content\/uploads\/2023\/12\/BORDEAUX-AIRPORT_Logo-80x80.png 80w, https:\/\/www.wallix.com\/wp-content\/uploads\/2023\/12\/BORDEAUX-AIRPORT_Logo-36x36.png 36w, https:\/\/www.wallix.com\/wp-content\/uploads\/2023\/12\/BORDEAUX-AIRPORT_Logo-180x180.png 180w, https:\/\/www.wallix.com\/wp-content\/uploads\/2023\/12\/BORDEAUX-AIRPORT_Logo.png 500w\" sizes=\"(max-width: 300px) 100vw, 300px\" \/><\/div><\/div><\/div><\/div><div  class='flex_column av-5wgqg1s-f0f9dd1b477a144f593dc703c8513053 av_four_fifth  avia-builder-el-3  el_after_av_one_fifth  avia-builder-el-last  flex_column_div  '     ><style type=\"text\/css\" data-created_by=\"avia_inline_auto\" id=\"style-css-av-lq2e4cwj-f579f359e5e779b12a2dbb42216be406\">\n#top .av-special-heading.av-lq2e4cwj-f579f359e5e779b12a2dbb42216be406{\npadding-bottom:10px;\ncolor:#ffffff;\n}\nbody .av-special-heading.av-lq2e4cwj-f579f359e5e779b12a2dbb42216be406 .av-special-heading-tag .heading-char{\nfont-size:25px;\n}\n.av-special-heading.av-lq2e4cwj-f579f359e5e779b12a2dbb42216be406 .special-heading-inner-border{\nborder-color:#ffffff;\n}\n.av-special-heading.av-lq2e4cwj-f579f359e5e779b12a2dbb42216be406 .av-subheading{\nfont-size:15px;\n}\n<\/style>\n<div  class='av-special-heading av-lq2e4cwj-f579f359e5e779b12a2dbb42216be406 av-special-heading-h2 custom-color-heading blockquote modern-quote  avia-builder-el-4  avia-builder-el-no-sibling '><h2 class='av-special-heading-tag '  itemprop=\"headline\"  >L\u2019a\u00e9roport de Bordeaux choisit WALLIX PAM pour s\u00e9curiser ses acc\u00e8s distants<\/h2><div class=\"special-heading-border\"><div class=\"special-heading-inner-border\"><\/div><\/div><\/div><\/div>\n<\/div><\/div><\/main><!-- close content main element --><\/div><\/div><\/div><div id='after_section_1'  class='main_color av_default_container_wrap container_wrap fullsize'  ><div class='container av-section-cont-open' ><div class='template-page content  av-content-full alpha units'><div class='post-entry post-entry-type-page post-entry-37517'><div class='entry-content-wrapper clearfix'>\n<div  class='flex_column av-5gveyww-12c832169cd798eb50978b951ce32fa6 av_one_half  avia-builder-el-5  el_after_av_section  el_before_av_one_half  avia-builder-el-first  first flex_column_div  '     ><section  class='av_textblock_section av-lq2egjxx-dfd48b63a158a854ec664bd7170e9f00 '   itemscope=\"itemscope\" itemtype=\"https:\/\/schema.org\/BlogPosting\" itemprop=\"blogPost\" ><div class='avia_textblock'  itemprop=\"text\" ><h3>L&rsquo;a\u00e9roport de Bordeaux choisit WALLIX PAM pour s\u00e9curiser ses acc\u00e8s distants<\/h3>\n<p>L&rsquo;A\u00e9roport de Bordeaux renforce sa politique de cybers\u00e9curit\u00e9 et fait appel \u00e0 WALLIX pour r\u00e9pondre \u00e0 l&rsquo;\u00e9volution des contraintes r\u00e9glementaires et aux enjeux de protection des donn\u00e9es. Avec WALLIX, l&rsquo;A\u00e9roport de Bordeaux prot\u00e8ge ses donn\u00e9es en g\u00e9rant et en s\u00e9curisant leurs acc\u00e8s, afin de garantir la continuit\u00e9 de l&rsquo;activit\u00e9, la r\u00e9silience aux cyber-attaques et la conformit\u00e9 aux exigences r\u00e9glementaires. Gr\u00e2ce \u00e0 WALLIX, l&rsquo;A\u00e9roport de Bordeaux a pu s&rsquo;adapter \u00e0 la crise sanitaire et mettre en place un travail \u00e0 distance s\u00e9curis\u00e9 pour ses salari\u00e9s du jour au lendemain.<\/p>\n<p><strong style=\"text-align: right;\">D\u00e9couvrez comment la solution PAM de WALLIX s\u00e9curise l&rsquo;acc\u00e8s aux comptes critiques. Remplissez le formulaire pour obtenir l&rsquo;\u00e9tude de cas ! <\/strong><\/p>\n<\/div><\/section><br \/>\n<div  class='av-social-sharing-box av-lq2ek6ao-97d48f1d45d77abb758ceaaa2631309e av-social-sharing-box-default  avia-builder-el-7  el_after_av_textblock  avia-builder-el-last  av-social-sharing-box-fullwidth'><div class=\"av-share-box\"><h5 class='av-share-link-description av-no-toc '>Partagez cette r\u00e9ussite<\/h5><ul class=\"av-share-box-list noLightbox\"><li class='av-share-link av-social-link-twitter avia_social_iconfont' ><a target=\"_blank\" aria-label=\"Partager sur X\" href='https:\/\/twitter.com\/share?text=L%E2%80%99a%C3%A9roport%20de%20Bordeaux%20choisit%20WALLIX%20PAM%20pour%20s%C3%A9curiser%20ses%20acc%C3%A8s%20distants&#038;url=https:\/\/www.wallix.com\/fr\/?p=37517' data-av_icon='\ue932' data-av_iconfont='entypo-fontello'  title='' data-avia-related-tooltip='Partager sur X'><span class='avia_hidden_link_text'>Partager sur X<\/span><\/a><\/li><li class='av-share-link av-social-link-linkedin avia_social_iconfont' ><a target=\"_blank\" aria-label=\"Partager sur LinkedIn\" href='https:\/\/linkedin.com\/shareArticle?mini=true&#038;title=L%E2%80%99a%C3%A9roport%20de%20Bordeaux%20choisit%20WALLIX%20PAM%20pour%20s%C3%A9curiser%20ses%20acc%C3%A8s%20distants&#038;url=https:\/\/www.wallix.com\/fr\/ressources\/success-stories-fr-ressources\/laeroport-de-bordeaux-choisit-wallix-pam-pour-securiser-ses-acces-a-distance\/' data-av_icon='\ue8fc' data-av_iconfont='entypo-fontello'  title='' data-avia-related-tooltip='Partager sur LinkedIn'><span class='avia_hidden_link_text'>Partager sur LinkedIn<\/span><\/a><\/li><li class='av-share-link av-social-link-mail avia_social_iconfont' ><a  aria-label=\"Partager par Mail\" href='mailto:?subject=L%E2%80%99a%C3%A9roport%20de%20Bordeaux%20choisit%20WALLIX%20PAM%20pour%20s%C3%A9curiser%20ses%20acc%C3%A8s%20distants&#038;body=https:\/\/www.wallix.com\/fr\/ressources\/success-stories-fr-ressources\/laeroport-de-bordeaux-choisit-wallix-pam-pour-securiser-ses-acces-a-distance\/' data-av_icon='\ue805' data-av_iconfont='entypo-fontello'  title='' data-avia-related-tooltip='Partager par Mail'><span class='avia_hidden_link_text'>Partager par Mail<\/span><\/a><\/li><\/ul><\/div><\/div><\/p><\/div>\n<div  class='flex_column av-4x905nk-918b750fcbba12619f403ed98583612a av_one_half  avia-builder-el-8  el_after_av_one_half  el_before_av_one_half  flex_column_div  '     ><section  class='av_textblock_section av-482luao-3d0718b156f8e36382600c5749a00efe '   itemscope=\"itemscope\" itemtype=\"https:\/\/schema.org\/BlogPosting\" itemprop=\"blogPost\" ><div class='avia_textblock'  itemprop=\"text\" ><h3><strong>T\u00e9l\u00e9chargez cette success story <\/strong><\/h3>\n<\/div><\/section><br \/>\n\n<style type=\"text\/css\" data-created_by=\"avia_inline_auto\" id=\"style-css-av-3v8f1ds-c585f819c018c7c012f0acbd0f89dc7a\">\n#top .hr.hr-invisible.av-3v8f1ds-c585f819c018c7c012f0acbd0f89dc7a{\nheight:30px;\n}\n<\/style>\n<div  class='hr av-3v8f1ds-c585f819c018c7c012f0acbd0f89dc7a hr-invisible  avia-builder-el-10  el_after_av_textblock  el_before_av_codeblock '><span class='hr-inner '><span class=\"hr-inner-style\"><\/span><\/span><\/div><br \/>\n<br \/>\n\n<style type=\"text\/css\" data-created_by=\"avia_inline_auto\" id=\"style-css-av-3c6b3uo-9cdfc21390925db61b21058db1599270\">\n#top .hr.hr-invisible.av-3c6b3uo-9cdfc21390925db61b21058db1599270{\nheight:30px;\n}\n<\/style>\n<div  class='hr av-3c6b3uo-9cdfc21390925db61b21058db1599270 hr-invisible  avia-builder-el-12  el_after_av_codeblock  avia-builder-el-last '><span class='hr-inner '><span class=\"hr-inner-style\"><\/span><\/span><\/div><\/p><\/div>\n<div  class='flex_column av-30sr0tc-b58d782f764735261090abb4a6d45468 av_one_half  avia-builder-el-13  el_after_av_one_half  el_before_av_one_half  first flex_column_div  column-top-margin'     ><p>\n<style type=\"text\/css\" data-created_by=\"avia_inline_auto\" id=\"style-css-av-8tw4g0-5b5610f3d41dedc49f1cc1ce53367e03\">\n#top .av-special-heading.av-8tw4g0-5b5610f3d41dedc49f1cc1ce53367e03{\npadding-bottom:10px;\n}\nbody .av-special-heading.av-8tw4g0-5b5610f3d41dedc49f1cc1ce53367e03 .av-special-heading-tag .heading-char{\nfont-size:25px;\n}\n.av-special-heading.av-8tw4g0-5b5610f3d41dedc49f1cc1ce53367e03 .av-subheading{\nfont-size:15px;\n}\n<\/style>\n<div  class='av-special-heading av-8tw4g0-5b5610f3d41dedc49f1cc1ce53367e03 av-special-heading-h2 blockquote modern-quote  avia-builder-el-14  el_before_av_hr  avia-builder-el-first '><h2 class='av-special-heading-tag '  itemprop=\"headline\"  >Contenu connexe<\/h2><div class=\"special-heading-border\"><div class=\"special-heading-inner-border\"><\/div><\/div><\/div><br \/>\n\n<style type=\"text\/css\" data-created_by=\"avia_inline_auto\" id=\"style-css-av-25du58g-068e84d7ee41f3aaf978a7a9f31b4a7e\">\n#top .hr.hr-invisible.av-25du58g-068e84d7ee41f3aaf978a7a9f31b4a7e{\nheight:30px;\n}\n<\/style>\n<div  class='hr av-25du58g-068e84d7ee41f3aaf978a7a9f31b4a7e hr-invisible  avia-builder-el-15  el_after_av_heading  el_before_av_magazine '><span class='hr-inner '><span class=\"hr-inner-style\"><\/span><\/span><\/div><br \/>\n<div  id=\"avia-magazine-1\"  class='av-magazine av-lq2eio8u-fe37b3dd7d36cfd58dd0c10e553dfd6b  avia-builder-el-16  el_after_av_hr  avia-builder-el-last   avia-builder-el-16  el_after_av_hr  avia-builder-el-last ' ><div class='av-magazine-group sort_all'><article class='av-magazine-entry av-magazine-entry-id-86673 av-magazine-format-standard av-magazine-type-post av-magazine-entry-1 av-magazine-entry-small '  itemscope=\"itemscope\" itemtype=\"https:\/\/schema.org\/BlogPosting\" itemprop=\"blogPost\" ><div class=\"av-magazine-thumbnail\"><a href='https:\/\/www.wallix.com\/fr\/blogpost\/la-partie-la-plus-dangereuse-de-lattaque-sest-produite-des-mois-avant-que-quiconque-ne-sen-rende-compte\/' title='Lier vers : La partie la plus dangereuse de l&rsquo;attaque s&rsquo;est produite des mois avant que quiconque ne s&rsquo;en rende compte' class='av-magazine-thumbnail-link'><img decoding=\"async\" fetchpriority=\"high\" width=\"80\" height=\"80\" src=\"https:\/\/www.wallix.com\/wp-content\/uploads\/2026\/03\/cyberattack-80x80.jpeg\" class=\"wp-image-86674 avia-img-lazy-loading-not-86674 attachment-thumbnail size-thumbnail wp-post-image\" alt=\"\" srcset=\"https:\/\/www.wallix.com\/wp-content\/uploads\/2026\/03\/cyberattack-80x80.jpeg 80w, https:\/\/www.wallix.com\/wp-content\/uploads\/2026\/03\/cyberattack-36x36.jpeg 36w, https:\/\/www.wallix.com\/wp-content\/uploads\/2026\/03\/cyberattack-180x180.jpeg 180w\" sizes=\"(max-width: 80px) 100vw, 80px\" \/><\/a><\/div><div class=\"av-magazine-content-wrap\"><header class=\"entry-content-header\" aria-label=\"Articles : La partie la plus dangereuse de l&#039;attaque s&#039;est produite des mois avant que quiconque ne s&#039;en rende compte\"><time class='av-magazine-time updated'  itemprop=\"datePublished\" datetime=\"2026-03-30T10:24:20+01:00\" >30 Mars 2026<\/time><h3 class='av-magazine-title entry-title '  itemprop=\"headline\" ><a href='https:\/\/www.wallix.com\/fr\/blogpost\/la-partie-la-plus-dangereuse-de-lattaque-sest-produite-des-mois-avant-que-quiconque-ne-sen-rende-compte\/' title='Lier vers : La partie la plus dangereuse de l&rsquo;attaque s&rsquo;est produite des mois avant que quiconque ne s&rsquo;en rende compte'>La partie la plus dangereuse de l&rsquo;attaque s&rsquo;est produite des mois avant que quiconque ne s&rsquo;en rende compte<\/a><\/h3><\/header><\/div><footer class=\"entry-footer\"><\/footer><\/article><article class='av-magazine-entry av-magazine-entry-id-86007 av-magazine-format-standard av-magazine-type-post av-magazine-entry-2 av-magazine-entry-small '  itemscope=\"itemscope\" itemtype=\"https:\/\/schema.org\/BlogPosting\" itemprop=\"blogPost\" ><div class=\"av-magazine-thumbnail\"><a href='https:\/\/www.wallix.com\/fr\/blogpost\/web-session-manager-le-pilier-dune-strategie-pam-efficace\/' title='Lier vers : Web Session Manager &#8211; Le pilier d&rsquo;une strat\u00e9gie PAM efficace' class='av-magazine-thumbnail-link'><img decoding=\"async\" fetchpriority=\"high\" width=\"80\" height=\"80\" src=\"https:\/\/www.wallix.com\/wp-content\/uploads\/2025\/07\/AdobeStock_1245589619-80x80.jpeg\" class=\"wp-image-74742 avia-img-lazy-loading-not-74742 attachment-thumbnail size-thumbnail wp-post-image\" alt=\"Gros plan sur une barre d&#039;adresse de navigateur affichant le pr\u00e9fixe www. et une ic\u00f4ne de cadenas, illustrant la s\u00e9curit\u00e9 des donn\u00e9es et le chiffrement SSL\/TLS.\" srcset=\"https:\/\/www.wallix.com\/wp-content\/uploads\/2025\/07\/AdobeStock_1245589619-80x80.jpeg 80w, https:\/\/www.wallix.com\/wp-content\/uploads\/2025\/07\/AdobeStock_1245589619-36x36.jpeg 36w, https:\/\/www.wallix.com\/wp-content\/uploads\/2025\/07\/AdobeStock_1245589619-180x180.jpeg 180w\" sizes=\"(max-width: 80px) 100vw, 80px\" \/><\/a><\/div><div class=\"av-magazine-content-wrap\"><header class=\"entry-content-header\" aria-label=\"Articles : Web Session Manager - Le pilier d&#039;une strat\u00e9gie PAM efficace\"><time class='av-magazine-time updated'  itemprop=\"datePublished\" datetime=\"2026-03-16T14:15:26+01:00\" >16 Mars 2026<\/time><h3 class='av-magazine-title entry-title '  itemprop=\"headline\" ><a href='https:\/\/www.wallix.com\/fr\/blogpost\/web-session-manager-le-pilier-dune-strategie-pam-efficace\/' title='Lier vers : Web Session Manager &#8211; Le pilier d&rsquo;une strat\u00e9gie PAM efficace'>Web Session Manager &#8211; Le pilier d&rsquo;une strat\u00e9gie PAM efficace<\/a><\/h3><\/header><\/div><footer class=\"entry-footer\"><\/footer><\/article><article class='av-magazine-entry av-magazine-entry-id-86003 av-magazine-format-standard av-magazine-type-post av-magazine-entry-3 av-magazine-entry-small '  itemscope=\"itemscope\" itemtype=\"https:\/\/schema.org\/BlogPosting\" itemprop=\"blogPost\" ><div class=\"av-magazine-thumbnail\"><a href='https:\/\/www.wallix.com\/fr\/blogpost\/quest-ce-que-le-zero-trust\/' title='Lier vers : Qu\u2019est-ce que le ZERO TRUST ?' class='av-magazine-thumbnail-link'><img decoding=\"async\" fetchpriority=\"high\" width=\"80\" height=\"80\" src=\"https:\/\/www.wallix.com\/wp-content\/uploads\/2023\/11\/zerotrust-80x80.jpeg\" class=\"wp-image-33539 avia-img-lazy-loading-not-33539 attachment-thumbnail size-thumbnail wp-post-image\" alt=\"Illustrative graphic representing the Zero Trust cybersecurity model on a WALLIX page, highlighting key principles of identity\u2011centric access control and continuous verification to protect critical systems and data.\" srcset=\"https:\/\/www.wallix.com\/wp-content\/uploads\/2023\/11\/zerotrust-80x80.jpeg 80w, https:\/\/www.wallix.com\/wp-content\/uploads\/2023\/11\/zerotrust-36x36.jpeg 36w, https:\/\/www.wallix.com\/wp-content\/uploads\/2023\/11\/zerotrust-180x180.jpeg 180w\" sizes=\"(max-width: 80px) 100vw, 80px\" \/><\/a><\/div><div class=\"av-magazine-content-wrap\"><header class=\"entry-content-header\" aria-label=\"Articles : Qu\u2019est-ce que le ZERO TRUST ?\"><time class='av-magazine-time updated'  itemprop=\"datePublished\" datetime=\"2026-03-16T14:14:47+01:00\" >16 Mars 2026<\/time><h3 class='av-magazine-title entry-title '  itemprop=\"headline\" ><a href='https:\/\/www.wallix.com\/fr\/blogpost\/quest-ce-que-le-zero-trust\/' title='Lier vers : Qu\u2019est-ce que le ZERO TRUST ?'>Qu\u2019est-ce que le ZERO TRUST ?<\/a><\/h3><\/header><\/div><footer class=\"entry-footer\"><\/footer><\/article><article class='av-magazine-entry av-magazine-entry-id-73908 av-magazine-format-standard av-magazine-type-post av-magazine-entry-4 av-magazine-entry-small '  itemscope=\"itemscope\" itemtype=\"https:\/\/schema.org\/BlogPosting\" itemprop=\"blogPost\" ><div class=\"av-magazine-thumbnail\"><a href='https:\/\/www.wallix.com\/fr\/blogpost\/securiser-lacces-des-tiers\/' title='Lier vers : S\u00e9curiser l&rsquo;acc\u00e8s des tiers' class='av-magazine-thumbnail-link'><img decoding=\"async\" fetchpriority=\"high\" width=\"80\" height=\"80\" src=\"https:\/\/www.wallix.com\/wp-content\/uploads\/2025\/06\/AdobeStock_1416983531-80x80.jpeg\" class=\"wp-image-73897 avia-img-lazy-loading-not-73897 attachment-thumbnail size-thumbnail wp-post-image\" alt=\"Cybersecurity concept showing a digital padlock with binary code and glowing network connections, symbolizing secure data protection, encrypted communication, and IT network security.\" srcset=\"https:\/\/www.wallix.com\/wp-content\/uploads\/2025\/06\/AdobeStock_1416983531-80x80.jpeg 80w, https:\/\/www.wallix.com\/wp-content\/uploads\/2025\/06\/AdobeStock_1416983531-36x36.jpeg 36w, https:\/\/www.wallix.com\/wp-content\/uploads\/2025\/06\/AdobeStock_1416983531-180x180.jpeg 180w\" sizes=\"(max-width: 80px) 100vw, 80px\" \/><\/a><\/div><div class=\"av-magazine-content-wrap\"><header class=\"entry-content-header\" aria-label=\"Articles : S\u00e9curiser l&#039;acc\u00e8s des tiers\"><time class='av-magazine-time updated'  itemprop=\"datePublished\" datetime=\"2025-06-26T11:18:43+01:00\" >26 Juin 2025<\/time><h3 class='av-magazine-title entry-title '  itemprop=\"headline\" ><a href='https:\/\/www.wallix.com\/fr\/blogpost\/securiser-lacces-des-tiers\/' title='Lier vers : S\u00e9curiser l&rsquo;acc\u00e8s des tiers'>S\u00e9curiser l&rsquo;acc\u00e8s des tiers<\/a><\/h3><\/header><\/div><footer class=\"entry-footer\"><\/footer><\/article><article class='av-magazine-entry av-magazine-entry-id-70421 av-magazine-format-standard av-magazine-type-post av-magazine-entry-5 av-magazine-entry-small '  itemscope=\"itemscope\" itemtype=\"https:\/\/schema.org\/BlogPosting\" itemprop=\"blogPost\" ><div class=\"av-magazine-thumbnail\"><a href='https:\/\/www.wallix.com\/fr\/blogpost\/pedm-gestion-de-elevation-t-delegation-des-privileges\/' title='Lier vers : Qu&rsquo;est-ce que la Gestion de l&rsquo;\u00c9l\u00e9vation et de la D\u00e9l\u00e9gation des Privil\u00e8ges (PEDM) ?' class='av-magazine-thumbnail-link'><img decoding=\"async\" fetchpriority=\"high\" width=\"80\" height=\"80\" src=\"https:\/\/www.wallix.com\/wp-content\/uploads\/2025\/02\/PEDM-80x80.jpeg\" class=\"wp-image-68821 avia-img-lazy-loading-not-68821 attachment-thumbnail size-thumbnail wp-post-image\" alt=\"WALLIX PEDM (Privilege Elevation and Delegation Management) diagram: illustrates fine\u2011grained, just\u2011in\u2011time privilege elevation at the process level to enforce least\u2011privilege security\" srcset=\"https:\/\/www.wallix.com\/wp-content\/uploads\/2025\/02\/PEDM-80x80.jpeg 80w, https:\/\/www.wallix.com\/wp-content\/uploads\/2025\/02\/PEDM-36x36.jpeg 36w, https:\/\/www.wallix.com\/wp-content\/uploads\/2025\/02\/PEDM-180x180.jpeg 180w\" sizes=\"(max-width: 80px) 100vw, 80px\" \/><\/a><\/div><div class=\"av-magazine-content-wrap\"><header class=\"entry-content-header\" aria-label=\"Articles : Qu&#039;est-ce que la Gestion de l&#039;\u00c9l\u00e9vation et de la D\u00e9l\u00e9gation des Privil\u00e8ges (PEDM) ?\"><time class='av-magazine-time updated'  itemprop=\"datePublished\" datetime=\"2025-03-26T13:14:45+01:00\" >26 Mars 2025<\/time><h3 class='av-magazine-title entry-title '  itemprop=\"headline\" ><a href='https:\/\/www.wallix.com\/fr\/blogpost\/pedm-gestion-de-elevation-t-delegation-des-privileges\/' title='Lier vers : Qu&rsquo;est-ce que la Gestion de l&rsquo;\u00c9l\u00e9vation et de la D\u00e9l\u00e9gation des Privil\u00e8ges (PEDM) ?'>Qu&rsquo;est-ce que la Gestion de l&rsquo;\u00c9l\u00e9vation et de la D\u00e9l\u00e9gation des Privil\u00e8ges (PEDM) ?<\/a><\/h3><\/header><\/div><footer class=\"entry-footer\"><\/footer><\/article><\/div><\/div><\/p><\/div><div  class='flex_column av-1kgt3b4-70a1603a4236f3215c6fa058f5274ad3 av_one_half  avia-builder-el-17  el_after_av_one_half  avia-builder-el-last  flex_column_div  column-top-margin'     ><p>\n<style type=\"text\/css\" data-created_by=\"avia_inline_auto\" id=\"style-css-av-goxi8-2e07529db1ccd2d6de9e28aec8cc0d56\">\n#top .av-special-heading.av-goxi8-2e07529db1ccd2d6de9e28aec8cc0d56{\npadding-bottom:10px;\n}\nbody .av-special-heading.av-goxi8-2e07529db1ccd2d6de9e28aec8cc0d56 .av-special-heading-tag .heading-char{\nfont-size:25px;\n}\n.av-special-heading.av-goxi8-2e07529db1ccd2d6de9e28aec8cc0d56 .av-subheading{\nfont-size:15px;\n}\n<\/style>\n<div  class='av-special-heading av-goxi8-2e07529db1ccd2d6de9e28aec8cc0d56 av-special-heading-h2 blockquote modern-quote  avia-builder-el-18  el_before_av_hr  avia-builder-el-first '><h2 class='av-special-heading-tag '  itemprop=\"headline\"  >Ressources connexes<\/h2><div class=\"special-heading-border\"><div class=\"special-heading-inner-border\"><\/div><\/div><\/div><br \/>\n\n<style type=\"text\/css\" data-created_by=\"avia_inline_auto\" id=\"style-css-av-lobi00-a1006b6a50f35117967ad0e6bdd42a02\">\n#top .hr.hr-invisible.av-lobi00-a1006b6a50f35117967ad0e6bdd42a02{\nheight:30px;\n}\n<\/style>\n<div  class='hr av-lobi00-a1006b6a50f35117967ad0e6bdd42a02 hr-invisible  avia-builder-el-19  el_after_av_heading  el_before_av_magazine '><span class='hr-inner '><span class=\"hr-inner-style\"><\/span><\/span><\/div><br \/>\n<div  id=\"avia-magazine-2\"  class='av-magazine av-lq2eiuj6-850f71eb8f58794e8b67eae1c8d26701  avia-builder-el-20  el_after_av_hr  avia-builder-el-last   avia-builder-el-20  el_after_av_hr  avia-builder-el-last ' ><div class='av-magazine-group sort_all'><article class='av-magazine-entry av-magazine-entry-id-87198 av-magazine-format-standard av-magazine-type-post av-magazine-entry-1 av-magazine-entry-small '  itemscope=\"itemscope\" itemtype=\"https:\/\/schema.org\/BlogPosting\" itemprop=\"blogPost\" ><div class=\"av-magazine-thumbnail\"><a href='https:\/\/www.wallix.com\/fr\/ressources\/whitepaper-fr\/le-cout-reel-du-pam-partie-ii-de-la-theorie-a-la-pratique\/' title='Lier vers : Le co\u00fbt r\u00e9el du PAM &#8211; Partie II : De la th\u00e9orie \u00e0 la pratique' class='av-magazine-thumbnail-link'><img decoding=\"async\" fetchpriority=\"high\" width=\"80\" height=\"80\" src=\"https:\/\/www.wallix.com\/wp-content\/uploads\/2026\/01\/AdobeStock_1075718939-80x80.jpeg\" class=\"wp-image-87187 avia-img-lazy-loading-not-87187 attachment-thumbnail size-thumbnail wp-post-image\" alt=\"\" srcset=\"https:\/\/www.wallix.com\/wp-content\/uploads\/2026\/01\/AdobeStock_1075718939-80x80.jpeg 80w, https:\/\/www.wallix.com\/wp-content\/uploads\/2026\/01\/AdobeStock_1075718939-36x36.jpeg 36w, https:\/\/www.wallix.com\/wp-content\/uploads\/2026\/01\/AdobeStock_1075718939-180x180.jpeg 180w\" sizes=\"(max-width: 80px) 100vw, 80px\" \/><\/a><\/div><div class=\"av-magazine-content-wrap\"><header class=\"entry-content-header\" aria-label=\"Articles : Le co\u00fbt r\u00e9el du PAM - Partie II : De la th\u00e9orie \u00e0 la pratique\"><time class='av-magazine-time updated'  itemprop=\"datePublished\" datetime=\"2026-04-20T08:36:03+01:00\" >20 Avril 2026<\/time><h3 class='av-magazine-title entry-title '  itemprop=\"headline\" ><a href='https:\/\/www.wallix.com\/fr\/ressources\/whitepaper-fr\/le-cout-reel-du-pam-partie-ii-de-la-theorie-a-la-pratique\/' title='Lier vers : Le co\u00fbt r\u00e9el du PAM &#8211; Partie II : De la th\u00e9orie \u00e0 la pratique'>Le co\u00fbt r\u00e9el du PAM &#8211; Partie II : De la th\u00e9orie \u00e0 la pratique<\/a><\/h3><\/header><\/div><footer class=\"entry-footer\"><\/footer><\/article><article class='av-magazine-entry av-magazine-entry-id-87160 av-magazine-format-standard av-magazine-type-post av-magazine-entry-2 av-magazine-entry-small '  itemscope=\"itemscope\" itemtype=\"https:\/\/schema.org\/BlogPosting\" itemprop=\"blogPost\" ><div class=\"av-magazine-thumbnail\"><a href='https:\/\/www.wallix.com\/fr\/ressources\/whitepaper-fr\/resilience-des-systemes-ot-face-aux-cybermenaces-avant-pendant-et-apres-lincident\/' title='Lier vers : R\u00e9silience des syst\u00e8mes OT face aux cybermenaces : Avant, pendant et apr\u00e8s l\u2019incident' class='av-magazine-thumbnail-link'><img decoding=\"async\" fetchpriority=\"high\" width=\"80\" height=\"80\" src=\"https:\/\/www.wallix.com\/wp-content\/uploads\/2026\/04\/ot-security-resiliencervb-80x80.jpg\" class=\"wp-image-87161 avia-img-lazy-loading-not-87161 attachment-thumbnail size-thumbnail wp-post-image\" alt=\"\" srcset=\"https:\/\/www.wallix.com\/wp-content\/uploads\/2026\/04\/ot-security-resiliencervb-80x80.jpg 80w, https:\/\/www.wallix.com\/wp-content\/uploads\/2026\/04\/ot-security-resiliencervb-36x36.jpg 36w, https:\/\/www.wallix.com\/wp-content\/uploads\/2026\/04\/ot-security-resiliencervb-180x180.jpg 180w\" sizes=\"(max-width: 80px) 100vw, 80px\" \/><\/a><\/div><div class=\"av-magazine-content-wrap\"><header class=\"entry-content-header\" aria-label=\"Articles : R\u00e9silience des syst\u00e8mes OT face aux cybermenaces : Avant, pendant et apr\u00e8s l\u2019incident\"><time class='av-magazine-time updated'  itemprop=\"datePublished\" datetime=\"2026-04-15T13:30:12+01:00\" >15 Avril 2026<\/time><h3 class='av-magazine-title entry-title '  itemprop=\"headline\" ><a href='https:\/\/www.wallix.com\/fr\/ressources\/whitepaper-fr\/resilience-des-systemes-ot-face-aux-cybermenaces-avant-pendant-et-apres-lincident\/' title='Lier vers : R\u00e9silience des syst\u00e8mes OT face aux cybermenaces : Avant, pendant et apr\u00e8s l\u2019incident'>R\u00e9silience des syst\u00e8mes OT face aux cybermenaces : Avant, pendant et apr\u00e8s l\u2019incident<\/a><\/h3><\/header><\/div><footer class=\"entry-footer\"><\/footer><\/article><article class='av-magazine-entry av-magazine-entry-id-67440 av-magazine-format-standard av-magazine-type-post av-magazine-entry-3 av-magazine-entry-small '  itemscope=\"itemscope\" itemtype=\"https:\/\/schema.org\/BlogPosting\" itemprop=\"blogPost\" ><div class=\"av-magazine-thumbnail\"><a href='https:\/\/www.wallix.com\/fr\/ressources\/whitepaper-fr\/3-strategies-un-acces-distant-securise-dans-les-environnements-industriels\/' title='Lier vers : 3 Strat\u00e9gies pour s\u00e9curiser l&rsquo;acc\u00e8s distant en industrie' class='av-magazine-thumbnail-link'><img decoding=\"async\" fetchpriority=\"high\" width=\"80\" height=\"80\" src=\"https:\/\/www.wallix.com\/wp-content\/uploads\/2024\/04\/WALLIX-INSIDE-BACKGROUND-80x80.jpeg\" class=\"wp-image-54109 avia-img-lazy-loading-not-54109 attachment-thumbnail size-thumbnail wp-post-image\" alt=\"Gas storage sphere tanks in petrochemical industry or oil and gas refinery plant at evening, Manufacturing of petroleum industrial plant with gas column and smoke stacks on sunset sky background\" srcset=\"https:\/\/www.wallix.com\/wp-content\/uploads\/2024\/04\/WALLIX-INSIDE-BACKGROUND-80x80.jpeg 80w, https:\/\/www.wallix.com\/wp-content\/uploads\/2024\/04\/WALLIX-INSIDE-BACKGROUND-36x36.jpeg 36w, https:\/\/www.wallix.com\/wp-content\/uploads\/2024\/04\/WALLIX-INSIDE-BACKGROUND-180x180.jpeg 180w\" sizes=\"(max-width: 80px) 100vw, 80px\" \/><\/a><\/div><div class=\"av-magazine-content-wrap\"><header class=\"entry-content-header\" aria-label=\"Articles : 3 Strat\u00e9gies pour s\u00e9curiser l&#039;acc\u00e8s distant en industrie\"><time class='av-magazine-time updated'  itemprop=\"datePublished\" datetime=\"2024-12-30T11:55:34+01:00\" >30 D\u00e9cembre 2024<\/time><h3 class='av-magazine-title entry-title '  itemprop=\"headline\" ><a href='https:\/\/www.wallix.com\/fr\/ressources\/whitepaper-fr\/3-strategies-un-acces-distant-securise-dans-les-environnements-industriels\/' title='Lier vers : 3 Strat\u00e9gies pour s\u00e9curiser l&rsquo;acc\u00e8s distant en industrie'>3 Strat\u00e9gies pour s\u00e9curiser l&rsquo;acc\u00e8s distant en industrie<\/a><\/h3><\/header><\/div><footer class=\"entry-footer\"><\/footer><\/article><article class='av-magazine-entry av-magazine-entry-id-66348 av-magazine-format-standard av-magazine-type-post av-magazine-entry-4 av-magazine-entry-small '  itemscope=\"itemscope\" itemtype=\"https:\/\/schema.org\/BlogPosting\" itemprop=\"blogPost\" ><div class=\"av-magazine-thumbnail\"><a href='https:\/\/www.wallix.com\/fr\/ressources\/whitepaper-fr\/guide-du-rssi-sur-la-conformite-reglementaire\/' title='Lier vers : Guide du RSSI sur la conformit\u00e9 r\u00e9glementaire' class='av-magazine-thumbnail-link'><img decoding=\"async\" fetchpriority=\"high\" width=\"80\" height=\"80\" src=\"https:\/\/www.wallix.com\/wp-content\/uploads\/2023\/09\/CISO-COUV-80x80.png\" class=\"wp-image-34032 avia-img-lazy-loading-not-34032 attachment-thumbnail size-thumbnail wp-post-image\" alt=\"Image de couverture CISO\" srcset=\"https:\/\/www.wallix.com\/wp-content\/uploads\/2023\/09\/CISO-COUV-80x80.png 80w, https:\/\/www.wallix.com\/wp-content\/uploads\/2023\/09\/CISO-COUV-36x36.png 36w, https:\/\/www.wallix.com\/wp-content\/uploads\/2023\/09\/CISO-COUV-180x180.png 180w\" sizes=\"(max-width: 80px) 100vw, 80px\" \/><\/a><\/div><div class=\"av-magazine-content-wrap\"><header class=\"entry-content-header\" aria-label=\"Articles : Guide du RSSI sur la conformit\u00e9 r\u00e9glementaire\"><time class='av-magazine-time updated'  itemprop=\"datePublished\" datetime=\"2024-12-02T15:16:27+01:00\" >2 D\u00e9cembre 2024<\/time><h3 class='av-magazine-title entry-title '  itemprop=\"headline\" ><a href='https:\/\/www.wallix.com\/fr\/ressources\/whitepaper-fr\/guide-du-rssi-sur-la-conformite-reglementaire\/' title='Lier vers : Guide du RSSI sur la conformit\u00e9 r\u00e9glementaire'>Guide du RSSI sur la conformit\u00e9 r\u00e9glementaire<\/a><\/h3><\/header><\/div><footer class=\"entry-footer\"><\/footer><\/article><article class='av-magazine-entry av-magazine-entry-id-64867 av-magazine-format-standard av-magazine-type-post av-magazine-entry-5 av-magazine-entry-small '  itemscope=\"itemscope\" itemtype=\"https:\/\/schema.org\/BlogPosting\" itemprop=\"blogPost\" ><div class=\"av-magazine-thumbnail\"><a href='https:\/\/www.wallix.com\/fr\/ressources\/whitepaper-fr\/10-keys-cybersecurity-strategies-msps-need-to-know\/' title='Lier vers : 10 strat\u00e9gies cl\u00e9s de cybers\u00e9curit\u00e9 que tout MSP doit conna\u00eetre' class='av-magazine-thumbnail-link'><img decoding=\"async\" fetchpriority=\"high\" width=\"80\" height=\"80\" src=\"https:\/\/www.wallix.com\/wp-content\/uploads\/2024\/09\/AdobeStock_740825139-80x80.jpeg\" class=\"wp-image-63214 avia-img-lazy-loading-not-63214 attachment-thumbnail size-thumbnail wp-post-image\" alt=\"Conceptual cybersecurity illustration \u2014 visual depiction of data protection, network security and secure IT infrastructure for modern enterprise environments.\" srcset=\"https:\/\/www.wallix.com\/wp-content\/uploads\/2024\/09\/AdobeStock_740825139-80x80.jpeg 80w, https:\/\/www.wallix.com\/wp-content\/uploads\/2024\/09\/AdobeStock_740825139-36x36.jpeg 36w, https:\/\/www.wallix.com\/wp-content\/uploads\/2024\/09\/AdobeStock_740825139-180x180.jpeg 180w\" sizes=\"(max-width: 80px) 100vw, 80px\" \/><\/a><\/div><div class=\"av-magazine-content-wrap\"><header class=\"entry-content-header\" aria-label=\"Articles : 10 strat\u00e9gies cl\u00e9s de cybers\u00e9curit\u00e9 que tout MSP doit conna\u00eetre\"><time class='av-magazine-time updated'  itemprop=\"datePublished\" datetime=\"2024-10-21T15:25:33+01:00\" >21 Octobre 2024<\/time><h3 class='av-magazine-title entry-title '  itemprop=\"headline\" ><a href='https:\/\/www.wallix.com\/fr\/ressources\/whitepaper-fr\/10-keys-cybersecurity-strategies-msps-need-to-know\/' title='Lier vers : 10 strat\u00e9gies cl\u00e9s de cybers\u00e9curit\u00e9 que tout MSP doit conna\u00eetre'>10 strat\u00e9gies cl\u00e9s de cybers\u00e9curit\u00e9 que tout MSP doit conna\u00eetre<\/a><\/h3><\/header><\/div><footer class=\"entry-footer\"><\/footer><\/article><\/div><\/div><\/p><\/div><\/p>\n","protected":false},"excerpt":{"rendered":"","protected":false},"author":3,"featured_media":37031,"comment_status":"closed","ping_status":"closed","sticky":false,"template":"","format":"standard","meta":{"_acf_changed":false,"content-type":"","inline_featured_image":false,"footnotes":""},"categories":[1868,1916],"tags":[],"class_list":["post-37517","post","type-post","status-publish","format-standard","has-post-thumbnail","hentry","category-success-stories-fr-ressources","category-transport-fr"],"acf":[],"yoast_head":"<!-- This site is optimized with the Yoast SEO plugin v27.3 - https:\/\/yoast.com\/product\/yoast-seo-wordpress\/ -->\n<title>L&#039;a\u00e9roport de Bordeaux choisit WALLIX PAM pour s\u00e9curiser ses acc\u00e8s distants - WALLIX<\/title>\n<meta name=\"robots\" content=\"index, follow, max-snippet:-1, max-image-preview:large, max-video-preview:-1\" \/>\n<link rel=\"canonical\" href=\"https:\/\/www.wallix.com\/fr\/ressources\/success-stories-fr-ressources\/laeroport-de-bordeaux-choisit-wallix-pam-pour-securiser-ses-acces-a-distance\/\" \/>\n<meta property=\"og:locale\" content=\"fr_FR\" \/>\n<meta property=\"og:type\" content=\"article\" \/>\n<meta property=\"og:title\" content=\"L&#039;a\u00e9roport de Bordeaux choisit WALLIX PAM pour s\u00e9curiser ses acc\u00e8s distants - WALLIX\" \/>\n<meta property=\"og:url\" content=\"https:\/\/www.wallix.com\/fr\/ressources\/success-stories-fr-ressources\/laeroport-de-bordeaux-choisit-wallix-pam-pour-securiser-ses-acces-a-distance\/\" \/>\n<meta property=\"og:site_name\" content=\"WALLIX\" \/>\n<meta property=\"article:published_time\" content=\"2023-12-13T15:27:54+00:00\" \/>\n<meta property=\"article:modified_time\" content=\"2025-02-13T15:37:48+00:00\" \/>\n<meta property=\"og:image\" content=\"https:\/\/www.wallix.com\/wp-content\/uploads\/2023\/12\/BORDEAUX-AIRPORT.webp\" \/>\n\t<meta property=\"og:image:width\" content=\"800\" \/>\n\t<meta property=\"og:image:height\" content=\"600\" \/>\n\t<meta property=\"og:image:type\" content=\"image\/webp\" \/>\n<meta name=\"author\" content=\"WALLIX\" \/>\n<meta name=\"twitter:card\" content=\"summary_large_image\" \/>\n<meta name=\"twitter:creator\" content=\"@wallixcom\" \/>\n<meta name=\"twitter:site\" content=\"@wallixcom\" \/>\n<meta name=\"twitter:label1\" content=\"\u00c9crit par\" \/>\n\t<meta name=\"twitter:data1\" content=\"WALLIX\" \/>\n\t<meta name=\"twitter:label2\" content=\"Dur\u00e9e de lecture estim\u00e9e\" \/>\n\t<meta name=\"twitter:data2\" content=\"3 minutes\" \/>\n<script type=\"application\/ld+json\" class=\"yoast-schema-graph\">{\"@context\":\"https:\\\/\\\/schema.org\",\"@graph\":[{\"@type\":\"Article\",\"@id\":\"https:\\\/\\\/www.wallix.com\\\/fr\\\/ressources\\\/success-stories-fr-ressources\\\/laeroport-de-bordeaux-choisit-wallix-pam-pour-securiser-ses-acces-a-distance\\\/#article\",\"isPartOf\":{\"@id\":\"https:\\\/\\\/www.wallix.com\\\/fr\\\/ressources\\\/success-stories-fr-ressources\\\/laeroport-de-bordeaux-choisit-wallix-pam-pour-securiser-ses-acces-a-distance\\\/\"},\"author\":{\"name\":\"WALLIX\",\"@id\":\"https:\\\/\\\/www.wallix.com\\\/fr\\\/#\\\/schema\\\/person\\\/8b1daa830716a62cdf5631aa0e211abd\"},\"headline\":\"L&rsquo;a\u00e9roport de Bordeaux choisit WALLIX PAM pour s\u00e9curiser ses acc\u00e8s distants\",\"datePublished\":\"2023-12-13T15:27:54+00:00\",\"dateModified\":\"2025-02-13T15:37:48+00:00\",\"mainEntityOfPage\":{\"@id\":\"https:\\\/\\\/www.wallix.com\\\/fr\\\/ressources\\\/success-stories-fr-ressources\\\/laeroport-de-bordeaux-choisit-wallix-pam-pour-securiser-ses-acces-a-distance\\\/\"},\"wordCount\":3347,\"publisher\":{\"@id\":\"https:\\\/\\\/www.wallix.com\\\/fr\\\/#organization\"},\"image\":{\"@id\":\"https:\\\/\\\/www.wallix.com\\\/fr\\\/ressources\\\/success-stories-fr-ressources\\\/laeroport-de-bordeaux-choisit-wallix-pam-pour-securiser-ses-acces-a-distance\\\/#primaryimage\"},\"thumbnailUrl\":\"https:\\\/\\\/www.wallix.com\\\/wp-content\\\/uploads\\\/2023\\\/12\\\/BORDEAUX-AIRPORT.webp\",\"articleSection\":[\"SUCCESS STORIES\",\"TRANSPORT\"],\"inLanguage\":\"fr-FR\"},{\"@type\":\"WebPage\",\"@id\":\"https:\\\/\\\/www.wallix.com\\\/fr\\\/ressources\\\/success-stories-fr-ressources\\\/laeroport-de-bordeaux-choisit-wallix-pam-pour-securiser-ses-acces-a-distance\\\/\",\"url\":\"https:\\\/\\\/www.wallix.com\\\/fr\\\/ressources\\\/success-stories-fr-ressources\\\/laeroport-de-bordeaux-choisit-wallix-pam-pour-securiser-ses-acces-a-distance\\\/\",\"name\":\"L'a\u00e9roport de Bordeaux choisit WALLIX PAM pour s\u00e9curiser ses acc\u00e8s distants - WALLIX\",\"isPartOf\":{\"@id\":\"https:\\\/\\\/www.wallix.com\\\/fr\\\/#website\"},\"primaryImageOfPage\":{\"@id\":\"https:\\\/\\\/www.wallix.com\\\/fr\\\/ressources\\\/success-stories-fr-ressources\\\/laeroport-de-bordeaux-choisit-wallix-pam-pour-securiser-ses-acces-a-distance\\\/#primaryimage\"},\"image\":{\"@id\":\"https:\\\/\\\/www.wallix.com\\\/fr\\\/ressources\\\/success-stories-fr-ressources\\\/laeroport-de-bordeaux-choisit-wallix-pam-pour-securiser-ses-acces-a-distance\\\/#primaryimage\"},\"thumbnailUrl\":\"https:\\\/\\\/www.wallix.com\\\/wp-content\\\/uploads\\\/2023\\\/12\\\/BORDEAUX-AIRPORT.webp\",\"datePublished\":\"2023-12-13T15:27:54+00:00\",\"dateModified\":\"2025-02-13T15:37:48+00:00\",\"inLanguage\":\"fr-FR\",\"potentialAction\":[{\"@type\":\"ReadAction\",\"target\":[\"https:\\\/\\\/www.wallix.com\\\/fr\\\/ressources\\\/success-stories-fr-ressources\\\/laeroport-de-bordeaux-choisit-wallix-pam-pour-securiser-ses-acces-a-distance\\\/\"]}]},{\"@type\":\"ImageObject\",\"inLanguage\":\"fr-FR\",\"@id\":\"https:\\\/\\\/www.wallix.com\\\/fr\\\/ressources\\\/success-stories-fr-ressources\\\/laeroport-de-bordeaux-choisit-wallix-pam-pour-securiser-ses-acces-a-distance\\\/#primaryimage\",\"url\":\"https:\\\/\\\/www.wallix.com\\\/wp-content\\\/uploads\\\/2023\\\/12\\\/BORDEAUX-AIRPORT.webp\",\"contentUrl\":\"https:\\\/\\\/www.wallix.com\\\/wp-content\\\/uploads\\\/2023\\\/12\\\/BORDEAUX-AIRPORT.webp\",\"width\":800,\"height\":600,\"caption\":\"Photograph or graphic of Bordeaux Airport (Bordeaux\u2013M\u00e9rignac Airport) illustrating the airport infrastructure serving Bordeaux, France. Used on the WALLIX Bordeaux Airport case study page to visually represent the airport organisation that chose WALLIX PAM to secure remote access and strengthen cybersecurity across its systems.\"},{\"@type\":\"WebSite\",\"@id\":\"https:\\\/\\\/www.wallix.com\\\/fr\\\/#website\",\"url\":\"https:\\\/\\\/www.wallix.com\\\/fr\\\/\",\"name\":\"WALLIX\",\"description\":\"CYBERSECURITY SIMPLIFIED\",\"publisher\":{\"@id\":\"https:\\\/\\\/www.wallix.com\\\/fr\\\/#organization\"},\"potentialAction\":[{\"@type\":\"SearchAction\",\"target\":{\"@type\":\"EntryPoint\",\"urlTemplate\":\"https:\\\/\\\/www.wallix.com\\\/fr\\\/?s={search_term_string}\"},\"query-input\":{\"@type\":\"PropertyValueSpecification\",\"valueRequired\":true,\"valueName\":\"search_term_string\"}}],\"inLanguage\":\"fr-FR\"},{\"@type\":\"Organization\",\"@id\":\"https:\\\/\\\/www.wallix.com\\\/fr\\\/#organization\",\"name\":\"WALLIX\",\"url\":\"https:\\\/\\\/www.wallix.com\\\/fr\\\/\",\"logo\":{\"@type\":\"ImageObject\",\"inLanguage\":\"fr-FR\",\"@id\":\"https:\\\/\\\/www.wallix.com\\\/fr\\\/#\\\/schema\\\/logo\\\/image\\\/\",\"url\":\"https:\\\/\\\/www.wallix.com\\\/wp-content\\\/uploads\\\/2024\\\/03\\\/LOGO_WALLIX_2024_blackorange.png\",\"contentUrl\":\"https:\\\/\\\/www.wallix.com\\\/wp-content\\\/uploads\\\/2024\\\/03\\\/LOGO_WALLIX_2024_blackorange.png\",\"width\":3108,\"height\":827,\"caption\":\"WALLIX\"},\"image\":{\"@id\":\"https:\\\/\\\/www.wallix.com\\\/fr\\\/#\\\/schema\\\/logo\\\/image\\\/\"},\"sameAs\":[\"https:\\\/\\\/x.com\\\/wallixcom\",\"https:\\\/\\\/www.linkedin.com\\\/company\\\/wallix\\\/\",\"https:\\\/\\\/www.youtube.com\\\/wallix\"]},{\"@type\":\"Person\",\"@id\":\"https:\\\/\\\/www.wallix.com\\\/fr\\\/#\\\/schema\\\/person\\\/8b1daa830716a62cdf5631aa0e211abd\",\"name\":\"WALLIX\",\"image\":{\"@type\":\"ImageObject\",\"inLanguage\":\"fr-FR\",\"@id\":\"https:\\\/\\\/secure.gravatar.com\\\/avatar\\\/8bf1123a19c4364709de2f7c8c881ed5f2bb750cac73f782f39aea052e526546?s=96&d=mm&r=g\",\"url\":\"https:\\\/\\\/secure.gravatar.com\\\/avatar\\\/8bf1123a19c4364709de2f7c8c881ed5f2bb750cac73f782f39aea052e526546?s=96&d=mm&r=g\",\"contentUrl\":\"https:\\\/\\\/secure.gravatar.com\\\/avatar\\\/8bf1123a19c4364709de2f7c8c881ed5f2bb750cac73f782f39aea052e526546?s=96&d=mm&r=g\",\"caption\":\"WALLIX\"},\"url\":\"https:\\\/\\\/www.wallix.com\\\/fr\\\/author\\\/alex\\\/\"}]}<\/script>\n<!-- \/ Yoast SEO plugin. -->","yoast_head_json":{"title":"L'a\u00e9roport de Bordeaux choisit WALLIX PAM pour s\u00e9curiser ses acc\u00e8s distants - WALLIX","robots":{"index":"index","follow":"follow","max-snippet":"max-snippet:-1","max-image-preview":"max-image-preview:large","max-video-preview":"max-video-preview:-1"},"canonical":"https:\/\/www.wallix.com\/fr\/ressources\/success-stories-fr-ressources\/laeroport-de-bordeaux-choisit-wallix-pam-pour-securiser-ses-acces-a-distance\/","og_locale":"fr_FR","og_type":"article","og_title":"L'a\u00e9roport de Bordeaux choisit WALLIX PAM pour s\u00e9curiser ses acc\u00e8s distants - WALLIX","og_url":"https:\/\/www.wallix.com\/fr\/ressources\/success-stories-fr-ressources\/laeroport-de-bordeaux-choisit-wallix-pam-pour-securiser-ses-acces-a-distance\/","og_site_name":"WALLIX","article_published_time":"2023-12-13T15:27:54+00:00","article_modified_time":"2025-02-13T15:37:48+00:00","og_image":[{"width":800,"height":600,"url":"https:\/\/www.wallix.com\/wp-content\/uploads\/2023\/12\/BORDEAUX-AIRPORT.webp","type":"image\/webp"}],"author":"WALLIX","twitter_card":"summary_large_image","twitter_creator":"@wallixcom","twitter_site":"@wallixcom","twitter_misc":{"\u00c9crit par":"WALLIX","Dur\u00e9e de lecture estim\u00e9e":"3 minutes"},"schema":{"@context":"https:\/\/schema.org","@graph":[{"@type":"Article","@id":"https:\/\/www.wallix.com\/fr\/ressources\/success-stories-fr-ressources\/laeroport-de-bordeaux-choisit-wallix-pam-pour-securiser-ses-acces-a-distance\/#article","isPartOf":{"@id":"https:\/\/www.wallix.com\/fr\/ressources\/success-stories-fr-ressources\/laeroport-de-bordeaux-choisit-wallix-pam-pour-securiser-ses-acces-a-distance\/"},"author":{"name":"WALLIX","@id":"https:\/\/www.wallix.com\/fr\/#\/schema\/person\/8b1daa830716a62cdf5631aa0e211abd"},"headline":"L&rsquo;a\u00e9roport de Bordeaux choisit WALLIX PAM pour s\u00e9curiser ses acc\u00e8s distants","datePublished":"2023-12-13T15:27:54+00:00","dateModified":"2025-02-13T15:37:48+00:00","mainEntityOfPage":{"@id":"https:\/\/www.wallix.com\/fr\/ressources\/success-stories-fr-ressources\/laeroport-de-bordeaux-choisit-wallix-pam-pour-securiser-ses-acces-a-distance\/"},"wordCount":3347,"publisher":{"@id":"https:\/\/www.wallix.com\/fr\/#organization"},"image":{"@id":"https:\/\/www.wallix.com\/fr\/ressources\/success-stories-fr-ressources\/laeroport-de-bordeaux-choisit-wallix-pam-pour-securiser-ses-acces-a-distance\/#primaryimage"},"thumbnailUrl":"https:\/\/www.wallix.com\/wp-content\/uploads\/2023\/12\/BORDEAUX-AIRPORT.webp","articleSection":["SUCCESS STORIES","TRANSPORT"],"inLanguage":"fr-FR"},{"@type":"WebPage","@id":"https:\/\/www.wallix.com\/fr\/ressources\/success-stories-fr-ressources\/laeroport-de-bordeaux-choisit-wallix-pam-pour-securiser-ses-acces-a-distance\/","url":"https:\/\/www.wallix.com\/fr\/ressources\/success-stories-fr-ressources\/laeroport-de-bordeaux-choisit-wallix-pam-pour-securiser-ses-acces-a-distance\/","name":"L'a\u00e9roport de Bordeaux choisit WALLIX PAM pour s\u00e9curiser ses acc\u00e8s distants - WALLIX","isPartOf":{"@id":"https:\/\/www.wallix.com\/fr\/#website"},"primaryImageOfPage":{"@id":"https:\/\/www.wallix.com\/fr\/ressources\/success-stories-fr-ressources\/laeroport-de-bordeaux-choisit-wallix-pam-pour-securiser-ses-acces-a-distance\/#primaryimage"},"image":{"@id":"https:\/\/www.wallix.com\/fr\/ressources\/success-stories-fr-ressources\/laeroport-de-bordeaux-choisit-wallix-pam-pour-securiser-ses-acces-a-distance\/#primaryimage"},"thumbnailUrl":"https:\/\/www.wallix.com\/wp-content\/uploads\/2023\/12\/BORDEAUX-AIRPORT.webp","datePublished":"2023-12-13T15:27:54+00:00","dateModified":"2025-02-13T15:37:48+00:00","inLanguage":"fr-FR","potentialAction":[{"@type":"ReadAction","target":["https:\/\/www.wallix.com\/fr\/ressources\/success-stories-fr-ressources\/laeroport-de-bordeaux-choisit-wallix-pam-pour-securiser-ses-acces-a-distance\/"]}]},{"@type":"ImageObject","inLanguage":"fr-FR","@id":"https:\/\/www.wallix.com\/fr\/ressources\/success-stories-fr-ressources\/laeroport-de-bordeaux-choisit-wallix-pam-pour-securiser-ses-acces-a-distance\/#primaryimage","url":"https:\/\/www.wallix.com\/wp-content\/uploads\/2023\/12\/BORDEAUX-AIRPORT.webp","contentUrl":"https:\/\/www.wallix.com\/wp-content\/uploads\/2023\/12\/BORDEAUX-AIRPORT.webp","width":800,"height":600,"caption":"Photograph or graphic of Bordeaux Airport (Bordeaux\u2013M\u00e9rignac Airport) illustrating the airport infrastructure serving Bordeaux, France. Used on the WALLIX Bordeaux Airport case study page to visually represent the airport organisation that chose WALLIX PAM to secure remote access and strengthen cybersecurity across its systems."},{"@type":"WebSite","@id":"https:\/\/www.wallix.com\/fr\/#website","url":"https:\/\/www.wallix.com\/fr\/","name":"WALLIX","description":"CYBERSECURITY SIMPLIFIED","publisher":{"@id":"https:\/\/www.wallix.com\/fr\/#organization"},"potentialAction":[{"@type":"SearchAction","target":{"@type":"EntryPoint","urlTemplate":"https:\/\/www.wallix.com\/fr\/?s={search_term_string}"},"query-input":{"@type":"PropertyValueSpecification","valueRequired":true,"valueName":"search_term_string"}}],"inLanguage":"fr-FR"},{"@type":"Organization","@id":"https:\/\/www.wallix.com\/fr\/#organization","name":"WALLIX","url":"https:\/\/www.wallix.com\/fr\/","logo":{"@type":"ImageObject","inLanguage":"fr-FR","@id":"https:\/\/www.wallix.com\/fr\/#\/schema\/logo\/image\/","url":"https:\/\/www.wallix.com\/wp-content\/uploads\/2024\/03\/LOGO_WALLIX_2024_blackorange.png","contentUrl":"https:\/\/www.wallix.com\/wp-content\/uploads\/2024\/03\/LOGO_WALLIX_2024_blackorange.png","width":3108,"height":827,"caption":"WALLIX"},"image":{"@id":"https:\/\/www.wallix.com\/fr\/#\/schema\/logo\/image\/"},"sameAs":["https:\/\/x.com\/wallixcom","https:\/\/www.linkedin.com\/company\/wallix\/","https:\/\/www.youtube.com\/wallix"]},{"@type":"Person","@id":"https:\/\/www.wallix.com\/fr\/#\/schema\/person\/8b1daa830716a62cdf5631aa0e211abd","name":"WALLIX","image":{"@type":"ImageObject","inLanguage":"fr-FR","@id":"https:\/\/secure.gravatar.com\/avatar\/8bf1123a19c4364709de2f7c8c881ed5f2bb750cac73f782f39aea052e526546?s=96&d=mm&r=g","url":"https:\/\/secure.gravatar.com\/avatar\/8bf1123a19c4364709de2f7c8c881ed5f2bb750cac73f782f39aea052e526546?s=96&d=mm&r=g","contentUrl":"https:\/\/secure.gravatar.com\/avatar\/8bf1123a19c4364709de2f7c8c881ed5f2bb750cac73f782f39aea052e526546?s=96&d=mm&r=g","caption":"WALLIX"},"url":"https:\/\/www.wallix.com\/fr\/author\/alex\/"}]}},"_links":{"self":[{"href":"https:\/\/www.wallix.com\/fr\/wp-json\/wp\/v2\/posts\/37517","targetHints":{"allow":["GET"]}}],"collection":[{"href":"https:\/\/www.wallix.com\/fr\/wp-json\/wp\/v2\/posts"}],"about":[{"href":"https:\/\/www.wallix.com\/fr\/wp-json\/wp\/v2\/types\/post"}],"author":[{"embeddable":true,"href":"https:\/\/www.wallix.com\/fr\/wp-json\/wp\/v2\/users\/3"}],"replies":[{"embeddable":true,"href":"https:\/\/www.wallix.com\/fr\/wp-json\/wp\/v2\/comments?post=37517"}],"version-history":[{"count":13,"href":"https:\/\/www.wallix.com\/fr\/wp-json\/wp\/v2\/posts\/37517\/revisions"}],"predecessor-version":[{"id":45382,"href":"https:\/\/www.wallix.com\/fr\/wp-json\/wp\/v2\/posts\/37517\/revisions\/45382"}],"wp:featuredmedia":[{"embeddable":true,"href":"https:\/\/www.wallix.com\/fr\/wp-json\/wp\/v2\/media\/37031"}],"wp:attachment":[{"href":"https:\/\/www.wallix.com\/fr\/wp-json\/wp\/v2\/media?parent=37517"}],"wp:term":[{"taxonomy":"category","embeddable":true,"href":"https:\/\/www.wallix.com\/fr\/wp-json\/wp\/v2\/categories?post=37517"},{"taxonomy":"post_tag","embeddable":true,"href":"https:\/\/www.wallix.com\/fr\/wp-json\/wp\/v2\/tags?post=37517"}],"curies":[{"name":"wp","href":"https:\/\/api.w.org\/{rel}","templated":true}]}}