{"id":37412,"date":"2024-02-05T10:59:51","date_gmt":"2024-02-05T09:59:51","guid":{"rendered":"https:\/\/www.wallix.com\/?p=37412"},"modified":"2024-10-04T15:17:24","modified_gmt":"2024-10-04T14:17:24","slug":"considerations-cles-pour-ladoption-du-saas-et-principales-raisons-pour-lesquelles-le-pam-as-a-service-est-benefique-pour-votre-entreprise","status":"publish","type":"post","link":"https:\/\/www.wallix.com\/fr\/ressources\/whitepaper-fr\/considerations-cles-pour-ladoption-du-saas-et-principales-raisons-pour-lesquelles-le-pam-as-a-service-est-benefique-pour-votre-entreprise\/","title":{"rendered":"Consid\u00e9rations cl\u00e9s pour l&rsquo;adoption du SaaS et Principales raisons pour lesquelles le PAM as a Service est b\u00e9n\u00e9fique pour votre entreprise"},"content":{"rendered":"<div id='av_section_1'  class='avia-section av-av_section-269b91799f001b6f95afc97395c1f287 main_color avia-section-default avia-no-border-styling  avia-builder-el-0  el_before_av_one_half  avia-builder-el-first  avia-bg-style-fixed av-minimum-height av-minimum-height-25 av-height-25  container_wrap fullsize'   data-av_minimum_height_pc='25' data-av_min_height_opt='25'><div class='container av-section-cont-open' ><main  role=\"main\" itemprop=\"mainContentOfPage\"  class='template-page content  av-content-full alpha units'><div class='post-entry post-entry-type-page post-entry-37412'><div class='entry-content-wrapper clearfix'>\n\n<style type=\"text\/css\" data-created_by=\"avia_inline_auto\" id=\"style-css-av-lq3l9x11-de38df2f945a80c928a643e731a8bc18\">\n#top .av-special-heading.av-lq3l9x11-de38df2f945a80c928a643e731a8bc18{\npadding-bottom:10px;\ncolor:#ffffff;\n}\nbody .av-special-heading.av-lq3l9x11-de38df2f945a80c928a643e731a8bc18 .av-special-heading-tag .heading-char{\nfont-size:25px;\n}\n.av-special-heading.av-lq3l9x11-de38df2f945a80c928a643e731a8bc18 .special-heading-inner-border{\nborder-color:#ffffff;\n}\n.av-special-heading.av-lq3l9x11-de38df2f945a80c928a643e731a8bc18 .av-subheading{\nfont-size:15px;\n}\n<\/style>\n<div  class='av-special-heading av-lq3l9x11-de38df2f945a80c928a643e731a8bc18 av-special-heading-h1 custom-color-heading  avia-builder-el-1  avia-builder-el-no-sibling '><h1 class='av-special-heading-tag '  itemprop=\"headline\"  >Consid\u00e9rations cl\u00e9s pour l\u2019adoption du SaaS et Principales raisons pour lesquelles le PAM as a Service est b\u00e9n\u00e9fique pour votre entreprise<\/h1><div class=\"special-heading-border\"><div class=\"special-heading-inner-border\"><\/div><\/div><\/div>\n<\/div><\/div><\/main><!-- close content main element --><\/div><\/div><div id='after_section_1'  class='main_color av_default_container_wrap container_wrap fullsize'  ><div class='container av-section-cont-open' ><div class='template-page content  av-content-full alpha units'><div class='post-entry post-entry-type-page post-entry-37412'><div class='entry-content-wrapper clearfix'><div  class='flex_column av-av_one_half-7714eba142aeda1f8b5272a3c372b279 av_one_half  avia-builder-el-2  el_after_av_section  el_before_av_one_half  avia-builder-el-first  first flex_column_div  '     ><section  class='av_textblock_section av-lq3laj3k-c1488005b87e13bde70b985cea586386 '   itemscope=\"itemscope\" itemtype=\"https:\/\/schema.org\/BlogPosting\" itemprop=\"blogPost\" ><div class='avia_textblock'  itemprop=\"text\" ><h2><span style=\"color: #000000;\"><strong>Pourquoi le PAM as a Service est b\u00e9n\u00e9fique pour votre entreprise ?<br \/>\n<\/strong><\/span><\/h2>\n<p>Dans un paysage num\u00e9rique en constante \u00e9volution, la cybers\u00e9curit\u00e9 devient un imp\u00e9ratif absolu pour les entreprises cherchant \u00e0 innover et \u00e0 cro\u00eetre. Notre whitepaper explore en profondeur le concept du \u00ab\u00a0PAM as a Service\u00a0\u00bb (Privileged Access Management en tant que service) et son r\u00f4le crucial pour votre entreprise.<\/p>\n<p>En simplifiant l&rsquo;acc\u00e8s aux privil\u00e8ges tout en r\u00e9pondant aux besoins croissants de rapidit\u00e9 et d&rsquo;agilit\u00e9 op\u00e9rationnelle, le PAM as a Service \u00e9merge comme un levier essentiel pour stimuler l&rsquo;innovation, la croissance et le succ\u00e8s commercial.<\/p>\n<p>Ce mod\u00e8le combine la robustesse de la gestion des acc\u00e8s \u00e0 privil\u00e8ges avec les avantages du cloud, offrant ainsi une d\u00e9fense renforc\u00e9e contre les acc\u00e8s non autoris\u00e9s, une conformit\u00e9 am\u00e9lior\u00e9e et la pr\u00e9servation de l&rsquo;int\u00e9grit\u00e9 des donn\u00e9es critiques.<\/p>\n<p><strong>Remplissez le formulaire pour t\u00e9l\u00e9charger maintenant notre whitepaper pour en savoir plus et pour assurer votre efficacit\u00e9 et votre protection \u00e0 long terme.<\/strong><\/p>\n<\/div><\/section><br \/>\n<div  class='av-social-sharing-box av-av_social_share-05a12ddba3f20ea2e4b11762d14cb424 av-social-sharing-box-default  avia-builder-el-4  el_after_av_textblock  avia-builder-el-last  av-social-sharing-box-fullwidth'><div class=\"av-share-box\"><h5 class='av-share-link-description av-no-toc '>Share this whitepaper<\/h5><ul class=\"av-share-box-list noLightbox\"><li class='av-share-link av-social-link-twitter avia_social_iconfont' ><a target=\"_blank\" aria-label=\"Partager sur X\" href='https:\/\/twitter.com\/share?text=Consid%C3%A9rations%20cl%C3%A9s%20pour%20l%E2%80%99adoption%20du%20SaaS%20et%20Principales%20raisons%20pour%20lesquelles%20le%20PAM%20as%20a%20Service%20est%20b%C3%A9n%C3%A9fique%20pour%20votre%20entreprise&#038;url=https:\/\/www.wallix.com\/fr\/?p=37412' data-av_icon='\ue932' data-av_iconfont='entypo-fontello'  title='' data-avia-related-tooltip='Partager sur X'><span class='avia_hidden_link_text'>Partager sur X<\/span><\/a><\/li><li class='av-share-link av-social-link-linkedin avia_social_iconfont' ><a target=\"_blank\" aria-label=\"Partager sur LinkedIn\" href='https:\/\/linkedin.com\/shareArticle?mini=true&#038;title=Consid%C3%A9rations%20cl%C3%A9s%20pour%20l%E2%80%99adoption%20du%20SaaS%20et%20Principales%20raisons%20pour%20lesquelles%20le%20PAM%20as%20a%20Service%20est%20b%C3%A9n%C3%A9fique%20pour%20votre%20entreprise&#038;url=https:\/\/www.wallix.com\/fr\/ressources\/whitepaper-fr\/considerations-cles-pour-ladoption-du-saas-et-principales-raisons-pour-lesquelles-le-pam-as-a-service-est-benefique-pour-votre-entreprise\/' data-av_icon='\ue8fc' data-av_iconfont='entypo-fontello'  title='' data-avia-related-tooltip='Partager sur LinkedIn'><span class='avia_hidden_link_text'>Partager sur LinkedIn<\/span><\/a><\/li><li class='av-share-link av-social-link-mail avia_social_iconfont' ><a  aria-label=\"Partager par Mail\" href='mailto:?subject=Consid%C3%A9rations%20cl%C3%A9s%20pour%20l%E2%80%99adoption%20du%20SaaS%20et%20Principales%20raisons%20pour%20lesquelles%20le%20PAM%20as%20a%20Service%20est%20b%C3%A9n%C3%A9fique%20pour%20votre%20entreprise&#038;body=https:\/\/www.wallix.com\/fr\/ressources\/whitepaper-fr\/considerations-cles-pour-ladoption-du-saas-et-principales-raisons-pour-lesquelles-le-pam-as-a-service-est-benefique-pour-votre-entreprise\/' data-av_icon='\ue805' data-av_iconfont='entypo-fontello'  title='' data-avia-related-tooltip='Partager par Mail'><span class='avia_hidden_link_text'>Partager par Mail<\/span><\/a><\/li><\/ul><\/div><\/div><\/p><\/div><div  class='flex_column av-av_one_half-f1c518e9ff58e869f80c8f093487abc9 av_one_half  avia-builder-el-5  el_after_av_one_half  el_before_av_one_half  flex_column_div  '     ><section  class='av_textblock_section av-lsu5ly3n-a59930beb44e270b2e845cdb71ba60bd '   itemscope=\"itemscope\" itemtype=\"https:\/\/schema.org\/BlogPosting\" itemprop=\"blogPost\" ><div class='avia_textblock'  itemprop=\"text\" ><h3><strong>T\u00e9l\u00e9charger ce livre blanc<br \/>\n<\/strong><\/h3>\n<\/div><\/section><br \/>\n\n<style type=\"text\/css\" data-created_by=\"avia_inline_auto\" id=\"style-css-av-av_hr-af89a52d51412774536fa272e468f7cd\">\n#top .hr.hr-invisible.av-av_hr-af89a52d51412774536fa272e468f7cd{\nheight:30px;\n}\n<\/style>\n<div  class='hr av-av_hr-af89a52d51412774536fa272e468f7cd hr-invisible  avia-builder-el-7  el_after_av_textblock  el_before_av_codeblock '><span class='hr-inner '><span class=\"hr-inner-style\"><\/span><\/span><\/div><br \/>\n<br \/>\n\n<style type=\"text\/css\" data-created_by=\"avia_inline_auto\" id=\"style-css-av-av_hr-af89a52d51412774536fa272e468f7cd\">\n#top .hr.hr-invisible.av-av_hr-af89a52d51412774536fa272e468f7cd{\nheight:30px;\n}\n<\/style>\n<div  class='hr av-av_hr-af89a52d51412774536fa272e468f7cd hr-invisible  avia-builder-el-9  el_after_av_codeblock  avia-builder-el-last '><span class='hr-inner '><span class=\"hr-inner-style\"><\/span><\/span><\/div><\/p><\/div><div  class='flex_column av-av_one_half-7714eba142aeda1f8b5272a3c372b279 av_one_half  avia-builder-el-10  el_after_av_one_half  el_before_av_one_half  first flex_column_div  column-top-margin'     ><p>\n<style type=\"text\/css\" data-created_by=\"avia_inline_auto\" id=\"style-css-av-av_heading-0080c60a64df2c87276c830cf6302f0f\">\n#top .av-special-heading.av-av_heading-0080c60a64df2c87276c830cf6302f0f{\npadding-bottom:10px;\n}\nbody .av-special-heading.av-av_heading-0080c60a64df2c87276c830cf6302f0f .av-special-heading-tag .heading-char{\nfont-size:25px;\n}\n.av-special-heading.av-av_heading-0080c60a64df2c87276c830cf6302f0f .av-subheading{\nfont-size:15px;\n}\n<\/style>\n<div  class='av-special-heading av-av_heading-0080c60a64df2c87276c830cf6302f0f av-special-heading-h2 blockquote modern-quote  avia-builder-el-11  el_before_av_hr  avia-builder-el-first '><h2 class='av-special-heading-tag '  itemprop=\"headline\"  >Related content<\/h2><div class=\"special-heading-border\"><div class=\"special-heading-inner-border\"><\/div><\/div><\/div><br \/>\n\n<style type=\"text\/css\" data-created_by=\"avia_inline_auto\" id=\"style-css-av-av_hr-af89a52d51412774536fa272e468f7cd\">\n#top .hr.hr-invisible.av-av_hr-af89a52d51412774536fa272e468f7cd{\nheight:30px;\n}\n<\/style>\n<div  class='hr av-av_hr-af89a52d51412774536fa272e468f7cd hr-invisible  avia-builder-el-12  el_after_av_heading  el_before_av_magazine '><span class='hr-inner '><span class=\"hr-inner-style\"><\/span><\/span><\/div><br \/>\n<div  id=\"avia-magazine-1\"  class='av-magazine av-ls8rhf49-17604928bb0e01254479cce071f37e31 av-magazine-hero-top  avia-builder-el-13  el_after_av_hr  avia-builder-el-last   avia-builder-el-13  el_after_av_hr  avia-builder-el-last ' ><div class='av-magazine-group sort_all'><div class='av-magazine-hero first '><article class='av-magazine-entry av-magazine-entry-id-86673 av-magazine-format-standard av-magazine-type-post av-magazine-entry-1 av-magazine-entry-big '  itemscope=\"itemscope\" itemtype=\"https:\/\/schema.org\/BlogPosting\" itemprop=\"blogPost\" ><div class=\"av-magazine-thumbnail\"><a href='https:\/\/www.wallix.com\/fr\/blogpost\/la-partie-la-plus-dangereuse-de-lattaque-sest-produite-des-mois-avant-que-quiconque-ne-sen-rende-compte\/' title='Lier vers : La partie la plus dangereuse de l&rsquo;attaque s&rsquo;est produite des mois avant que quiconque ne s&rsquo;en rende compte' class='av-magazine-thumbnail-link'><img decoding=\"async\" fetchpriority=\"high\" width=\"710\" height=\"375\" src=\"https:\/\/www.wallix.com\/wp-content\/uploads\/2026\/03\/cyberattack-710x375.jpeg\" class=\"wp-image-86674 avia-img-lazy-loading-not-86674 attachment-magazine size-magazine wp-post-image\" alt=\"\" \/><\/a><\/div><div class=\"av-magazine-content-wrap\"><header class=\"entry-content-header\" aria-label=\"Articles : La partie la plus dangereuse de l&#039;attaque s&#039;est produite des mois avant que quiconque ne s&#039;en rende compte\"><time class='av-magazine-time updated'  itemprop=\"datePublished\" datetime=\"2026-03-30T10:24:20+01:00\" >30 Mars 2026<\/time><h3 class='av-magazine-title entry-title '  itemprop=\"headline\" ><a href='https:\/\/www.wallix.com\/fr\/blogpost\/la-partie-la-plus-dangereuse-de-lattaque-sest-produite-des-mois-avant-que-quiconque-ne-sen-rende-compte\/' title='Lier vers : La partie la plus dangereuse de l&rsquo;attaque s&rsquo;est produite des mois avant que quiconque ne s&rsquo;en rende compte'>La partie la plus dangereuse de l&rsquo;attaque s&rsquo;est produite des mois avant que quiconque ne s&rsquo;en rende compte<\/a><\/h3><\/header><\/div><footer class=\"entry-footer\"><\/footer><\/article><\/div><div class='av-magazine-sideshow '><article class='av-magazine-entry av-magazine-entry-id-86007 av-magazine-format-standard av-magazine-type-post av-magazine-entry-2 av-magazine-entry-small '  itemscope=\"itemscope\" itemtype=\"https:\/\/schema.org\/BlogPosting\" itemprop=\"blogPost\" ><div class=\"av-magazine-thumbnail\"><a href='https:\/\/www.wallix.com\/fr\/blogpost\/web-session-manager-le-pilier-dune-strategie-pam-efficace\/' title='Lier vers : Web Session Manager &#8211; Le pilier d&rsquo;une strat\u00e9gie PAM efficace' class='av-magazine-thumbnail-link'><img decoding=\"async\" fetchpriority=\"high\" width=\"80\" height=\"80\" src=\"https:\/\/www.wallix.com\/wp-content\/uploads\/2025\/07\/AdobeStock_1245589619-80x80.jpeg\" class=\"wp-image-74742 avia-img-lazy-loading-not-74742 attachment-thumbnail size-thumbnail wp-post-image\" alt=\"Gros plan sur une barre d&#039;adresse de navigateur affichant le pr\u00e9fixe www. et une ic\u00f4ne de cadenas, illustrant la s\u00e9curit\u00e9 des donn\u00e9es et le chiffrement SSL\/TLS.\" srcset=\"https:\/\/www.wallix.com\/wp-content\/uploads\/2025\/07\/AdobeStock_1245589619-80x80.jpeg 80w, https:\/\/www.wallix.com\/wp-content\/uploads\/2025\/07\/AdobeStock_1245589619-36x36.jpeg 36w, https:\/\/www.wallix.com\/wp-content\/uploads\/2025\/07\/AdobeStock_1245589619-180x180.jpeg 180w\" sizes=\"(max-width: 80px) 100vw, 80px\" \/><\/a><\/div><div class=\"av-magazine-content-wrap\"><header class=\"entry-content-header\" aria-label=\"Articles : Web Session Manager - Le pilier d&#039;une strat\u00e9gie PAM efficace\"><time class='av-magazine-time updated'  itemprop=\"datePublished\" datetime=\"2026-03-16T14:15:26+01:00\" >16 Mars 2026<\/time><h3 class='av-magazine-title entry-title '  itemprop=\"headline\" ><a href='https:\/\/www.wallix.com\/fr\/blogpost\/web-session-manager-le-pilier-dune-strategie-pam-efficace\/' title='Lier vers : Web Session Manager &#8211; Le pilier d&rsquo;une strat\u00e9gie PAM efficace'>Web Session Manager &#8211; Le pilier d&rsquo;une strat\u00e9gie PAM efficace<\/a><\/h3><\/header><\/div><footer class=\"entry-footer\"><\/footer><\/article><article class='av-magazine-entry av-magazine-entry-id-86003 av-magazine-format-standard av-magazine-type-post av-magazine-entry-3 av-magazine-entry-small '  itemscope=\"itemscope\" itemtype=\"https:\/\/schema.org\/BlogPosting\" itemprop=\"blogPost\" ><div class=\"av-magazine-thumbnail\"><a href='https:\/\/www.wallix.com\/fr\/blogpost\/quest-ce-que-le-zero-trust\/' title='Lier vers : Qu\u2019est-ce que le ZERO TRUST ?' class='av-magazine-thumbnail-link'><img decoding=\"async\" fetchpriority=\"high\" width=\"80\" height=\"80\" src=\"https:\/\/www.wallix.com\/wp-content\/uploads\/2023\/11\/zerotrust-80x80.jpeg\" class=\"wp-image-33539 avia-img-lazy-loading-not-33539 attachment-thumbnail size-thumbnail wp-post-image\" alt=\"Illustrative graphic representing the Zero Trust cybersecurity model on a WALLIX page, highlighting key principles of identity\u2011centric access control and continuous verification to protect critical systems and data.\" srcset=\"https:\/\/www.wallix.com\/wp-content\/uploads\/2023\/11\/zerotrust-80x80.jpeg 80w, https:\/\/www.wallix.com\/wp-content\/uploads\/2023\/11\/zerotrust-36x36.jpeg 36w, https:\/\/www.wallix.com\/wp-content\/uploads\/2023\/11\/zerotrust-180x180.jpeg 180w\" sizes=\"(max-width: 80px) 100vw, 80px\" \/><\/a><\/div><div class=\"av-magazine-content-wrap\"><header class=\"entry-content-header\" aria-label=\"Articles : Qu\u2019est-ce que le ZERO TRUST ?\"><time class='av-magazine-time updated'  itemprop=\"datePublished\" datetime=\"2026-03-16T14:14:47+01:00\" >16 Mars 2026<\/time><h3 class='av-magazine-title entry-title '  itemprop=\"headline\" ><a href='https:\/\/www.wallix.com\/fr\/blogpost\/quest-ce-que-le-zero-trust\/' title='Lier vers : Qu\u2019est-ce que le ZERO TRUST ?'>Qu\u2019est-ce que le ZERO TRUST ?<\/a><\/h3><\/header><\/div><footer class=\"entry-footer\"><\/footer><\/article><article class='av-magazine-entry av-magazine-entry-id-70421 av-magazine-format-standard av-magazine-type-post av-magazine-entry-4 av-magazine-entry-small '  itemscope=\"itemscope\" itemtype=\"https:\/\/schema.org\/BlogPosting\" itemprop=\"blogPost\" ><div class=\"av-magazine-thumbnail\"><a href='https:\/\/www.wallix.com\/fr\/blogpost\/pedm-gestion-de-elevation-t-delegation-des-privileges\/' title='Lier vers : Qu&rsquo;est-ce que la Gestion de l&rsquo;\u00c9l\u00e9vation et de la D\u00e9l\u00e9gation des Privil\u00e8ges (PEDM) ?' class='av-magazine-thumbnail-link'><img decoding=\"async\" fetchpriority=\"high\" width=\"80\" height=\"80\" src=\"https:\/\/www.wallix.com\/wp-content\/uploads\/2025\/02\/PEDM-80x80.jpeg\" class=\"wp-image-68821 avia-img-lazy-loading-not-68821 attachment-thumbnail size-thumbnail wp-post-image\" alt=\"WALLIX PEDM (Privilege Elevation and Delegation Management) diagram: illustrates fine\u2011grained, just\u2011in\u2011time privilege elevation at the process level to enforce least\u2011privilege security\" srcset=\"https:\/\/www.wallix.com\/wp-content\/uploads\/2025\/02\/PEDM-80x80.jpeg 80w, https:\/\/www.wallix.com\/wp-content\/uploads\/2025\/02\/PEDM-36x36.jpeg 36w, https:\/\/www.wallix.com\/wp-content\/uploads\/2025\/02\/PEDM-180x180.jpeg 180w\" sizes=\"(max-width: 80px) 100vw, 80px\" \/><\/a><\/div><div class=\"av-magazine-content-wrap\"><header class=\"entry-content-header\" aria-label=\"Articles : Qu&#039;est-ce que la Gestion de l&#039;\u00c9l\u00e9vation et de la D\u00e9l\u00e9gation des Privil\u00e8ges (PEDM) ?\"><time class='av-magazine-time updated'  itemprop=\"datePublished\" datetime=\"2025-03-26T13:14:45+01:00\" >26 Mars 2025<\/time><h3 class='av-magazine-title entry-title '  itemprop=\"headline\" ><a href='https:\/\/www.wallix.com\/fr\/blogpost\/pedm-gestion-de-elevation-t-delegation-des-privileges\/' title='Lier vers : Qu&rsquo;est-ce que la Gestion de l&rsquo;\u00c9l\u00e9vation et de la D\u00e9l\u00e9gation des Privil\u00e8ges (PEDM) ?'>Qu&rsquo;est-ce que la Gestion de l&rsquo;\u00c9l\u00e9vation et de la D\u00e9l\u00e9gation des Privil\u00e8ges (PEDM) ?<\/a><\/h3><\/header><\/div><footer class=\"entry-footer\"><\/footer><\/article><article class='av-magazine-entry av-magazine-entry-id-68427 av-magazine-format-standard av-magazine-type-post av-magazine-entry-5 av-magazine-entry-small '  itemscope=\"itemscope\" itemtype=\"https:\/\/schema.org\/BlogPosting\" itemprop=\"blogPost\" ><div class=\"av-magazine-thumbnail\"><a href='https:\/\/www.wallix.com\/fr\/blogpost\/gestionnaire-de-session-quest-ce-que-cest-et-pourquoi-vous-en-avez-besoin\/' title='Lier vers : Gestionnaire de session : Qu&rsquo;est-ce que c&rsquo;est et pourquoi vous en avez besoin' class='av-magazine-thumbnail-link'><img decoding=\"async\" fetchpriority=\"high\" width=\"80\" height=\"80\" src=\"https:\/\/www.wallix.com\/wp-content\/uploads\/2025\/07\/AdobeStock_1245589619-80x80.jpeg\" class=\"wp-image-74742 avia-img-lazy-loading-not-74742 attachment-thumbnail size-thumbnail wp-post-image\" alt=\"Gros plan sur une barre d&#039;adresse de navigateur affichant le pr\u00e9fixe www. et une ic\u00f4ne de cadenas, illustrant la s\u00e9curit\u00e9 des donn\u00e9es et le chiffrement SSL\/TLS.\" srcset=\"https:\/\/www.wallix.com\/wp-content\/uploads\/2025\/07\/AdobeStock_1245589619-80x80.jpeg 80w, https:\/\/www.wallix.com\/wp-content\/uploads\/2025\/07\/AdobeStock_1245589619-36x36.jpeg 36w, https:\/\/www.wallix.com\/wp-content\/uploads\/2025\/07\/AdobeStock_1245589619-180x180.jpeg 180w\" sizes=\"(max-width: 80px) 100vw, 80px\" \/><\/a><\/div><div class=\"av-magazine-content-wrap\"><header class=\"entry-content-header\" aria-label=\"Articles : Gestionnaire de session : Qu&#039;est-ce que c&#039;est et pourquoi vous en avez besoin\"><time class='av-magazine-time updated'  itemprop=\"datePublished\" datetime=\"2025-02-12T16:07:06+01:00\" >12 F\u00e9vrier 2025<\/time><h3 class='av-magazine-title entry-title '  itemprop=\"headline\" ><a href='https:\/\/www.wallix.com\/fr\/blogpost\/gestionnaire-de-session-quest-ce-que-cest-et-pourquoi-vous-en-avez-besoin\/' title='Lier vers : Gestionnaire de session : Qu&rsquo;est-ce que c&rsquo;est et pourquoi vous en avez besoin'>Gestionnaire de session : Qu&rsquo;est-ce que c&rsquo;est et pourquoi vous en avez besoin<\/a><\/h3><\/header><\/div><footer class=\"entry-footer\"><\/footer><\/article><\/div><\/div><\/div><\/p><\/div><\/p>\n<div  class='flex_column av-av_one_half-f1c518e9ff58e869f80c8f093487abc9 av_one_half  avia-builder-el-14  el_after_av_one_half  avia-builder-el-last  flex_column_div  column-top-margin'     ><p>\n<style type=\"text\/css\" data-created_by=\"avia_inline_auto\" id=\"style-css-av-av_heading-1408c3658b8e847b07168368cf6d857a\">\n#top .av-special-heading.av-av_heading-1408c3658b8e847b07168368cf6d857a{\npadding-bottom:10px;\n}\nbody .av-special-heading.av-av_heading-1408c3658b8e847b07168368cf6d857a .av-special-heading-tag .heading-char{\nfont-size:25px;\n}\n.av-special-heading.av-av_heading-1408c3658b8e847b07168368cf6d857a .av-subheading{\nfont-size:15px;\n}\n<\/style>\n<div  class='av-special-heading av-av_heading-1408c3658b8e847b07168368cf6d857a av-special-heading-h2 blockquote modern-quote  avia-builder-el-15  el_before_av_hr  avia-builder-el-first '><h2 class='av-special-heading-tag '  itemprop=\"headline\"  >Related resources<\/h2><div class=\"special-heading-border\"><div class=\"special-heading-inner-border\"><\/div><\/div><\/div><br \/>\n\n<style type=\"text\/css\" data-created_by=\"avia_inline_auto\" id=\"style-css-av-av_hr-af89a52d51412774536fa272e468f7cd\">\n#top .hr.hr-invisible.av-av_hr-af89a52d51412774536fa272e468f7cd{\nheight:30px;\n}\n<\/style>\n<div  class='hr av-av_hr-af89a52d51412774536fa272e468f7cd hr-invisible  avia-builder-el-16  el_after_av_heading  el_before_av_magazine '><span class='hr-inner '><span class=\"hr-inner-style\"><\/span><\/span><\/div><br \/>\n<div  id=\"avia-magazine-2\"  class='av-magazine av-ls8rh0sv-692365ea742eb468b32ef3f1cc04e59b av-magazine-hero-top  avia-builder-el-17  el_after_av_hr  avia-builder-el-last   avia-builder-el-17  el_after_av_hr  avia-builder-el-last ' ><div class='av-magazine-group sort_all'><div class='av-magazine-hero first '><article class='av-magazine-entry av-magazine-entry-id-87198 av-magazine-format-standard av-magazine-type-post av-magazine-entry-1 av-magazine-entry-big '  itemscope=\"itemscope\" itemtype=\"https:\/\/schema.org\/BlogPosting\" itemprop=\"blogPost\" ><div class=\"av-magazine-thumbnail\"><a href='https:\/\/www.wallix.com\/fr\/ressources\/whitepaper-fr\/le-cout-reel-du-pam-partie-ii-de-la-theorie-a-la-pratique\/' title='Lier vers : Le co\u00fbt r\u00e9el du PAM &#8211; Partie II : De la th\u00e9orie \u00e0 la pratique' class='av-magazine-thumbnail-link'><img decoding=\"async\" fetchpriority=\"high\" width=\"710\" height=\"375\" src=\"https:\/\/www.wallix.com\/wp-content\/uploads\/2026\/01\/AdobeStock_1075718939-710x375.jpeg\" class=\"wp-image-87187 avia-img-lazy-loading-not-87187 attachment-magazine size-magazine wp-post-image\" alt=\"\" \/><\/a><\/div><div class=\"av-magazine-content-wrap\"><header class=\"entry-content-header\" aria-label=\"Articles : Le co\u00fbt r\u00e9el du PAM - Partie II : De la th\u00e9orie \u00e0 la pratique\"><time class='av-magazine-time updated'  itemprop=\"datePublished\" datetime=\"2026-04-20T08:36:03+01:00\" >20 Avril 2026<\/time><h3 class='av-magazine-title entry-title '  itemprop=\"headline\" ><a href='https:\/\/www.wallix.com\/fr\/ressources\/whitepaper-fr\/le-cout-reel-du-pam-partie-ii-de-la-theorie-a-la-pratique\/' title='Lier vers : Le co\u00fbt r\u00e9el du PAM &#8211; Partie II : De la th\u00e9orie \u00e0 la pratique'>Le co\u00fbt r\u00e9el du PAM &#8211; Partie II : De la th\u00e9orie \u00e0 la pratique<\/a><\/h3><\/header><\/div><footer class=\"entry-footer\"><\/footer><\/article><\/div><div class='av-magazine-sideshow '><article class='av-magazine-entry av-magazine-entry-id-87160 av-magazine-format-standard av-magazine-type-post av-magazine-entry-2 av-magazine-entry-small '  itemscope=\"itemscope\" itemtype=\"https:\/\/schema.org\/BlogPosting\" itemprop=\"blogPost\" ><div class=\"av-magazine-thumbnail\"><a href='https:\/\/www.wallix.com\/fr\/ressources\/whitepaper-fr\/resilience-des-systemes-ot-face-aux-cybermenaces-avant-pendant-et-apres-lincident\/' title='Lier vers : R\u00e9silience des syst\u00e8mes OT face aux cybermenaces : Avant, pendant et apr\u00e8s l\u2019incident' class='av-magazine-thumbnail-link'><img decoding=\"async\" fetchpriority=\"high\" width=\"80\" height=\"80\" src=\"https:\/\/www.wallix.com\/wp-content\/uploads\/2026\/04\/ot-security-resiliencervb-80x80.jpg\" class=\"wp-image-87161 avia-img-lazy-loading-not-87161 attachment-thumbnail size-thumbnail wp-post-image\" alt=\"\" srcset=\"https:\/\/www.wallix.com\/wp-content\/uploads\/2026\/04\/ot-security-resiliencervb-80x80.jpg 80w, https:\/\/www.wallix.com\/wp-content\/uploads\/2026\/04\/ot-security-resiliencervb-36x36.jpg 36w, https:\/\/www.wallix.com\/wp-content\/uploads\/2026\/04\/ot-security-resiliencervb-180x180.jpg 180w\" sizes=\"(max-width: 80px) 100vw, 80px\" \/><\/a><\/div><div class=\"av-magazine-content-wrap\"><header class=\"entry-content-header\" aria-label=\"Articles : R\u00e9silience des syst\u00e8mes OT face aux cybermenaces : Avant, pendant et apr\u00e8s l\u2019incident\"><time class='av-magazine-time updated'  itemprop=\"datePublished\" datetime=\"2026-04-15T13:30:12+01:00\" >15 Avril 2026<\/time><h3 class='av-magazine-title entry-title '  itemprop=\"headline\" ><a href='https:\/\/www.wallix.com\/fr\/ressources\/whitepaper-fr\/resilience-des-systemes-ot-face-aux-cybermenaces-avant-pendant-et-apres-lincident\/' title='Lier vers : R\u00e9silience des syst\u00e8mes OT face aux cybermenaces : Avant, pendant et apr\u00e8s l\u2019incident'>R\u00e9silience des syst\u00e8mes OT face aux cybermenaces : Avant, pendant et apr\u00e8s l\u2019incident<\/a><\/h3><\/header><\/div><footer class=\"entry-footer\"><\/footer><\/article><article class='av-magazine-entry av-magazine-entry-id-67440 av-magazine-format-standard av-magazine-type-post av-magazine-entry-3 av-magazine-entry-small '  itemscope=\"itemscope\" itemtype=\"https:\/\/schema.org\/BlogPosting\" itemprop=\"blogPost\" ><div class=\"av-magazine-thumbnail\"><a href='https:\/\/www.wallix.com\/fr\/ressources\/whitepaper-fr\/3-strategies-un-acces-distant-securise-dans-les-environnements-industriels\/' title='Lier vers : 3 Strat\u00e9gies pour s\u00e9curiser l&rsquo;acc\u00e8s distant en industrie' class='av-magazine-thumbnail-link'><img decoding=\"async\" fetchpriority=\"high\" width=\"80\" height=\"80\" src=\"https:\/\/www.wallix.com\/wp-content\/uploads\/2024\/04\/WALLIX-INSIDE-BACKGROUND-80x80.jpeg\" class=\"wp-image-54109 avia-img-lazy-loading-not-54109 attachment-thumbnail size-thumbnail wp-post-image\" alt=\"Gas storage sphere tanks in petrochemical industry or oil and gas refinery plant at evening, Manufacturing of petroleum industrial plant with gas column and smoke stacks on sunset sky background\" srcset=\"https:\/\/www.wallix.com\/wp-content\/uploads\/2024\/04\/WALLIX-INSIDE-BACKGROUND-80x80.jpeg 80w, https:\/\/www.wallix.com\/wp-content\/uploads\/2024\/04\/WALLIX-INSIDE-BACKGROUND-36x36.jpeg 36w, https:\/\/www.wallix.com\/wp-content\/uploads\/2024\/04\/WALLIX-INSIDE-BACKGROUND-180x180.jpeg 180w\" sizes=\"(max-width: 80px) 100vw, 80px\" \/><\/a><\/div><div class=\"av-magazine-content-wrap\"><header class=\"entry-content-header\" aria-label=\"Articles : 3 Strat\u00e9gies pour s\u00e9curiser l&#039;acc\u00e8s distant en industrie\"><time class='av-magazine-time updated'  itemprop=\"datePublished\" datetime=\"2024-12-30T11:55:34+01:00\" >30 D\u00e9cembre 2024<\/time><h3 class='av-magazine-title entry-title '  itemprop=\"headline\" ><a href='https:\/\/www.wallix.com\/fr\/ressources\/whitepaper-fr\/3-strategies-un-acces-distant-securise-dans-les-environnements-industriels\/' title='Lier vers : 3 Strat\u00e9gies pour s\u00e9curiser l&rsquo;acc\u00e8s distant en industrie'>3 Strat\u00e9gies pour s\u00e9curiser l&rsquo;acc\u00e8s distant en industrie<\/a><\/h3><\/header><\/div><footer class=\"entry-footer\"><\/footer><\/article><article class='av-magazine-entry av-magazine-entry-id-66348 av-magazine-format-standard av-magazine-type-post av-magazine-entry-4 av-magazine-entry-small '  itemscope=\"itemscope\" itemtype=\"https:\/\/schema.org\/BlogPosting\" itemprop=\"blogPost\" ><div class=\"av-magazine-thumbnail\"><a href='https:\/\/www.wallix.com\/fr\/ressources\/whitepaper-fr\/guide-du-rssi-sur-la-conformite-reglementaire\/' title='Lier vers : Guide du RSSI sur la conformit\u00e9 r\u00e9glementaire' class='av-magazine-thumbnail-link'><img decoding=\"async\" fetchpriority=\"high\" width=\"80\" height=\"80\" src=\"https:\/\/www.wallix.com\/wp-content\/uploads\/2023\/09\/CISO-COUV-80x80.png\" class=\"wp-image-34032 avia-img-lazy-loading-not-34032 attachment-thumbnail size-thumbnail wp-post-image\" alt=\"Image de couverture CISO\" srcset=\"https:\/\/www.wallix.com\/wp-content\/uploads\/2023\/09\/CISO-COUV-80x80.png 80w, https:\/\/www.wallix.com\/wp-content\/uploads\/2023\/09\/CISO-COUV-36x36.png 36w, https:\/\/www.wallix.com\/wp-content\/uploads\/2023\/09\/CISO-COUV-180x180.png 180w\" sizes=\"(max-width: 80px) 100vw, 80px\" \/><\/a><\/div><div class=\"av-magazine-content-wrap\"><header class=\"entry-content-header\" aria-label=\"Articles : Guide du RSSI sur la conformit\u00e9 r\u00e9glementaire\"><time class='av-magazine-time updated'  itemprop=\"datePublished\" datetime=\"2024-12-02T15:16:27+01:00\" >2 D\u00e9cembre 2024<\/time><h3 class='av-magazine-title entry-title '  itemprop=\"headline\" ><a href='https:\/\/www.wallix.com\/fr\/ressources\/whitepaper-fr\/guide-du-rssi-sur-la-conformite-reglementaire\/' title='Lier vers : Guide du RSSI sur la conformit\u00e9 r\u00e9glementaire'>Guide du RSSI sur la conformit\u00e9 r\u00e9glementaire<\/a><\/h3><\/header><\/div><footer class=\"entry-footer\"><\/footer><\/article><article class='av-magazine-entry av-magazine-entry-id-64867 av-magazine-format-standard av-magazine-type-post av-magazine-entry-5 av-magazine-entry-small '  itemscope=\"itemscope\" itemtype=\"https:\/\/schema.org\/BlogPosting\" itemprop=\"blogPost\" ><div class=\"av-magazine-thumbnail\"><a href='https:\/\/www.wallix.com\/fr\/ressources\/whitepaper-fr\/10-keys-cybersecurity-strategies-msps-need-to-know\/' title='Lier vers : 10 strat\u00e9gies cl\u00e9s de cybers\u00e9curit\u00e9 que tout MSP doit conna\u00eetre' class='av-magazine-thumbnail-link'><img decoding=\"async\" fetchpriority=\"high\" width=\"80\" height=\"80\" src=\"https:\/\/www.wallix.com\/wp-content\/uploads\/2024\/09\/AdobeStock_740825139-80x80.jpeg\" class=\"wp-image-63214 avia-img-lazy-loading-not-63214 attachment-thumbnail size-thumbnail wp-post-image\" alt=\"Conceptual cybersecurity illustration \u2014 visual depiction of data protection, network security and secure IT infrastructure for modern enterprise environments.\" srcset=\"https:\/\/www.wallix.com\/wp-content\/uploads\/2024\/09\/AdobeStock_740825139-80x80.jpeg 80w, https:\/\/www.wallix.com\/wp-content\/uploads\/2024\/09\/AdobeStock_740825139-36x36.jpeg 36w, https:\/\/www.wallix.com\/wp-content\/uploads\/2024\/09\/AdobeStock_740825139-180x180.jpeg 180w\" sizes=\"(max-width: 80px) 100vw, 80px\" \/><\/a><\/div><div class=\"av-magazine-content-wrap\"><header class=\"entry-content-header\" aria-label=\"Articles : 10 strat\u00e9gies cl\u00e9s de cybers\u00e9curit\u00e9 que tout MSP doit conna\u00eetre\"><time class='av-magazine-time updated'  itemprop=\"datePublished\" datetime=\"2024-10-21T15:25:33+01:00\" >21 Octobre 2024<\/time><h3 class='av-magazine-title entry-title '  itemprop=\"headline\" ><a href='https:\/\/www.wallix.com\/fr\/ressources\/whitepaper-fr\/10-keys-cybersecurity-strategies-msps-need-to-know\/' title='Lier vers : 10 strat\u00e9gies cl\u00e9s de cybers\u00e9curit\u00e9 que tout MSP doit conna\u00eetre'>10 strat\u00e9gies cl\u00e9s de cybers\u00e9curit\u00e9 que tout MSP doit conna\u00eetre<\/a><\/h3><\/header><\/div><footer class=\"entry-footer\"><\/footer><\/article><\/div><\/div><\/div><\/p><\/div>\n","protected":false},"excerpt":{"rendered":"","protected":false},"author":25,"featured_media":29523,"comment_status":"closed","ping_status":"closed","sticky":false,"template":"","format":"standard","meta":{"_acf_changed":false,"content-type":"","inline_featured_image":false,"footnotes":""},"categories":[1791,1654],"tags":[],"class_list":["post-37412","post","type-post","status-publish","format-standard","has-post-thumbnail","hentry","category-gestion-des-acces-a-privileges-fr-2","category-whitepaper-fr"],"acf":[],"yoast_head":"<!-- This site is optimized with the Yoast SEO plugin v27.3 - https:\/\/yoast.com\/product\/yoast-seo-wordpress\/ -->\n<title>Consid\u00e9rations cl\u00e9s pour l&#039;adoption du SaaS et Principales raisons pour lesquelles le PAM as a Service est b\u00e9n\u00e9fique pour votre entreprise - WALLIX<\/title>\n<meta name=\"robots\" content=\"index, follow, max-snippet:-1, max-image-preview:large, max-video-preview:-1\" \/>\n<link rel=\"canonical\" href=\"https:\/\/www.wallix.com\/fr\/ressources\/whitepaper-fr\/considerations-cles-pour-ladoption-du-saas-et-principales-raisons-pour-lesquelles-le-pam-as-a-service-est-benefique-pour-votre-entreprise\/\" \/>\n<meta property=\"og:locale\" content=\"fr_FR\" \/>\n<meta property=\"og:type\" content=\"article\" \/>\n<meta property=\"og:title\" content=\"Consid\u00e9rations cl\u00e9s pour l&#039;adoption du SaaS et Principales raisons pour lesquelles le PAM as a Service est b\u00e9n\u00e9fique pour votre entreprise - WALLIX\" \/>\n<meta property=\"og:url\" content=\"https:\/\/www.wallix.com\/fr\/ressources\/whitepaper-fr\/considerations-cles-pour-ladoption-du-saas-et-principales-raisons-pour-lesquelles-le-pam-as-a-service-est-benefique-pour-votre-entreprise\/\" \/>\n<meta property=\"og:site_name\" content=\"WALLIX\" \/>\n<meta property=\"article:published_time\" content=\"2024-02-05T09:59:51+00:00\" \/>\n<meta property=\"article:modified_time\" content=\"2024-10-04T14:17:24+00:00\" \/>\n<meta property=\"og:image\" content=\"https:\/\/www.wallix.com\/wp-content\/uploads\/2023\/08\/AS_Marseille-1.jpg\" \/>\n\t<meta property=\"og:image:width\" content=\"1280\" \/>\n\t<meta property=\"og:image:height\" content=\"720\" \/>\n\t<meta property=\"og:image:type\" content=\"image\/jpeg\" \/>\n<meta name=\"author\" content=\"WALLIX\" \/>\n<meta name=\"twitter:card\" content=\"summary_large_image\" \/>\n<meta name=\"twitter:creator\" content=\"@wallixcom\" \/>\n<meta name=\"twitter:site\" content=\"@wallixcom\" \/>\n<meta name=\"twitter:label1\" content=\"\u00c9crit par\" \/>\n\t<meta name=\"twitter:data1\" content=\"WALLIX\" \/>\n\t<meta name=\"twitter:label2\" content=\"Dur\u00e9e de lecture estim\u00e9e\" \/>\n\t<meta name=\"twitter:data2\" content=\"4 minutes\" \/>\n<script type=\"application\/ld+json\" class=\"yoast-schema-graph\">{\"@context\":\"https:\\\/\\\/schema.org\",\"@graph\":[{\"@type\":\"Article\",\"@id\":\"https:\\\/\\\/www.wallix.com\\\/fr\\\/ressources\\\/whitepaper-fr\\\/considerations-cles-pour-ladoption-du-saas-et-principales-raisons-pour-lesquelles-le-pam-as-a-service-est-benefique-pour-votre-entreprise\\\/#article\",\"isPartOf\":{\"@id\":\"https:\\\/\\\/www.wallix.com\\\/fr\\\/ressources\\\/whitepaper-fr\\\/considerations-cles-pour-ladoption-du-saas-et-principales-raisons-pour-lesquelles-le-pam-as-a-service-est-benefique-pour-votre-entreprise\\\/\"},\"author\":{\"name\":\"WALLIX\",\"@id\":\"https:\\\/\\\/www.wallix.com\\\/fr\\\/#\\\/schema\\\/person\\\/07e8fa431495197c2490deb0652f1d7d\"},\"headline\":\"Consid\u00e9rations cl\u00e9s pour l&rsquo;adoption du SaaS et Principales raisons pour lesquelles le PAM as a Service est b\u00e9n\u00e9fique pour votre entreprise\",\"datePublished\":\"2024-02-05T09:59:51+00:00\",\"dateModified\":\"2024-10-04T14:17:24+00:00\",\"mainEntityOfPage\":{\"@id\":\"https:\\\/\\\/www.wallix.com\\\/fr\\\/ressources\\\/whitepaper-fr\\\/considerations-cles-pour-ladoption-du-saas-et-principales-raisons-pour-lesquelles-le-pam-as-a-service-est-benefique-pour-votre-entreprise\\\/\"},\"wordCount\":2563,\"publisher\":{\"@id\":\"https:\\\/\\\/www.wallix.com\\\/fr\\\/#organization\"},\"image\":{\"@id\":\"https:\\\/\\\/www.wallix.com\\\/fr\\\/ressources\\\/whitepaper-fr\\\/considerations-cles-pour-ladoption-du-saas-et-principales-raisons-pour-lesquelles-le-pam-as-a-service-est-benefique-pour-votre-entreprise\\\/#primaryimage\"},\"thumbnailUrl\":\"https:\\\/\\\/www.wallix.com\\\/wp-content\\\/uploads\\\/2023\\\/08\\\/AS_Marseille-1.jpg\",\"articleSection\":[\"GESTION DES ACC\u00c8S A PRIVIL\u00c8GES\",\"WHITEPAPER\"],\"inLanguage\":\"fr-FR\"},{\"@type\":\"WebPage\",\"@id\":\"https:\\\/\\\/www.wallix.com\\\/fr\\\/ressources\\\/whitepaper-fr\\\/considerations-cles-pour-ladoption-du-saas-et-principales-raisons-pour-lesquelles-le-pam-as-a-service-est-benefique-pour-votre-entreprise\\\/\",\"url\":\"https:\\\/\\\/www.wallix.com\\\/fr\\\/ressources\\\/whitepaper-fr\\\/considerations-cles-pour-ladoption-du-saas-et-principales-raisons-pour-lesquelles-le-pam-as-a-service-est-benefique-pour-votre-entreprise\\\/\",\"name\":\"Consid\u00e9rations cl\u00e9s pour l'adoption du SaaS et Principales raisons pour lesquelles le PAM as a Service est b\u00e9n\u00e9fique pour votre entreprise - WALLIX\",\"isPartOf\":{\"@id\":\"https:\\\/\\\/www.wallix.com\\\/fr\\\/#website\"},\"primaryImageOfPage\":{\"@id\":\"https:\\\/\\\/www.wallix.com\\\/fr\\\/ressources\\\/whitepaper-fr\\\/considerations-cles-pour-ladoption-du-saas-et-principales-raisons-pour-lesquelles-le-pam-as-a-service-est-benefique-pour-votre-entreprise\\\/#primaryimage\"},\"image\":{\"@id\":\"https:\\\/\\\/www.wallix.com\\\/fr\\\/ressources\\\/whitepaper-fr\\\/considerations-cles-pour-ladoption-du-saas-et-principales-raisons-pour-lesquelles-le-pam-as-a-service-est-benefique-pour-votre-entreprise\\\/#primaryimage\"},\"thumbnailUrl\":\"https:\\\/\\\/www.wallix.com\\\/wp-content\\\/uploads\\\/2023\\\/08\\\/AS_Marseille-1.jpg\",\"datePublished\":\"2024-02-05T09:59:51+00:00\",\"dateModified\":\"2024-10-04T14:17:24+00:00\",\"inLanguage\":\"fr-FR\",\"potentialAction\":[{\"@type\":\"ReadAction\",\"target\":[\"https:\\\/\\\/www.wallix.com\\\/fr\\\/ressources\\\/whitepaper-fr\\\/considerations-cles-pour-ladoption-du-saas-et-principales-raisons-pour-lesquelles-le-pam-as-a-service-est-benefique-pour-votre-entreprise\\\/\"]}]},{\"@type\":\"ImageObject\",\"inLanguage\":\"fr-FR\",\"@id\":\"https:\\\/\\\/www.wallix.com\\\/fr\\\/ressources\\\/whitepaper-fr\\\/considerations-cles-pour-ladoption-du-saas-et-principales-raisons-pour-lesquelles-le-pam-as-a-service-est-benefique-pour-votre-entreprise\\\/#primaryimage\",\"url\":\"https:\\\/\\\/www.wallix.com\\\/wp-content\\\/uploads\\\/2023\\\/08\\\/AS_Marseille-1.jpg\",\"contentUrl\":\"https:\\\/\\\/www.wallix.com\\\/wp-content\\\/uploads\\\/2023\\\/08\\\/AS_Marseille-1.jpg\",\"width\":1280,\"height\":720,\"caption\":\"Showcasing AS Marseille, highlighting their commitment to cutting-edge IT solutions and cybersecurity excellence.\"},{\"@type\":\"WebSite\",\"@id\":\"https:\\\/\\\/www.wallix.com\\\/fr\\\/#website\",\"url\":\"https:\\\/\\\/www.wallix.com\\\/fr\\\/\",\"name\":\"WALLIX\",\"description\":\"CYBERSECURITY SIMPLIFIED\",\"publisher\":{\"@id\":\"https:\\\/\\\/www.wallix.com\\\/fr\\\/#organization\"},\"potentialAction\":[{\"@type\":\"SearchAction\",\"target\":{\"@type\":\"EntryPoint\",\"urlTemplate\":\"https:\\\/\\\/www.wallix.com\\\/fr\\\/?s={search_term_string}\"},\"query-input\":{\"@type\":\"PropertyValueSpecification\",\"valueRequired\":true,\"valueName\":\"search_term_string\"}}],\"inLanguage\":\"fr-FR\"},{\"@type\":\"Organization\",\"@id\":\"https:\\\/\\\/www.wallix.com\\\/fr\\\/#organization\",\"name\":\"WALLIX\",\"url\":\"https:\\\/\\\/www.wallix.com\\\/fr\\\/\",\"logo\":{\"@type\":\"ImageObject\",\"inLanguage\":\"fr-FR\",\"@id\":\"https:\\\/\\\/www.wallix.com\\\/fr\\\/#\\\/schema\\\/logo\\\/image\\\/\",\"url\":\"https:\\\/\\\/www.wallix.com\\\/wp-content\\\/uploads\\\/2024\\\/03\\\/LOGO_WALLIX_2024_blackorange.png\",\"contentUrl\":\"https:\\\/\\\/www.wallix.com\\\/wp-content\\\/uploads\\\/2024\\\/03\\\/LOGO_WALLIX_2024_blackorange.png\",\"width\":3108,\"height\":827,\"caption\":\"WALLIX\"},\"image\":{\"@id\":\"https:\\\/\\\/www.wallix.com\\\/fr\\\/#\\\/schema\\\/logo\\\/image\\\/\"},\"sameAs\":[\"https:\\\/\\\/x.com\\\/wallixcom\",\"https:\\\/\\\/www.linkedin.com\\\/company\\\/wallix\\\/\",\"https:\\\/\\\/www.youtube.com\\\/wallix\"]},{\"@type\":\"Person\",\"@id\":\"https:\\\/\\\/www.wallix.com\\\/fr\\\/#\\\/schema\\\/person\\\/07e8fa431495197c2490deb0652f1d7d\",\"name\":\"WALLIX\",\"image\":{\"@type\":\"ImageObject\",\"inLanguage\":\"fr-FR\",\"@id\":\"https:\\\/\\\/secure.gravatar.com\\\/avatar\\\/4683160a58b64a26ca1cf19049a8a98515fc00d2732a2aac3146eed9b4682e3c?s=96&d=mm&r=g\",\"url\":\"https:\\\/\\\/secure.gravatar.com\\\/avatar\\\/4683160a58b64a26ca1cf19049a8a98515fc00d2732a2aac3146eed9b4682e3c?s=96&d=mm&r=g\",\"contentUrl\":\"https:\\\/\\\/secure.gravatar.com\\\/avatar\\\/4683160a58b64a26ca1cf19049a8a98515fc00d2732a2aac3146eed9b4682e3c?s=96&d=mm&r=g\",\"caption\":\"WALLIX\"},\"url\":\"https:\\\/\\\/www.wallix.com\\\/fr\\\/author\\\/77009078\\\/\"}]}<\/script>\n<!-- \/ Yoast SEO plugin. -->","yoast_head_json":{"title":"Consid\u00e9rations cl\u00e9s pour l'adoption du SaaS et Principales raisons pour lesquelles le PAM as a Service est b\u00e9n\u00e9fique pour votre entreprise - WALLIX","robots":{"index":"index","follow":"follow","max-snippet":"max-snippet:-1","max-image-preview":"max-image-preview:large","max-video-preview":"max-video-preview:-1"},"canonical":"https:\/\/www.wallix.com\/fr\/ressources\/whitepaper-fr\/considerations-cles-pour-ladoption-du-saas-et-principales-raisons-pour-lesquelles-le-pam-as-a-service-est-benefique-pour-votre-entreprise\/","og_locale":"fr_FR","og_type":"article","og_title":"Consid\u00e9rations cl\u00e9s pour l'adoption du SaaS et Principales raisons pour lesquelles le PAM as a Service est b\u00e9n\u00e9fique pour votre entreprise - WALLIX","og_url":"https:\/\/www.wallix.com\/fr\/ressources\/whitepaper-fr\/considerations-cles-pour-ladoption-du-saas-et-principales-raisons-pour-lesquelles-le-pam-as-a-service-est-benefique-pour-votre-entreprise\/","og_site_name":"WALLIX","article_published_time":"2024-02-05T09:59:51+00:00","article_modified_time":"2024-10-04T14:17:24+00:00","og_image":[{"width":1280,"height":720,"url":"https:\/\/www.wallix.com\/wp-content\/uploads\/2023\/08\/AS_Marseille-1.jpg","type":"image\/jpeg"}],"author":"WALLIX","twitter_card":"summary_large_image","twitter_creator":"@wallixcom","twitter_site":"@wallixcom","twitter_misc":{"\u00c9crit par":"WALLIX","Dur\u00e9e de lecture estim\u00e9e":"4 minutes"},"schema":{"@context":"https:\/\/schema.org","@graph":[{"@type":"Article","@id":"https:\/\/www.wallix.com\/fr\/ressources\/whitepaper-fr\/considerations-cles-pour-ladoption-du-saas-et-principales-raisons-pour-lesquelles-le-pam-as-a-service-est-benefique-pour-votre-entreprise\/#article","isPartOf":{"@id":"https:\/\/www.wallix.com\/fr\/ressources\/whitepaper-fr\/considerations-cles-pour-ladoption-du-saas-et-principales-raisons-pour-lesquelles-le-pam-as-a-service-est-benefique-pour-votre-entreprise\/"},"author":{"name":"WALLIX","@id":"https:\/\/www.wallix.com\/fr\/#\/schema\/person\/07e8fa431495197c2490deb0652f1d7d"},"headline":"Consid\u00e9rations cl\u00e9s pour l&rsquo;adoption du SaaS et Principales raisons pour lesquelles le PAM as a Service est b\u00e9n\u00e9fique pour votre entreprise","datePublished":"2024-02-05T09:59:51+00:00","dateModified":"2024-10-04T14:17:24+00:00","mainEntityOfPage":{"@id":"https:\/\/www.wallix.com\/fr\/ressources\/whitepaper-fr\/considerations-cles-pour-ladoption-du-saas-et-principales-raisons-pour-lesquelles-le-pam-as-a-service-est-benefique-pour-votre-entreprise\/"},"wordCount":2563,"publisher":{"@id":"https:\/\/www.wallix.com\/fr\/#organization"},"image":{"@id":"https:\/\/www.wallix.com\/fr\/ressources\/whitepaper-fr\/considerations-cles-pour-ladoption-du-saas-et-principales-raisons-pour-lesquelles-le-pam-as-a-service-est-benefique-pour-votre-entreprise\/#primaryimage"},"thumbnailUrl":"https:\/\/www.wallix.com\/wp-content\/uploads\/2023\/08\/AS_Marseille-1.jpg","articleSection":["GESTION DES ACC\u00c8S A PRIVIL\u00c8GES","WHITEPAPER"],"inLanguage":"fr-FR"},{"@type":"WebPage","@id":"https:\/\/www.wallix.com\/fr\/ressources\/whitepaper-fr\/considerations-cles-pour-ladoption-du-saas-et-principales-raisons-pour-lesquelles-le-pam-as-a-service-est-benefique-pour-votre-entreprise\/","url":"https:\/\/www.wallix.com\/fr\/ressources\/whitepaper-fr\/considerations-cles-pour-ladoption-du-saas-et-principales-raisons-pour-lesquelles-le-pam-as-a-service-est-benefique-pour-votre-entreprise\/","name":"Consid\u00e9rations cl\u00e9s pour l'adoption du SaaS et Principales raisons pour lesquelles le PAM as a Service est b\u00e9n\u00e9fique pour votre entreprise - WALLIX","isPartOf":{"@id":"https:\/\/www.wallix.com\/fr\/#website"},"primaryImageOfPage":{"@id":"https:\/\/www.wallix.com\/fr\/ressources\/whitepaper-fr\/considerations-cles-pour-ladoption-du-saas-et-principales-raisons-pour-lesquelles-le-pam-as-a-service-est-benefique-pour-votre-entreprise\/#primaryimage"},"image":{"@id":"https:\/\/www.wallix.com\/fr\/ressources\/whitepaper-fr\/considerations-cles-pour-ladoption-du-saas-et-principales-raisons-pour-lesquelles-le-pam-as-a-service-est-benefique-pour-votre-entreprise\/#primaryimage"},"thumbnailUrl":"https:\/\/www.wallix.com\/wp-content\/uploads\/2023\/08\/AS_Marseille-1.jpg","datePublished":"2024-02-05T09:59:51+00:00","dateModified":"2024-10-04T14:17:24+00:00","inLanguage":"fr-FR","potentialAction":[{"@type":"ReadAction","target":["https:\/\/www.wallix.com\/fr\/ressources\/whitepaper-fr\/considerations-cles-pour-ladoption-du-saas-et-principales-raisons-pour-lesquelles-le-pam-as-a-service-est-benefique-pour-votre-entreprise\/"]}]},{"@type":"ImageObject","inLanguage":"fr-FR","@id":"https:\/\/www.wallix.com\/fr\/ressources\/whitepaper-fr\/considerations-cles-pour-ladoption-du-saas-et-principales-raisons-pour-lesquelles-le-pam-as-a-service-est-benefique-pour-votre-entreprise\/#primaryimage","url":"https:\/\/www.wallix.com\/wp-content\/uploads\/2023\/08\/AS_Marseille-1.jpg","contentUrl":"https:\/\/www.wallix.com\/wp-content\/uploads\/2023\/08\/AS_Marseille-1.jpg","width":1280,"height":720,"caption":"Showcasing AS Marseille, highlighting their commitment to cutting-edge IT solutions and cybersecurity excellence."},{"@type":"WebSite","@id":"https:\/\/www.wallix.com\/fr\/#website","url":"https:\/\/www.wallix.com\/fr\/","name":"WALLIX","description":"CYBERSECURITY SIMPLIFIED","publisher":{"@id":"https:\/\/www.wallix.com\/fr\/#organization"},"potentialAction":[{"@type":"SearchAction","target":{"@type":"EntryPoint","urlTemplate":"https:\/\/www.wallix.com\/fr\/?s={search_term_string}"},"query-input":{"@type":"PropertyValueSpecification","valueRequired":true,"valueName":"search_term_string"}}],"inLanguage":"fr-FR"},{"@type":"Organization","@id":"https:\/\/www.wallix.com\/fr\/#organization","name":"WALLIX","url":"https:\/\/www.wallix.com\/fr\/","logo":{"@type":"ImageObject","inLanguage":"fr-FR","@id":"https:\/\/www.wallix.com\/fr\/#\/schema\/logo\/image\/","url":"https:\/\/www.wallix.com\/wp-content\/uploads\/2024\/03\/LOGO_WALLIX_2024_blackorange.png","contentUrl":"https:\/\/www.wallix.com\/wp-content\/uploads\/2024\/03\/LOGO_WALLIX_2024_blackorange.png","width":3108,"height":827,"caption":"WALLIX"},"image":{"@id":"https:\/\/www.wallix.com\/fr\/#\/schema\/logo\/image\/"},"sameAs":["https:\/\/x.com\/wallixcom","https:\/\/www.linkedin.com\/company\/wallix\/","https:\/\/www.youtube.com\/wallix"]},{"@type":"Person","@id":"https:\/\/www.wallix.com\/fr\/#\/schema\/person\/07e8fa431495197c2490deb0652f1d7d","name":"WALLIX","image":{"@type":"ImageObject","inLanguage":"fr-FR","@id":"https:\/\/secure.gravatar.com\/avatar\/4683160a58b64a26ca1cf19049a8a98515fc00d2732a2aac3146eed9b4682e3c?s=96&d=mm&r=g","url":"https:\/\/secure.gravatar.com\/avatar\/4683160a58b64a26ca1cf19049a8a98515fc00d2732a2aac3146eed9b4682e3c?s=96&d=mm&r=g","contentUrl":"https:\/\/secure.gravatar.com\/avatar\/4683160a58b64a26ca1cf19049a8a98515fc00d2732a2aac3146eed9b4682e3c?s=96&d=mm&r=g","caption":"WALLIX"},"url":"https:\/\/www.wallix.com\/fr\/author\/77009078\/"}]}},"_links":{"self":[{"href":"https:\/\/www.wallix.com\/fr\/wp-json\/wp\/v2\/posts\/37412","targetHints":{"allow":["GET"]}}],"collection":[{"href":"https:\/\/www.wallix.com\/fr\/wp-json\/wp\/v2\/posts"}],"about":[{"href":"https:\/\/www.wallix.com\/fr\/wp-json\/wp\/v2\/types\/post"}],"author":[{"embeddable":true,"href":"https:\/\/www.wallix.com\/fr\/wp-json\/wp\/v2\/users\/25"}],"replies":[{"embeddable":true,"href":"https:\/\/www.wallix.com\/fr\/wp-json\/wp\/v2\/comments?post=37412"}],"version-history":[{"count":10,"href":"https:\/\/www.wallix.com\/fr\/wp-json\/wp\/v2\/posts\/37412\/revisions"}],"predecessor-version":[{"id":63951,"href":"https:\/\/www.wallix.com\/fr\/wp-json\/wp\/v2\/posts\/37412\/revisions\/63951"}],"wp:featuredmedia":[{"embeddable":true,"href":"https:\/\/www.wallix.com\/fr\/wp-json\/wp\/v2\/media\/29523"}],"wp:attachment":[{"href":"https:\/\/www.wallix.com\/fr\/wp-json\/wp\/v2\/media?parent=37412"}],"wp:term":[{"taxonomy":"category","embeddable":true,"href":"https:\/\/www.wallix.com\/fr\/wp-json\/wp\/v2\/categories?post=37412"},{"taxonomy":"post_tag","embeddable":true,"href":"https:\/\/www.wallix.com\/fr\/wp-json\/wp\/v2\/tags?post=37412"}],"curies":[{"name":"wp","href":"https:\/\/api.w.org\/{rel}","templated":true}]}}