{"id":64088,"date":"2024-10-07T16:13:03","date_gmt":"2024-10-07T15:13:03","guid":{"rendered":"https:\/\/www.wallix.com\/wallix-als-fuehrendes-unternehmen-im-bereich-pam-bestaetigt-mit-besonderem-fokus-auf-die-sicherung-von-industrieumgebungen\/"},"modified":"2025-09-01T16:08:58","modified_gmt":"2025-09-01T15:08:58","slug":"wallix-entre-los-lideres-mundiales-de-pam-destacando-especialmente-por-la-proteccion-de-entornos-industriales","status":"publish","type":"post","link":"https:\/\/www.wallix.com\/es\/prensa\/2024-es\/wallix-entre-los-lideres-mundiales-de-pam-destacando-especialmente-por-la-proteccion-de-entornos-industriales\/","title":{"rendered":"WALLIX entre los l\u00edderes mundiales de PAM destacando especialmente por la protecci\u00f3n de entornos industriales"},"content":{"rendered":"<div id='full_slider_1'  class='avia-fullwidth-slider main_color avia-shadow   avia-builder-el-0  el_before_av_two_third  avia-builder-el-first   container_wrap fullsize'  ><div  class='avia-slideshow av-lxvzfd0b-9a63373dc0a8641c803e2c5f8ff7576e avia-slideshow-featured av_slideshow_full avia-slide-slider av-slideshow-ui av-control-default av-slideshow-manual av-loop-once av-loop-manual-endless av-default-height-applied  image_no_stretch avia-slideshow-1' data-slideshow-options=\"{&quot;animation&quot;:&quot;slide&quot;,&quot;autoplay&quot;:false,&quot;loop_autoplay&quot;:&quot;once&quot;,&quot;interval&quot;:5,&quot;loop_manual&quot;:&quot;manual-endless&quot;,&quot;autoplay_stopper&quot;:false,&quot;noNavigation&quot;:false,&quot;bg_slider&quot;:false,&quot;keep_padding&quot;:false,&quot;hoverpause&quot;:false,&quot;show_slide_delay&quot;:0}\"  itemprop=\"image\" itemscope=\"itemscope\" itemtype=\"https:\/\/schema.org\/ImageObject\" ><ul class='avia-slideshow-inner ' style='padding-bottom: 28.666666666667%;'><li  class='avia-slideshow-slide av-lxvzfd0b-9a63373dc0a8641c803e2c5f8ff7576e__0  av-single-slide slide-1 slide-odd'><div data-rel='slideshow-1' class='avia-slide-wrap '   ><div class='av-slideshow-caption av-lxvzfd0b-9a63373dc0a8641c803e2c5f8ff7576e__0 caption_fullwidth caption_bottom caption_bottom_framed caption_framed'><div class=\"container caption_container\"><div class=\"slideshow_caption\"><div class=\"slideshow_inner_caption\"><div class=\"slideshow_align_caption\"><h2 class='avia-caption-title '  itemprop=\"name\" >WALLIX entre los l\u00edderes mundiales de PAM destacando especialmente por la protecci\u00f3n de entornos industriales<\/h2><\/div><\/div><\/div><\/div><\/div><img decoding=\"async\" fetchpriority=\"high\" class=\"wp-image-29338 avia-img-lazy-loading-not-29338\"  src=\"https:\/\/www.wallix.com\/wp-content\/uploads\/2022\/12\/AdobeStock_429258682-copie-1500x430.jpg\" width=\"1500\" height=\"430\" title='Abstract Wave line 035' alt='network flow'  itemprop=\"thumbnailUrl\"   \/><div class='av-section-color-overlay' style='opacity: 1; background-image: url(https:\/\/www.wallix.com\/wp-content\/uploads\/2022\/12\/AdobeStock_429258682-copie-1500x630.jpg); background-repeat: repeat;'><\/div><\/div><\/li><\/ul><\/div><\/div><div id='after_full_slider_1'  class='main_color av_default_container_wrap container_wrap fullsize'  ><div class='container av-section-cont-open' ><div class='template-page content  av-content-full alpha units'><div class='post-entry post-entry-type-page post-entry-64088'><div class='entry-content-wrapper clearfix'>\n<div  class='flex_column av-30sisdt-ce9452e9bfed6ed782011b09a852dd07 av_two_third  avia-builder-el-1  el_after_av_slideshow_full  el_before_av_one_third  avia-builder-el-first  first flex_column_div  '     ><section  class='av_textblock_section av-lqw7frew-1dff5ed1f4e0152999fda896d77d0f33 '   itemscope=\"itemscope\" itemtype=\"https:\/\/schema.org\/BlogPosting\" itemprop=\"blogPost\" ><div class='avia_textblock'  itemprop=\"text\" ><h5><\/h5>\n<p><strong>Par\u00eds, 8 de octubre de 2024 &#8211; WALLIX (Euronext ALLIX),<\/strong> editor europeo de software de ciberseguridad y l\u00edder reconocido en la gesti\u00f3n de identidades y accesos, ofrece soluciones simples y seguras para evolucionar sin riesgos en entornos digitales e industriales. En 2024, WALLIX se sit\u00faa entre los mejores editores mundiales de Gesti\u00f3n de Accesos Privilegiados (PAM), recibiendo reconocimientos frecuentes por su visi\u00f3n estrat\u00e9gica y liderazgo tecnol\u00f3gico, como lo demuestran 4 informes de consultoras independientes. Estos informes subrayan la experiencia de WALLIX en la gesti\u00f3n de identidades y accesos, reafirmando su capacidad de innovaci\u00f3n, especialmente en <strong>entornos industriales (OT) <\/strong>y soluciones <strong>SaaS unificadas<\/strong> (WALLIX One).<\/p>\n<p>WALLIX, l\u00edder mundial en la gesti\u00f3n de identidades y accesos, es mencionado con frecuencia entre los actores clave en los informes de referencia de analistas como KuppingerCole, Gartner, Forrester y Frost &amp; Sullivan. Estos estudios, que sirven como verdaderas herramientas de ayuda a la toma de decisiones de compra para las empresas, ofrecen una visi\u00f3n global de las soluciones PAM disponibles en el mercado. La presencia constante de WALLIX en estos rankings a lo largo de los a\u00f1os refleja <strong>su solidez y fiabilidad<\/strong> para sus clientes y partners revendedores o integradores. Como <strong>innovador reconocido<\/strong>, WALLIX destaca por su profunda comprensi\u00f3n de los desaf\u00edos de la ciberseguridad y la conformidad regulatoria, consolidando as\u00ed su posici\u00f3n de <strong>l\u00edder europeo<\/strong> en la gobernanza de identidades y accesos.<\/p>\n<h2><strong>2024 KuppingerCole Leadership Compass\u2122<\/strong><\/h2>\n<p>WALLIX ha obtenido por cuarto a\u00f1o consecutivo la m\u00e1s alta distinci\u00f3n de \u00ab<strong>Overall Leader<\/strong>\u00bb en el prestigioso PAM Leadership Compass\u2122 2024 de la consultora KuppingerCole. Este reconocimiento subraya la capacidad de innovaci\u00f3n continua de WALLIX y la excelencia de sus soluciones. Especialmente adaptadas a grandes empresas y entornos complejos, WALLIX cubre una amplia gama de necesidades, desde la gesti\u00f3n de credenciales hasta la supervisi\u00f3n avanzada de sesiones y la detecci\u00f3n de amenazas. WALLIX ofrece \u00ab<em>gran facilidad de uso con una superioridad de su soluci\u00f3n en \u00e1reas especializadas como los controles de acceso a la nube<\/em>\u00ab.<\/p>\n<p>WALLIX tambi\u00e9n destaca como l\u00edder en las categor\u00edas de \u00abInnovaci\u00f3n\u00bb y \u00abProducto\u00bb, gracias a su arquitectura compacta y sus m\u00faltiples modos de implementaci\u00f3n. \u00ab<em>Con la sencillez de implementaci\u00f3n de WALLIX PAM, el editor responde a las necesidades actuales de las empresas en cuanto a conformidad regulatoria y gesti\u00f3n de accesos, consolidando al mismo tiempo su posici\u00f3n de l\u00edder en el mercado europeo de la ciberseguridad<\/em>\u00ab.<\/p>\n<p>Elegir un l\u00edder garantiza que los compradores inviertan en soluciones PAM probadas, fiables y completas.<\/p>\n<p><strong>Descarga el informe de KuppingerCole Leadership Compass PAM 2024:<br \/>\n<a href=\"https:\/\/www.wallix.com\/es\/recursos\/informes\/wallix-lider-global-gestion-accesos-privilegiados-kuppingercole\/\">https:\/\/www.wallix.com\/es\/por-cuarto-ano-consecutivo-wallix-ha-sido-nombrado-lider-global-por-kuppingercole\/<\/a><br \/>\n<\/strong><\/p>\n<h2><strong>2024 Gartner Magic Quadrant\u2122<\/strong><\/h2>\n<p>WALLIX tambi\u00e9n ha sido nombrado \u201c<strong>Visionary<\/strong>\u201d en el Magic Quadrant\u2122 PAM 2024 por segundo a\u00f1o consecutivo, un reconocimiento que subraya nuevamente el enfoque innovador de WALLIX PAM. En un mercado cada vez m\u00e1s exigente, donde solo 9 actores mundiales han sido seleccionados este a\u00f1o (frente a 11 en 2023), WALLIX destaca como el \u00fanico representante europeo, reafirmando as\u00ed su liderazgo en la escena internacional.<\/p>\n<p>WALLIX se distingue con una de las mejores puntuaciones en la gesti\u00f3n de accesos remotos con su soluci\u00f3n SaaS WALLIX One Remote Access, considerada como una de las m\u00e1s eficientes del mercado. La estrategia sectorial de WALLIX tambi\u00e9n recibe un reconocimiento especial, particularmente en la protecci\u00f3n de entornos OT (tecnolog\u00edas operativas) y sistemas de control industrial. La experiencia del cliente tambi\u00e9n es elogiada, con comentarios positivos sobre la rapidez del soporte y la facilidad de uso de las soluciones propuestas por WALLIX. Este nuevo nombramiento refuerza la posici\u00f3n de WALLIX como un actor clave e innovador en el \u00e1mbito de la ciberseguridad, incluidos los entornos industriales\/OT.<\/p>\n<h2><strong>2024 Frost Radar\u2122 Privileged Access Management<\/strong><\/h2>\n<p>La consultora estadounidense Frost &amp; Sullivan tambi\u00e9n nombra a WALLIX como \u00ab<strong>Leader<\/strong>\u00bb en su \u00faltima edici\u00f3n del PAM Frost Radar\u2122. Entre las 25 empresas participantes en la industria mundial del PAM, Frost &amp; Sullivan analiz\u00f3 las 13 mejores empresas que han demostrado una visi\u00f3n durante el \u00faltimo a\u00f1o, evalu\u00e1ndolas seg\u00fan 10 criterios de crecimiento e innovaci\u00f3n.<\/p>\n<p>WALLIX ha sido identificado como un actor que ofrece una soluci\u00f3n completa de gesti\u00f3n de accesos privilegiados en forma de servicio con su oferta WALLIX One PAM. Esta soluci\u00f3n integrada permite a las empresas beneficiarse de una gesti\u00f3n centralizada y optimizada de los accesos privilegiados. Tambi\u00e9n se ha destacado que WALLIX ha integrado las capacidades de gesti\u00f3n de identidades en la nube (CIEM) a sus funcionalidades de gobernanza de identidades y accesos, agrupadas bajo la l\u00ednea de producto WALLIX IAG, ofreciendo as\u00ed una mayor cobertura de los desaf\u00edos de seguridad y conformidad. \u00ab<em>La empresa es uno de los pocos proveedores de PAM que se enfoca en la seguridad OT y ofrece una herramienta de gesti\u00f3n privilegiada unificada que responde a las necesidades de los sectores industriales para capitalizar la tendencia de convergencia IT\/OT<\/em>\u00ab<em>.<\/em><\/p>\n<h2><strong>2023 Forrester Privileged Identity Management Wave \u2122<\/strong><\/h2>\n<p>En el \u00faltimo an\u00e1lisis de Forrester a finales de 2023, WALLIX fue reconocido como un \u00abAspirante\u00bb en el informe Forrester Wave\u2122 (Privileged Identity Management, Q4 2023). WALLIX es identificado como un proveedor competitivo, con una presencia en el mercado global algo m\u00e1s limitada que los grandes actores estadounidenses, pero con una menci\u00f3n especial por sus capacidades de seguridad de los equipos OT en entornos industriales. WALLIX tambi\u00e9n recibi\u00f3 la mejor puntuaci\u00f3n del ranking por su soluci\u00f3n de acceso remoto seguro.<\/p>\n<p>\u00ab<em>Este reconocimiento de los analistas confirma que nuestra visi\u00f3n y nuestra ejecuci\u00f3n est\u00e1n alineadas con las expectativas del mercado y de nuestros clientes. Es un verdadero orgullo para nuestros equipos y partners ver a WALLIX, actor europeo, imponerse entre los l\u00edderes mundiales. Sabemos innovar y adaptarnos a las necesidades espec\u00edficas de nuestros clientes, especialmente en OT, respondiendo a los desaf\u00edos de continuidad de producci\u00f3n, integrando protocolos industriales propietarios o cumpliendo con los requisitos de mantenimiento de equipos industriales. Ponemos nuestra experiencia en ciberseguridad de identidades y accesos al servicio de los negocios de nuestros clientes<\/em>\u00bb comenta Julien Cassignol, Director de Producto de WALLIX.<\/p>\n<p><strong>Acerca de WALLIX<\/strong><\/p>\n<p>WALLIX es un editor europeo de software de ciberseguridad que ofrece a las empresas soluciones robustas de seguridad de identidades y accesos, garantizando interacciones digitales fluidas y seguras. Las tecnolog\u00edas innovadoras de WALLIX en gesti\u00f3n de accesos privilegiados, acceso de colaboradores y gobernanza de accesos protegen los activos cr\u00edticos, optimizan la conformidad y mejoran la eficiencia operativa. Comprometido con ofrecer soluciones de identidad y acceso simples y seguras, WALLIX tiene como misi\u00f3n permitir operaciones seguras en entornos digitales (IT) e industriales (OT).<\/p>\n<p><a href=\"https:\/\/www.wallix.com\/es\/\"><strong>www.wallix.com<\/strong><\/a><strong> | <\/strong><a href=\"mailto:info@wallix.com\"><strong>info@wallix.com<\/strong><\/a><\/p>\n<\/div><\/section><br \/>\n<div  class='avia-button-wrap av-m0l25tv1-5cd607f39d48becea978c29dadc912f0-wrap avia-button-left  avia-builder-el-3  el_after_av_textblock  el_before_av_hr '><a href='https:\/\/www.wallix.com\/wp-content\/uploads\/2024\/10\/1024_ANALYSTS_LEADERSHIP_ES.pdf'  class='avia-button av-m0l25tv1-5cd607f39d48becea978c29dadc912f0 av-link-btn avia-icon_select-no avia-size-large avia-position-left avia-color-theme-color'  target=\"_blank\"  rel=\"noopener noreferrer\"  aria-label=\"DESCARGAR EL COMUNICADO DE PRENSA\"><span class='avia_iconbox_title' >DESCARGAR EL COMUNICADO DE PRENSA<\/span><\/a><\/div><br \/>\n<div  class='hr av-mmxbdr-764af79f53c0b4fc41795e2332c156b9 hr-default  avia-builder-el-4  el_after_av_button  el_before_av_textblock '><span class='hr-inner '><span class=\"hr-inner-style\"><\/span><\/span><\/div><br \/>\n<section  class='av_textblock_section av-m0l2a0lf-7422e35c6be2917ba56c7f62ae708867 '   itemscope=\"itemscope\" itemtype=\"https:\/\/schema.org\/BlogPosting\" itemprop=\"blogPost\" ><div class='avia_textblock'  itemprop=\"text\" ><table>\n<tbody>\n<tr>\n<td width=\"321\"><strong>CONTACTOS PARA LA COMUNICACI\u00d3N FINANCIERA<\/strong><\/p>\n<p><strong>ACTUS Finance &amp; Communication<\/strong><\/p>\n<p>Investor Relations &#8211; H\u00e9l\u00e8ne de Watteville<br \/>\n01 53 67 36 33 \/ <a href=\"mailto:wallix@actus.fr\"><br \/>\n<strong>WALLIX@actus.fr<\/strong><br \/>\n<\/a><\/p>\n<p>Press Relations &#8211; D\u00e9borah SCHWARTZ<br \/>\n06 27 09 05 73 <a href=\"mailto:\/dschwartz@actus.fr\">\/dschwartz@actus.fr<\/a><\/td>\n<td width=\"321\"><strong>CONTACTO PRENSA WALLIX<\/strong><\/p>\n<p>LEWIS<\/p>\n<p>Louise CAETANO<\/p>\n<p>T\u00e9l. 06 98 82 07 71 \/ <a href=\"mailto:WALLIXfrance@teamlewis.com\"><strong>WALLIXfrance@teamlewis.com<\/strong><\/a><\/td>\n<\/tr>\n<\/tbody>\n<\/table>\n<div><\/div>\n<div><\/div>\n<\/div><\/section><\/p><\/div><div  class='flex_column av-2lq2r4h-875fbaf7463c367174ec2807681c88f6 av_one_third  avia-builder-el-6  el_after_av_two_third  avia-builder-el-last  flex_column_div  '     ><p><div  class='av-social-sharing-box av-lqw7azv3-319fa294715d450b6ef02aef707015fd av-social-sharing-box-default  avia-builder-el-7  el_before_av_hr  avia-builder-el-first  av-social-sharing-box-fullwidth'><div class=\"av-share-box\"><h5 class='av-share-link-description av-no-toc '>Comparte<\/h5><ul class=\"av-share-box-list noLightbox\"><li class='av-share-link av-social-link-twitter avia_social_iconfont' ><a target=\"_blank\" aria-label=\"Compartir en X\" href='https:\/\/twitter.com\/share?text=WALLIX%20entre%20los%20l%C3%ADderes%20mundiales%20de%20PAM%20destacando%20especialmente%20por%20la%20protecci%C3%B3n%20de%20entornos%20industriales&#038;url=https:\/\/www.wallix.com\/es\/?p=64088' data-av_icon='\ue932' data-av_iconfont='entypo-fontello'  title='' data-avia-related-tooltip='Compartir en X'><span class='avia_hidden_link_text'>Compartir en X<\/span><\/a><\/li><li class='av-share-link av-social-link-linkedin avia_social_iconfont' ><a target=\"_blank\" aria-label=\"Compartir en LinkedIn\" href='https:\/\/linkedin.com\/shareArticle?mini=true&#038;title=WALLIX%20entre%20los%20l%C3%ADderes%20mundiales%20de%20PAM%20destacando%20especialmente%20por%20la%20protecci%C3%B3n%20de%20entornos%20industriales&#038;url=https:\/\/www.wallix.com\/es\/prensa\/2024-es\/wallix-entre-los-lideres-mundiales-de-pam-destacando-especialmente-por-la-proteccion-de-entornos-industriales\/' data-av_icon='\ue8fc' data-av_iconfont='entypo-fontello'  title='' data-avia-related-tooltip='Compartir en LinkedIn'><span class='avia_hidden_link_text'>Compartir en LinkedIn<\/span><\/a><\/li><li class='av-share-link av-social-link-mail avia_social_iconfont' ><a  aria-label=\"Compartir por correo\" href='mailto:?subject=WALLIX%20entre%20los%20l%C3%ADderes%20mundiales%20de%20PAM%20destacando%20especialmente%20por%20la%20protecci%C3%B3n%20de%20entornos%20industriales&#038;body=https:\/\/www.wallix.com\/es\/prensa\/2024-es\/wallix-entre-los-lideres-mundiales-de-pam-destacando-especialmente-por-la-proteccion-de-entornos-industriales\/' data-av_icon='\ue805' data-av_iconfont='entypo-fontello'  title='' data-avia-related-tooltip='Compartir por correo'><span class='avia_hidden_link_text'>Compartir por correo<\/span><\/a><\/li><\/ul><\/div><\/div><br \/>\n\n<style type=\"text\/css\" data-created_by=\"avia_inline_auto\" id=\"style-css-av-21stunl-52945c30b4e469db256b808148304d8a\">\n#top .hr.hr-invisible.av-21stunl-52945c30b4e469db256b808148304d8a{\nheight:10px;\n}\n<\/style>\n<div  class='hr av-21stunl-52945c30b4e469db256b808148304d8a hr-invisible  avia-builder-el-8  el_after_av_social_share  el_before_av_heading '><span class='hr-inner '><span class=\"hr-inner-style\"><\/span><\/span><\/div><br \/>\n\n<style type=\"text\/css\" data-created_by=\"avia_inline_auto\" id=\"style-css-av-lqw7b9kx-d280010a1f6d21eba93430d7f2b9f200\">\n#top .av-special-heading.av-lqw7b9kx-d280010a1f6d21eba93430d7f2b9f200{\npadding-bottom:10px;\n}\nbody .av-special-heading.av-lqw7b9kx-d280010a1f6d21eba93430d7f2b9f200 .av-special-heading-tag .heading-char{\nfont-size:25px;\n}\n.av-special-heading.av-lqw7b9kx-d280010a1f6d21eba93430d7f2b9f200 .av-subheading{\nfont-size:15px;\n}\n<\/style>\n<div  class='av-special-heading av-lqw7b9kx-d280010a1f6d21eba93430d7f2b9f200 av-special-heading-h3 blockquote modern-quote  avia-builder-el-9  el_after_av_hr  el_before_av_hr '><h3 class='av-special-heading-tag '  itemprop=\"headline\"  >COMUNICADOS DE PRENSA<\/h3><div class='av-subheading av-subheading_below'><p>2024<\/p>\n<\/div><div class=\"special-heading-border\"><div class=\"special-heading-inner-border\"><\/div><\/div><\/div><br \/>\n\n<style type=\"text\/css\" data-created_by=\"avia_inline_auto\" id=\"style-css-av-1ki0aq9-0bf20f835d0bbab1fe1e509edbd75b88\">\n#top .hr.hr-invisible.av-1ki0aq9-0bf20f835d0bbab1fe1e509edbd75b88{\nheight:10px;\n}\n<\/style>\n<div  class='hr av-1ki0aq9-0bf20f835d0bbab1fe1e509edbd75b88 hr-invisible  avia-builder-el-10  el_after_av_heading  el_before_av_magazine '><span class='hr-inner '><span class=\"hr-inner-style\"><\/span><\/span><\/div><br \/>\n<div  id=\"avia-magazine-1\"  class='av-magazine av-lqw7cw11-8b5d2bf7f876bf02f8bcdd5f066146b9  avia-builder-el-11  el_after_av_hr  el_before_av_heading   avia-builder-el-11  el_after_av_hr  el_before_av_heading ' ><div class='av-magazine-group sort_all'><article class='av-magazine-entry av-magazine-entry-id-64910 av-magazine-format-standard av-magazine-type-post av-magazine-entry-1 av-magazine-entry-small av-magazine-no-thumb'  itemscope=\"itemscope\" itemtype=\"https:\/\/schema.org\/BlogPosting\" itemprop=\"blogPost\" ><div class=\"av-magazine-content-wrap\"><header class=\"entry-content-header\" aria-label=\"Post: WALLIX One Enterprise Vault, el gestor seguro de contrase\u00f1as personal seguro que mejora la productividad y garantiza\"><time class='av-magazine-time updated'  itemprop=\"datePublished\" datetime=\"2024-10-28T14:00:40+01:00\" >28 de octubre de 2024<\/time><h3 class='av-magazine-title entry-title '  itemprop=\"headline\" ><a href='https:\/\/www.wallix.com\/es\/prensa\/2024-es\/wallix-one-enterprise-vault-el-gestor-seguro-de-contrasenas-personales-que-aumenta-la-productividad-y-el-cumplimiento-de-las-empresas\/' title='Enlace a: WALLIX One Enterprise Vault, el gestor seguro de contrase\u00f1as personal seguro que mejora la productividad y garantiza'>WALLIX One Enterprise Vault, el gestor seguro de contrase\u00f1as personal seguro que mejora la productividad y garantiza<\/a><\/h3><\/header><\/div><footer class=\"entry-footer\"><\/footer><\/article><article class='av-magazine-entry av-magazine-entry-id-64088 av-magazine-format-standard av-magazine-type-post av-magazine-entry-2 av-magazine-entry-small av-magazine-no-thumb'  itemscope=\"itemscope\" itemtype=\"https:\/\/schema.org\/BlogPosting\" itemprop=\"blogPost\" ><div class=\"av-magazine-content-wrap\"><header class=\"entry-content-header\" aria-label=\"Post: WALLIX entre los l\u00edderes mundiales de PAM destacando especialmente por la protecci\u00f3n de entornos industriales\"><time class='av-magazine-time updated'  itemprop=\"datePublished\" datetime=\"2024-10-07T16:13:03+01:00\" >7 de octubre de 2024<\/time><h3 class='av-magazine-title entry-title '  itemprop=\"headline\" ><a href='https:\/\/www.wallix.com\/es\/prensa\/2024-es\/wallix-entre-los-lideres-mundiales-de-pam-destacando-especialmente-por-la-proteccion-de-entornos-industriales\/' title='Enlace a: WALLIX entre los l\u00edderes mundiales de PAM destacando especialmente por la protecci\u00f3n de entornos industriales'>WALLIX entre los l\u00edderes mundiales de PAM destacando especialmente por la protecci\u00f3n de entornos industriales<\/a><\/h3><\/header><\/div><footer class=\"entry-footer\"><\/footer><\/article><article class='av-magazine-entry av-magazine-entry-id-63634 av-magazine-format-standard av-magazine-type-post av-magazine-entry-3 av-magazine-entry-small av-magazine-no-thumb'  itemscope=\"itemscope\" itemtype=\"https:\/\/schema.org\/BlogPosting\" itemprop=\"blogPost\" ><div class=\"av-magazine-content-wrap\"><header class=\"entry-content-header\" aria-label=\"Post: WALLIX y Telenor anuncian una asociaci\u00f3n estrat\u00e9gica para reforzar la seguridad del acceso remoto en la industria\"><time class='av-magazine-time updated'  itemprop=\"datePublished\" datetime=\"2024-10-04T09:44:57+01:00\" >4 de octubre de 2024<\/time><h3 class='av-magazine-title entry-title '  itemprop=\"headline\" ><a href='https:\/\/www.wallix.com\/es\/prensa\/2024-es\/wallix-y-telenor-anuncian-una-asociacion-estrategica-para-reforzar-la-seguridad-del-acceso-remoto-en-la-industria\/' title='Enlace a: WALLIX y Telenor anuncian una asociaci\u00f3n estrat\u00e9gica para reforzar la seguridad del acceso remoto en la industria'>WALLIX y Telenor anuncian una asociaci\u00f3n estrat\u00e9gica para reforzar la seguridad del acceso remoto en la industria<\/a><\/h3><\/header><\/div><footer class=\"entry-footer\"><\/footer><\/article><article class='av-magazine-entry av-magazine-entry-id-60037 av-magazine-format-standard av-magazine-type-post av-magazine-entry-4 av-magazine-entry-small av-magazine-no-thumb'  itemscope=\"itemscope\" itemtype=\"https:\/\/schema.org\/BlogPosting\" itemprop=\"blogPost\" ><div class=\"av-magazine-content-wrap\"><header class=\"entry-content-header\" aria-label=\"Post: WALLIX refuerza su asociaci\u00f3n con CISCO para proteger las redes industriales\"><time class='av-magazine-time updated'  itemprop=\"datePublished\" datetime=\"2024-06-26T16:12:36+01:00\" >26 de junio de 2024<\/time><h3 class='av-magazine-title entry-title '  itemprop=\"headline\" ><a href='https:\/\/www.wallix.com\/es\/prensa\/2024-es\/wallix-strengthened-its-partnership-with-cisco-to-cyber-secure-industrial-networks\/' title='Enlace a: WALLIX refuerza su asociaci\u00f3n con CISCO para proteger las redes industriales'>WALLIX refuerza su asociaci\u00f3n con CISCO para proteger las redes industriales<\/a><\/h3><\/header><\/div><footer class=\"entry-footer\"><\/footer><\/article><\/div><\/div><br \/>\n\n<style type=\"text\/css\" data-created_by=\"avia_inline_auto\" id=\"style-css-av-lqw7bdqm-8eeccea0d6fbff239e8725beaef939c2\">\n#top .av-special-heading.av-lqw7bdqm-8eeccea0d6fbff239e8725beaef939c2{\npadding-bottom:10px;\n}\nbody .av-special-heading.av-lqw7bdqm-8eeccea0d6fbff239e8725beaef939c2 .av-special-heading-tag .heading-char{\nfont-size:25px;\n}\n.av-special-heading.av-lqw7bdqm-8eeccea0d6fbff239e8725beaef939c2 .av-subheading{\nfont-size:15px;\n}\n<\/style>\n<div  class='av-special-heading av-lqw7bdqm-8eeccea0d6fbff239e8725beaef939c2 av-special-heading-h3 blockquote modern-quote  avia-builder-el-12  el_after_av_magazine  el_before_av_hr '><h3 class='av-special-heading-tag '  itemprop=\"headline\"  >COMUNICADOS DE PRENSA<\/h3><div class='av-subheading av-subheading_below'><p>2023<\/p>\n<\/div><div class=\"special-heading-border\"><div class=\"special-heading-inner-border\"><\/div><\/div><\/div><br \/>\n\n<style type=\"text\/css\" data-created_by=\"avia_inline_auto\" id=\"style-css-av-1bp7jqp-0b23b7e8e042e7bf890333895bcb0cd3\">\n#top .hr.hr-invisible.av-1bp7jqp-0b23b7e8e042e7bf890333895bcb0cd3{\nheight:30px;\n}\n<\/style>\n<div  class='hr av-1bp7jqp-0b23b7e8e042e7bf890333895bcb0cd3 hr-invisible  avia-builder-el-13  el_after_av_heading  el_before_av_magazine '><span class='hr-inner '><span class=\"hr-inner-style\"><\/span><\/span><\/div><br \/>\n<div  id=\"avia-magazine-2\"  class='av-magazine av-lqw7d7z6-830c007f77315e60bb3962a94214d195  avia-builder-el-14  el_after_av_hr  el_before_av_heading   avia-builder-el-14  el_after_av_hr  el_before_av_heading ' ><div class='av-magazine-group sort_all'><article class='av-magazine-entry av-magazine-entry-id-44413 av-magazine-format-standard av-magazine-type-post av-magazine-entry-1 av-magazine-entry-small av-magazine-no-thumb'  itemscope=\"itemscope\" itemtype=\"https:\/\/schema.org\/BlogPosting\" itemprop=\"blogPost\" ><div class=\"av-magazine-content-wrap\"><header class=\"entry-content-header\" aria-label=\"Post: We Edu: WALLIX firma una alianza con los Institutos Universitarios Tecnol\u00f3gicos (IUT) franceses e integra su formaci\u00f3n certificadora en la especialidad de ciberseguridad del Grado Universitario Tecnol\u00f3gico en Redes y Telecomunicaciones\"><time class='av-magazine-time updated'  itemprop=\"datePublished\" datetime=\"2023-09-21T15:57:06+01:00\" >21 de septiembre de 2023<\/time><h3 class='av-magazine-title entry-title '  itemprop=\"headline\" ><a href='https:\/\/www.wallix.com\/es\/prensa\/2023-es\/we-edu-wallix-firma-una-alianza-con-los-institutos-universitarios-tecnologicos-iut-franceses-e-integra-su-formacion-certificadora-en-la-especialidad-de-ciberseguridad-del-grado-universitario-tecnol\/' title='Enlace a: We Edu: WALLIX firma una alianza con los Institutos Universitarios Tecnol\u00f3gicos (IUT) franceses e integra su formaci\u00f3n certificadora en la especialidad de ciberseguridad del Grado Universitario Tecnol\u00f3gico en Redes y Telecomunicaciones'>We Edu: WALLIX firma una alianza con los Institutos Universitarios Tecnol\u00f3gicos (IUT) franceses e integra su formaci\u00f3n certificadora en la especialidad de ciberseguridad del Grado Universitario Tecnol\u00f3gico en Redes y Telecomunicaciones<\/a><\/h3><\/header><\/div><footer class=\"entry-footer\"><\/footer><\/article><article class='av-magazine-entry av-magazine-entry-id-44433 av-magazine-format-standard av-magazine-type-post av-magazine-entry-2 av-magazine-entry-small av-magazine-no-thumb'  itemscope=\"itemscope\" itemtype=\"https:\/\/schema.org\/BlogPosting\" itemprop=\"blogPost\" ><div class=\"av-magazine-content-wrap\"><header class=\"entry-content-header\" aria-label=\"Post: WALLIX crea un comit\u00e9 de reconocidos expertos y usuarios para adaptar al m\u00e1ximo su estrategia a las necesidades del mercado\"><time class='av-magazine-time updated'  itemprop=\"datePublished\" datetime=\"2023-07-27T16:01:25+01:00\" >27 de julio de 2023<\/time><h3 class='av-magazine-title entry-title '  itemprop=\"headline\" ><a href='https:\/\/www.wallix.com\/es\/prensa\/2023-es\/wallix-crea-un-comite-de-reconocidos-expertos-y-usuarios-para-adaptar-al-maximo-su-estrategia-a-las-necesidades-del-mercado\/' title='Enlace a: WALLIX crea un comit\u00e9 de reconocidos expertos y usuarios para adaptar al m\u00e1ximo su estrategia a las necesidades del mercado'>WALLIX crea un comit\u00e9 de reconocidos expertos y usuarios para adaptar al m\u00e1ximo su estrategia a las necesidades del mercado<\/a><\/h3><\/header><\/div><footer class=\"entry-footer\"><\/footer><\/article><article class='av-magazine-entry av-magazine-entry-id-44424 av-magazine-format-standard av-magazine-type-post av-magazine-entry-3 av-magazine-entry-small av-magazine-no-thumb'  itemscope=\"itemscope\" itemtype=\"https:\/\/schema.org\/BlogPosting\" itemprop=\"blogPost\" ><div class=\"av-magazine-content-wrap\"><header class=\"entry-content-header\" aria-label=\"Post: WALLIX se une al Demo Center OT de Orange Cyberdefense en Francia para mostrar c\u00f3mo sus soluciones garantizan la resiliencia y la continuidad de las operaciones de los sistemas industriales ante ciberataques\"><time class='av-magazine-time updated'  itemprop=\"datePublished\" datetime=\"2023-07-04T15:59:41+01:00\" >4 de julio de 2023<\/time><h3 class='av-magazine-title entry-title '  itemprop=\"headline\" ><a href='https:\/\/www.wallix.com\/es\/prensa\/2023-es\/wallix-se-une-al-demo-center-ot-de-orange-cyberdefense-en-francia-para-mostrar-como-sus-soluciones-garantizan-la-resiliencia-y-la-continuidad-de-las-operaciones-de-los-sistemas-industriales-ante-ciber\/' title='Enlace a: WALLIX se une al Demo Center OT de Orange Cyberdefense en Francia para mostrar c\u00f3mo sus soluciones garantizan la resiliencia y la continuidad de las operaciones de los sistemas industriales ante ciberataques'>WALLIX se une al Demo Center OT de Orange Cyberdefense en Francia para mostrar c\u00f3mo sus soluciones garantizan la resiliencia y la continuidad de las operaciones de los sistemas industriales ante ciberataques<\/a><\/h3><\/header><\/div><footer class=\"entry-footer\"><\/footer><\/article><article class='av-magazine-entry av-magazine-entry-id-44438 av-magazine-format-standard av-magazine-type-post av-magazine-entry-4 av-magazine-entry-small av-magazine-no-thumb'  itemscope=\"itemscope\" itemtype=\"https:\/\/schema.org\/BlogPosting\" itemprop=\"blogPost\" ><div class=\"av-magazine-content-wrap\"><header class=\"entry-content-header\" aria-label=\"Post: Cris R\u00e9seaux distribuir\u00e1 WALLIX IDaaS para hacer la gesti\u00f3n de identidades y accesos digitales en modo SaaS accesible a las PYMEs\"><time class='av-magazine-time updated'  itemprop=\"datePublished\" datetime=\"2023-06-20T16:02:58+01:00\" >20 de junio de 2023<\/time><h3 class='av-magazine-title entry-title '  itemprop=\"headline\" ><a href='https:\/\/www.wallix.com\/es\/prensa\/2023-es\/cris-reseaux-distribuira-wallix-idaas-para-hacer-la-gestion-de-identidades-y-accesos-digitales-en-modo-saas-accesible-a-las-pymes\/' title='Enlace a: Cris R\u00e9seaux distribuir\u00e1 WALLIX IDaaS para hacer la gesti\u00f3n de identidades y accesos digitales en modo SaaS accesible a las PYMEs'>Cris R\u00e9seaux distribuir\u00e1 WALLIX IDaaS para hacer la gesti\u00f3n de identidades y accesos digitales en modo SaaS accesible a las PYMEs<\/a><\/h3><\/header><\/div><footer class=\"entry-footer\"><\/footer><\/article><article class='av-magazine-entry av-magazine-entry-id-44442 av-magazine-format-standard av-magazine-type-post av-magazine-entry-5 av-magazine-entry-small av-magazine-no-thumb'  itemscope=\"itemscope\" itemtype=\"https:\/\/schema.org\/BlogPosting\" itemprop=\"blogPost\" ><div class=\"av-magazine-content-wrap\"><header class=\"entry-content-header\" aria-label=\"Post: WaaSA: una nueva oferta de ciberseguridad soberana que permite gestionar de forma sencilla el acceso de terceros en las empresas\"><time class='av-magazine-time updated'  itemprop=\"datePublished\" datetime=\"2023-05-25T16:04:14+01:00\" >25 de mayo de 2023<\/time><h3 class='av-magazine-title entry-title '  itemprop=\"headline\" ><a href='https:\/\/www.wallix.com\/es\/prensa\/2023-es\/waasa-una-nueva-oferta-de-ciberseguridad-soberana-que-permite-gestionar-de-forma-sencilla-el-acceso-de-terceros-en-las-empresas\/' title='Enlace a: WaaSA: una nueva oferta de ciberseguridad soberana que permite gestionar de forma sencilla el acceso de terceros en las empresas'>WaaSA: una nueva oferta de ciberseguridad soberana que permite gestionar de forma sencilla el acceso de terceros en las empresas<\/a><\/h3><\/header><\/div><footer class=\"entry-footer\"><\/footer><\/article><\/div><\/div><br \/>\n\n<style type=\"text\/css\" data-created_by=\"avia_inline_auto\" id=\"style-css-av-lqw7bk18-518814b2f29d76425da222328f09e4c3\">\n#top .av-special-heading.av-lqw7bk18-518814b2f29d76425da222328f09e4c3{\npadding-bottom:10px;\n}\nbody .av-special-heading.av-lqw7bk18-518814b2f29d76425da222328f09e4c3 .av-special-heading-tag .heading-char{\nfont-size:25px;\n}\n.av-special-heading.av-lqw7bk18-518814b2f29d76425da222328f09e4c3 .av-subheading{\nfont-size:15px;\n}\n<\/style>\n<div  class='av-special-heading av-lqw7bk18-518814b2f29d76425da222328f09e4c3 av-special-heading-h3 blockquote modern-quote  avia-builder-el-15  el_after_av_magazine  el_before_av_hr '><h3 class='av-special-heading-tag '  itemprop=\"headline\"  >COMUNICADOS DE PRENSA<\/h3><div class='av-subheading av-subheading_below'><p>2022<\/p>\n<\/div><div class=\"special-heading-border\"><div class=\"special-heading-inner-border\"><\/div><\/div><\/div><br \/>\n\n<style type=\"text\/css\" data-created_by=\"avia_inline_auto\" id=\"style-css-av-tqr33l-cd0be7e5888c95d21f07f9765b59eac4\">\n#top .hr.hr-invisible.av-tqr33l-cd0be7e5888c95d21f07f9765b59eac4{\nheight:10px;\n}\n<\/style>\n<div  class='hr av-tqr33l-cd0be7e5888c95d21f07f9765b59eac4 hr-invisible  avia-builder-el-16  el_after_av_heading  el_before_av_magazine '><span class='hr-inner '><span class=\"hr-inner-style\"><\/span><\/span><\/div><br \/>\n<div  id=\"avia-magazine-3\"  class='av-magazine av-lqw7dfi0-e6b540978301f22889c12586975ae323  avia-builder-el-17  el_after_av_hr  avia-builder-el-last   avia-builder-el-17  el_after_av_hr  avia-builder-el-last ' ><div class='av-magazine-group sort_all'><article class='av-magazine-entry av-magazine-entry-id-56868 av-magazine-format-standard av-magazine-type-post av-magazine-entry-1 av-magazine-entry-small av-magazine-no-thumb'  itemscope=\"itemscope\" itemtype=\"https:\/\/schema.org\/BlogPosting\" itemprop=\"blogPost\" ><div class=\"av-magazine-content-wrap\"><header class=\"entry-content-header\" aria-label=\"Post: WALLIX y NOZOMI NETWORKS firman una alianza tecnol\u00f3gica para reforzar la ciberseguridad de la industria\"><time class='av-magazine-time updated'  itemprop=\"datePublished\" datetime=\"2024-04-17T14:06:29+01:00\" >17 de abril de 2024<\/time><h3 class='av-magazine-title entry-title '  itemprop=\"headline\" ><a href='https:\/\/www.wallix.com\/es\/prensa\/2022-es\/wallix-y-nozomi-networks-firman-una-alianza-tecnologica-para-reforzar-la-ciberseguridad-de-la-industria\/' title='Enlace a: WALLIX y NOZOMI NETWORKS firman una alianza tecnol\u00f3gica para reforzar la ciberseguridad de la industria'>WALLIX y NOZOMI NETWORKS firman una alianza tecnol\u00f3gica para reforzar la ciberseguridad de la industria<\/a><\/h3><\/header><\/div><footer class=\"entry-footer\"><\/footer><\/article><article class='av-magazine-entry av-magazine-entry-id-56856 av-magazine-format-standard av-magazine-type-post av-magazine-entry-2 av-magazine-entry-small av-magazine-no-thumb'  itemscope=\"itemscope\" itemtype=\"https:\/\/schema.org\/BlogPosting\" itemprop=\"blogPost\" ><div class=\"av-magazine-content-wrap\"><header class=\"entry-content-header\" aria-label=\"Post: WALLIX Y Axians France Firman una Asociaci\u00f3n para Reforzar la Oferta de Ciberseguridad en el Sector Industrial\"><time class='av-magazine-time updated'  itemprop=\"datePublished\" datetime=\"2024-04-17T14:04:49+01:00\" >17 de abril de 2024<\/time><h3 class='av-magazine-title entry-title '  itemprop=\"headline\" ><a href='https:\/\/www.wallix.com\/es\/prensa\/2022-es\/wallix-y-axians-france-firman-una-asociacion-para-reforzar-la-oferta-de-ciberseguridad-en-el-sector-industrial\/' title='Enlace a: WALLIX Y Axians France Firman una Asociaci\u00f3n para Reforzar la Oferta de Ciberseguridad en el Sector Industrial'>WALLIX Y Axians France Firman una Asociaci\u00f3n para Reforzar la Oferta de Ciberseguridad en el Sector Industrial<\/a><\/h3><\/header><\/div><footer class=\"entry-footer\"><\/footer><\/article><article class='av-magazine-entry av-magazine-entry-id-26645 av-magazine-format-standard av-magazine-type-post av-magazine-entry-3 av-magazine-entry-small av-magazine-no-thumb'  itemscope=\"itemscope\" itemtype=\"https:\/\/schema.org\/BlogPosting\" itemprop=\"blogPost\" ><div class=\"av-magazine-content-wrap\"><header class=\"entry-content-header\" aria-label=\"Post: WALLIX se une a la OPEN XDR PLATFORM para ampliarla a la seguridad de los accesos e identidades digitales\"><time class='av-magazine-time updated'  itemprop=\"datePublished\" datetime=\"2022-09-06T08:30:42+01:00\" >6 de septiembre de 2022<\/time><h3 class='av-magazine-title entry-title '  itemprop=\"headline\" ><a href='https:\/\/www.wallix.com\/es\/prensa\/wallix-une-open-xdr-para-ampliarla-seguridad-accesos\/' title='Enlace a: WALLIX se une a la OPEN XDR PLATFORM para ampliarla a la seguridad de los accesos e identidades digitales'>WALLIX se une a la OPEN XDR PLATFORM para ampliarla a la seguridad de los accesos e identidades digitales<\/a><\/h3><\/header><\/div><footer class=\"entry-footer\"><\/footer><\/article><\/div><\/div><\/p><\/div><\/p>\n","protected":false},"excerpt":{"rendered":"","protected":false},"author":3,"featured_media":29338,"comment_status":"closed","ping_status":"closed","sticky":false,"template":"","format":"standard","meta":{"_acf_changed":false,"content-type":"","inline_featured_image":false,"footnotes":""},"categories":[2059,2173],"tags":[],"class_list":["post-64088","post","type-post","status-publish","format-standard","has-post-thumbnail","hentry","category-2024-es","category-prensa"],"acf":[],"yoast_head":"<!-- This site is optimized with the Yoast SEO plugin v27.3 - https:\/\/yoast.com\/product\/yoast-seo-wordpress\/ -->\n<title>WALLIX entre los l\u00edderes mundiales de PAM destacando especialmente por la protecci\u00f3n de entornos industriales - WALLIX<\/title>\n<meta name=\"robots\" content=\"index, follow, max-snippet:-1, max-image-preview:large, max-video-preview:-1\" \/>\n<link rel=\"canonical\" href=\"https:\/\/www.wallix.com\/es\/prensa\/2024-es\/wallix-entre-los-lideres-mundiales-de-pam-destacando-especialmente-por-la-proteccion-de-entornos-industriales\/\" \/>\n<meta property=\"og:locale\" content=\"es_ES\" \/>\n<meta property=\"og:type\" content=\"article\" \/>\n<meta property=\"og:title\" content=\"WALLIX entre los l\u00edderes mundiales de PAM destacando especialmente por la protecci\u00f3n de entornos industriales - WALLIX\" \/>\n<meta property=\"og:url\" content=\"https:\/\/www.wallix.com\/es\/prensa\/2024-es\/wallix-entre-los-lideres-mundiales-de-pam-destacando-especialmente-por-la-proteccion-de-entornos-industriales\/\" \/>\n<meta property=\"og:site_name\" content=\"WALLIX\" \/>\n<meta property=\"article:published_time\" content=\"2024-10-07T15:13:03+00:00\" \/>\n<meta property=\"article:modified_time\" content=\"2025-09-01T15:08:58+00:00\" \/>\n<meta property=\"og:image\" content=\"https:\/\/www.wallix.com\/wp-content\/uploads\/2022\/12\/AdobeStock_429258682-copie-scaled.jpg\" \/>\n\t<meta property=\"og:image:width\" content=\"2560\" \/>\n\t<meta property=\"og:image:height\" content=\"1097\" \/>\n\t<meta property=\"og:image:type\" content=\"image\/jpeg\" \/>\n<meta name=\"author\" content=\"WALLIX\" \/>\n<meta name=\"twitter:card\" content=\"summary_large_image\" \/>\n<meta name=\"twitter:creator\" content=\"@wallixcom\" \/>\n<meta name=\"twitter:site\" content=\"@wallixcom\" \/>\n<meta name=\"twitter:label1\" content=\"Escrito por\" \/>\n\t<meta name=\"twitter:data1\" content=\"WALLIX\" \/>\n\t<meta name=\"twitter:label2\" content=\"Tiempo de lectura\" \/>\n\t<meta name=\"twitter:data2\" content=\"7 minutos\" \/>\n<script type=\"application\/ld+json\" class=\"yoast-schema-graph\">{\"@context\":\"https:\\\/\\\/schema.org\",\"@graph\":[{\"@type\":\"Article\",\"@id\":\"https:\\\/\\\/www.wallix.com\\\/es\\\/prensa\\\/2024-es\\\/wallix-entre-los-lideres-mundiales-de-pam-destacando-especialmente-por-la-proteccion-de-entornos-industriales\\\/#article\",\"isPartOf\":{\"@id\":\"https:\\\/\\\/www.wallix.com\\\/es\\\/prensa\\\/2024-es\\\/wallix-entre-los-lideres-mundiales-de-pam-destacando-especialmente-por-la-proteccion-de-entornos-industriales\\\/\"},\"author\":{\"name\":\"WALLIX\",\"@id\":\"https:\\\/\\\/www.wallix.com\\\/es\\\/#\\\/schema\\\/person\\\/8b1daa830716a62cdf5631aa0e211abd\"},\"headline\":\"WALLIX entre los l\u00edderes mundiales de PAM destacando especialmente por la protecci\u00f3n de entornos industriales\",\"datePublished\":\"2024-10-07T15:13:03+00:00\",\"dateModified\":\"2025-09-01T15:08:58+00:00\",\"mainEntityOfPage\":{\"@id\":\"https:\\\/\\\/www.wallix.com\\\/es\\\/prensa\\\/2024-es\\\/wallix-entre-los-lideres-mundiales-de-pam-destacando-especialmente-por-la-proteccion-de-entornos-industriales\\\/\"},\"wordCount\":3402,\"publisher\":{\"@id\":\"https:\\\/\\\/www.wallix.com\\\/es\\\/#organization\"},\"image\":{\"@id\":\"https:\\\/\\\/www.wallix.com\\\/es\\\/prensa\\\/2024-es\\\/wallix-entre-los-lideres-mundiales-de-pam-destacando-especialmente-por-la-proteccion-de-entornos-industriales\\\/#primaryimage\"},\"thumbnailUrl\":\"https:\\\/\\\/www.wallix.com\\\/wp-content\\\/uploads\\\/2022\\\/12\\\/AdobeStock_429258682-copie-scaled.jpg\",\"articleSection\":[\"2024\",\"PRENSA\"],\"inLanguage\":\"es\"},{\"@type\":\"WebPage\",\"@id\":\"https:\\\/\\\/www.wallix.com\\\/es\\\/prensa\\\/2024-es\\\/wallix-entre-los-lideres-mundiales-de-pam-destacando-especialmente-por-la-proteccion-de-entornos-industriales\\\/\",\"url\":\"https:\\\/\\\/www.wallix.com\\\/es\\\/prensa\\\/2024-es\\\/wallix-entre-los-lideres-mundiales-de-pam-destacando-especialmente-por-la-proteccion-de-entornos-industriales\\\/\",\"name\":\"WALLIX entre los l\u00edderes mundiales de PAM destacando especialmente por la protecci\u00f3n de entornos industriales - WALLIX\",\"isPartOf\":{\"@id\":\"https:\\\/\\\/www.wallix.com\\\/es\\\/#website\"},\"primaryImageOfPage\":{\"@id\":\"https:\\\/\\\/www.wallix.com\\\/es\\\/prensa\\\/2024-es\\\/wallix-entre-los-lideres-mundiales-de-pam-destacando-especialmente-por-la-proteccion-de-entornos-industriales\\\/#primaryimage\"},\"image\":{\"@id\":\"https:\\\/\\\/www.wallix.com\\\/es\\\/prensa\\\/2024-es\\\/wallix-entre-los-lideres-mundiales-de-pam-destacando-especialmente-por-la-proteccion-de-entornos-industriales\\\/#primaryimage\"},\"thumbnailUrl\":\"https:\\\/\\\/www.wallix.com\\\/wp-content\\\/uploads\\\/2022\\\/12\\\/AdobeStock_429258682-copie-scaled.jpg\",\"datePublished\":\"2024-10-07T15:13:03+00:00\",\"dateModified\":\"2025-09-01T15:08:58+00:00\",\"inLanguage\":\"es\",\"potentialAction\":[{\"@type\":\"ReadAction\",\"target\":[\"https:\\\/\\\/www.wallix.com\\\/es\\\/prensa\\\/2024-es\\\/wallix-entre-los-lideres-mundiales-de-pam-destacando-especialmente-por-la-proteccion-de-entornos-industriales\\\/\"]}]},{\"@type\":\"ImageObject\",\"inLanguage\":\"es\",\"@id\":\"https:\\\/\\\/www.wallix.com\\\/es\\\/prensa\\\/2024-es\\\/wallix-entre-los-lideres-mundiales-de-pam-destacando-especialmente-por-la-proteccion-de-entornos-industriales\\\/#primaryimage\",\"url\":\"https:\\\/\\\/www.wallix.com\\\/wp-content\\\/uploads\\\/2022\\\/12\\\/AdobeStock_429258682-copie-scaled.jpg\",\"contentUrl\":\"https:\\\/\\\/www.wallix.com\\\/wp-content\\\/uploads\\\/2022\\\/12\\\/AdobeStock_429258682-copie-scaled.jpg\",\"width\":2560,\"height\":1097,\"caption\":\"Illustration of digital security, emphasizing the importance of safeguarding sensitive data in a connected world.\"},{\"@type\":\"WebSite\",\"@id\":\"https:\\\/\\\/www.wallix.com\\\/es\\\/#website\",\"url\":\"https:\\\/\\\/www.wallix.com\\\/es\\\/\",\"name\":\"WALLIX\",\"description\":\"CYBERSECURITY SIMPLIFIED\",\"publisher\":{\"@id\":\"https:\\\/\\\/www.wallix.com\\\/es\\\/#organization\"},\"potentialAction\":[{\"@type\":\"SearchAction\",\"target\":{\"@type\":\"EntryPoint\",\"urlTemplate\":\"https:\\\/\\\/www.wallix.com\\\/es\\\/?s={search_term_string}\"},\"query-input\":{\"@type\":\"PropertyValueSpecification\",\"valueRequired\":true,\"valueName\":\"search_term_string\"}}],\"inLanguage\":\"es\"},{\"@type\":\"Organization\",\"@id\":\"https:\\\/\\\/www.wallix.com\\\/es\\\/#organization\",\"name\":\"WALLIX\",\"url\":\"https:\\\/\\\/www.wallix.com\\\/es\\\/\",\"logo\":{\"@type\":\"ImageObject\",\"inLanguage\":\"es\",\"@id\":\"https:\\\/\\\/www.wallix.com\\\/es\\\/#\\\/schema\\\/logo\\\/image\\\/\",\"url\":\"https:\\\/\\\/www.wallix.com\\\/wp-content\\\/uploads\\\/2024\\\/03\\\/LOGO_WALLIX_2024_blackorange.png\",\"contentUrl\":\"https:\\\/\\\/www.wallix.com\\\/wp-content\\\/uploads\\\/2024\\\/03\\\/LOGO_WALLIX_2024_blackorange.png\",\"width\":3108,\"height\":827,\"caption\":\"WALLIX\"},\"image\":{\"@id\":\"https:\\\/\\\/www.wallix.com\\\/es\\\/#\\\/schema\\\/logo\\\/image\\\/\"},\"sameAs\":[\"https:\\\/\\\/x.com\\\/wallixcom\",\"https:\\\/\\\/www.linkedin.com\\\/company\\\/wallix\\\/\",\"https:\\\/\\\/www.youtube.com\\\/wallix\"]},{\"@type\":\"Person\",\"@id\":\"https:\\\/\\\/www.wallix.com\\\/es\\\/#\\\/schema\\\/person\\\/8b1daa830716a62cdf5631aa0e211abd\",\"name\":\"WALLIX\",\"image\":{\"@type\":\"ImageObject\",\"inLanguage\":\"es\",\"@id\":\"https:\\\/\\\/secure.gravatar.com\\\/avatar\\\/8bf1123a19c4364709de2f7c8c881ed5f2bb750cac73f782f39aea052e526546?s=96&d=mm&r=g\",\"url\":\"https:\\\/\\\/secure.gravatar.com\\\/avatar\\\/8bf1123a19c4364709de2f7c8c881ed5f2bb750cac73f782f39aea052e526546?s=96&d=mm&r=g\",\"contentUrl\":\"https:\\\/\\\/secure.gravatar.com\\\/avatar\\\/8bf1123a19c4364709de2f7c8c881ed5f2bb750cac73f782f39aea052e526546?s=96&d=mm&r=g\",\"caption\":\"WALLIX\"},\"url\":\"https:\\\/\\\/www.wallix.com\\\/es\\\/author\\\/alex\\\/\"}]}<\/script>\n<!-- \/ Yoast SEO plugin. -->","yoast_head_json":{"title":"WALLIX entre los l\u00edderes mundiales de PAM destacando especialmente por la protecci\u00f3n de entornos industriales - WALLIX","robots":{"index":"index","follow":"follow","max-snippet":"max-snippet:-1","max-image-preview":"max-image-preview:large","max-video-preview":"max-video-preview:-1"},"canonical":"https:\/\/www.wallix.com\/es\/prensa\/2024-es\/wallix-entre-los-lideres-mundiales-de-pam-destacando-especialmente-por-la-proteccion-de-entornos-industriales\/","og_locale":"es_ES","og_type":"article","og_title":"WALLIX entre los l\u00edderes mundiales de PAM destacando especialmente por la protecci\u00f3n de entornos industriales - WALLIX","og_url":"https:\/\/www.wallix.com\/es\/prensa\/2024-es\/wallix-entre-los-lideres-mundiales-de-pam-destacando-especialmente-por-la-proteccion-de-entornos-industriales\/","og_site_name":"WALLIX","article_published_time":"2024-10-07T15:13:03+00:00","article_modified_time":"2025-09-01T15:08:58+00:00","og_image":[{"width":2560,"height":1097,"url":"https:\/\/www.wallix.com\/wp-content\/uploads\/2022\/12\/AdobeStock_429258682-copie-scaled.jpg","type":"image\/jpeg"}],"author":"WALLIX","twitter_card":"summary_large_image","twitter_creator":"@wallixcom","twitter_site":"@wallixcom","twitter_misc":{"Escrito por":"WALLIX","Tiempo de lectura":"7 minutos"},"schema":{"@context":"https:\/\/schema.org","@graph":[{"@type":"Article","@id":"https:\/\/www.wallix.com\/es\/prensa\/2024-es\/wallix-entre-los-lideres-mundiales-de-pam-destacando-especialmente-por-la-proteccion-de-entornos-industriales\/#article","isPartOf":{"@id":"https:\/\/www.wallix.com\/es\/prensa\/2024-es\/wallix-entre-los-lideres-mundiales-de-pam-destacando-especialmente-por-la-proteccion-de-entornos-industriales\/"},"author":{"name":"WALLIX","@id":"https:\/\/www.wallix.com\/es\/#\/schema\/person\/8b1daa830716a62cdf5631aa0e211abd"},"headline":"WALLIX entre los l\u00edderes mundiales de PAM destacando especialmente por la protecci\u00f3n de entornos industriales","datePublished":"2024-10-07T15:13:03+00:00","dateModified":"2025-09-01T15:08:58+00:00","mainEntityOfPage":{"@id":"https:\/\/www.wallix.com\/es\/prensa\/2024-es\/wallix-entre-los-lideres-mundiales-de-pam-destacando-especialmente-por-la-proteccion-de-entornos-industriales\/"},"wordCount":3402,"publisher":{"@id":"https:\/\/www.wallix.com\/es\/#organization"},"image":{"@id":"https:\/\/www.wallix.com\/es\/prensa\/2024-es\/wallix-entre-los-lideres-mundiales-de-pam-destacando-especialmente-por-la-proteccion-de-entornos-industriales\/#primaryimage"},"thumbnailUrl":"https:\/\/www.wallix.com\/wp-content\/uploads\/2022\/12\/AdobeStock_429258682-copie-scaled.jpg","articleSection":["2024","PRENSA"],"inLanguage":"es"},{"@type":"WebPage","@id":"https:\/\/www.wallix.com\/es\/prensa\/2024-es\/wallix-entre-los-lideres-mundiales-de-pam-destacando-especialmente-por-la-proteccion-de-entornos-industriales\/","url":"https:\/\/www.wallix.com\/es\/prensa\/2024-es\/wallix-entre-los-lideres-mundiales-de-pam-destacando-especialmente-por-la-proteccion-de-entornos-industriales\/","name":"WALLIX entre los l\u00edderes mundiales de PAM destacando especialmente por la protecci\u00f3n de entornos industriales - WALLIX","isPartOf":{"@id":"https:\/\/www.wallix.com\/es\/#website"},"primaryImageOfPage":{"@id":"https:\/\/www.wallix.com\/es\/prensa\/2024-es\/wallix-entre-los-lideres-mundiales-de-pam-destacando-especialmente-por-la-proteccion-de-entornos-industriales\/#primaryimage"},"image":{"@id":"https:\/\/www.wallix.com\/es\/prensa\/2024-es\/wallix-entre-los-lideres-mundiales-de-pam-destacando-especialmente-por-la-proteccion-de-entornos-industriales\/#primaryimage"},"thumbnailUrl":"https:\/\/www.wallix.com\/wp-content\/uploads\/2022\/12\/AdobeStock_429258682-copie-scaled.jpg","datePublished":"2024-10-07T15:13:03+00:00","dateModified":"2025-09-01T15:08:58+00:00","inLanguage":"es","potentialAction":[{"@type":"ReadAction","target":["https:\/\/www.wallix.com\/es\/prensa\/2024-es\/wallix-entre-los-lideres-mundiales-de-pam-destacando-especialmente-por-la-proteccion-de-entornos-industriales\/"]}]},{"@type":"ImageObject","inLanguage":"es","@id":"https:\/\/www.wallix.com\/es\/prensa\/2024-es\/wallix-entre-los-lideres-mundiales-de-pam-destacando-especialmente-por-la-proteccion-de-entornos-industriales\/#primaryimage","url":"https:\/\/www.wallix.com\/wp-content\/uploads\/2022\/12\/AdobeStock_429258682-copie-scaled.jpg","contentUrl":"https:\/\/www.wallix.com\/wp-content\/uploads\/2022\/12\/AdobeStock_429258682-copie-scaled.jpg","width":2560,"height":1097,"caption":"Illustration of digital security, emphasizing the importance of safeguarding sensitive data in a connected world."},{"@type":"WebSite","@id":"https:\/\/www.wallix.com\/es\/#website","url":"https:\/\/www.wallix.com\/es\/","name":"WALLIX","description":"CYBERSECURITY SIMPLIFIED","publisher":{"@id":"https:\/\/www.wallix.com\/es\/#organization"},"potentialAction":[{"@type":"SearchAction","target":{"@type":"EntryPoint","urlTemplate":"https:\/\/www.wallix.com\/es\/?s={search_term_string}"},"query-input":{"@type":"PropertyValueSpecification","valueRequired":true,"valueName":"search_term_string"}}],"inLanguage":"es"},{"@type":"Organization","@id":"https:\/\/www.wallix.com\/es\/#organization","name":"WALLIX","url":"https:\/\/www.wallix.com\/es\/","logo":{"@type":"ImageObject","inLanguage":"es","@id":"https:\/\/www.wallix.com\/es\/#\/schema\/logo\/image\/","url":"https:\/\/www.wallix.com\/wp-content\/uploads\/2024\/03\/LOGO_WALLIX_2024_blackorange.png","contentUrl":"https:\/\/www.wallix.com\/wp-content\/uploads\/2024\/03\/LOGO_WALLIX_2024_blackorange.png","width":3108,"height":827,"caption":"WALLIX"},"image":{"@id":"https:\/\/www.wallix.com\/es\/#\/schema\/logo\/image\/"},"sameAs":["https:\/\/x.com\/wallixcom","https:\/\/www.linkedin.com\/company\/wallix\/","https:\/\/www.youtube.com\/wallix"]},{"@type":"Person","@id":"https:\/\/www.wallix.com\/es\/#\/schema\/person\/8b1daa830716a62cdf5631aa0e211abd","name":"WALLIX","image":{"@type":"ImageObject","inLanguage":"es","@id":"https:\/\/secure.gravatar.com\/avatar\/8bf1123a19c4364709de2f7c8c881ed5f2bb750cac73f782f39aea052e526546?s=96&d=mm&r=g","url":"https:\/\/secure.gravatar.com\/avatar\/8bf1123a19c4364709de2f7c8c881ed5f2bb750cac73f782f39aea052e526546?s=96&d=mm&r=g","contentUrl":"https:\/\/secure.gravatar.com\/avatar\/8bf1123a19c4364709de2f7c8c881ed5f2bb750cac73f782f39aea052e526546?s=96&d=mm&r=g","caption":"WALLIX"},"url":"https:\/\/www.wallix.com\/es\/author\/alex\/"}]}},"_links":{"self":[{"href":"https:\/\/www.wallix.com\/es\/wp-json\/wp\/v2\/posts\/64088","targetHints":{"allow":["GET"]}}],"collection":[{"href":"https:\/\/www.wallix.com\/es\/wp-json\/wp\/v2\/posts"}],"about":[{"href":"https:\/\/www.wallix.com\/es\/wp-json\/wp\/v2\/types\/post"}],"author":[{"embeddable":true,"href":"https:\/\/www.wallix.com\/es\/wp-json\/wp\/v2\/users\/3"}],"replies":[{"embeddable":true,"href":"https:\/\/www.wallix.com\/es\/wp-json\/wp\/v2\/comments?post=64088"}],"version-history":[{"count":4,"href":"https:\/\/www.wallix.com\/es\/wp-json\/wp\/v2\/posts\/64088\/revisions"}],"predecessor-version":[{"id":77258,"href":"https:\/\/www.wallix.com\/es\/wp-json\/wp\/v2\/posts\/64088\/revisions\/77258"}],"wp:featuredmedia":[{"embeddable":true,"href":"https:\/\/www.wallix.com\/es\/wp-json\/wp\/v2\/media\/29338"}],"wp:attachment":[{"href":"https:\/\/www.wallix.com\/es\/wp-json\/wp\/v2\/media?parent=64088"}],"wp:term":[{"taxonomy":"category","embeddable":true,"href":"https:\/\/www.wallix.com\/es\/wp-json\/wp\/v2\/categories?post=64088"},{"taxonomy":"post_tag","embeddable":true,"href":"https:\/\/www.wallix.com\/es\/wp-json\/wp\/v2\/tags?post=64088"}],"curies":[{"name":"wp","href":"https:\/\/api.w.org\/{rel}","templated":true}]}}