{"id":46441,"date":"2024-02-06T16:22:54","date_gmt":"2024-02-06T15:22:54","guid":{"rendered":"https:\/\/www.wallix.com\/el-hospital-de-calais-elige-wallix-para-asegurar-el-acceso-de-sus-proveedores-externos\/"},"modified":"2026-03-27T14:56:33","modified_gmt":"2026-03-27T13:56:33","slug":"el-hospital-de-calais-elige-wallix-para-asegurar-el-acceso-de-sus-proveedores-externos","status":"publish","type":"post","link":"https:\/\/www.wallix.com\/es\/recursos\/success-stories-es\/sanidad-es-2\/el-hospital-de-calais-elige-wallix-para-asegurar-el-acceso-de-sus-proveedores-externos\/","title":{"rendered":"El Hospital de Calais elige WALLIX PAM para asegurar el acceso de sus proveedores externos"},"content":{"rendered":"\n<style type=\"text\/css\" data-created_by=\"avia_inline_auto\" id=\"style-css-av-lq2676yy-bfee5cd967a6406834f8ad2e2ba70f39\">\n.avia-section.av-lq2676yy-bfee5cd967a6406834f8ad2e2ba70f39{\nbackground-repeat:no-repeat;\nbackground-image:url(https:\/\/www.wallix.com\/wp-content\/uploads\/2023\/12\/calais-1-scaled.jpg);\nbackground-position:50% 50%;\nbackground-attachment:fixed;\n}\n.avia-section.av-lq2676yy-bfee5cd967a6406834f8ad2e2ba70f39 .av-section-color-overlay{\nopacity:0.3;\nbackground-color:#172542;\n}\n<\/style>\n<div id='av_section_1'  class='avia-section av-lq2676yy-bfee5cd967a6406834f8ad2e2ba70f39 main_color avia-section-default avia-no-border-styling  avia-builder-el-0  el_before_av_one_half  avia-builder-el-first  avia-full-stretch avia-bg-style-fixed av-section-color-overlay-active av-minimum-height av-minimum-height-25 av-height-25  container_wrap fullsize'  data-section-bg-repeat='stretch' data-av_minimum_height_pc='25' data-av_min_height_opt='25'><div class=\"av-section-color-overlay-wrap\"><div class=\"av-section-color-overlay\"><\/div><div class='container av-section-cont-open' ><main  role=\"main\" itemprop=\"mainContentOfPage\"  class='template-page content  av-content-full alpha units'><div class='post-entry post-entry-type-page post-entry-46441'><div class='entry-content-wrapper clearfix'>\n<div  class='flex_column av-6euso09-35180017ce5fcb1acc2f287da95b7331 av_one_fifth  avia-builder-el-1  el_before_av_four_fifth  avia-builder-el-first  first flex_column_div  '     ><style type=\"text\/css\" data-created_by=\"avia_inline_auto\" id=\"style-css-av-lq269gsg-710f7284a5edc3c9cfb3974b7fc3a0ce\">\n.avia-image-container.av-lq269gsg-710f7284a5edc3c9cfb3974b7fc3a0ce img.avia_image{\nbox-shadow:none;\n}\n.avia-image-container.av-lq269gsg-710f7284a5edc3c9cfb3974b7fc3a0ce .av-image-caption-overlay-center{\ncolor:#ffffff;\n}\n<\/style>\n<div  class='avia-image-container av-lq269gsg-710f7284a5edc3c9cfb3974b7fc3a0ce av-styling- avia-align-center  avia-builder-el-2  avia-builder-el-no-sibling '   itemprop=\"image\" itemscope=\"itemscope\" itemtype=\"https:\/\/schema.org\/ImageObject\" ><div class=\"avia-image-container-inner\"><div class=\"avia-image-overlay-wrap\"><img decoding=\"async\" fetchpriority=\"high\" class='wp-image-36751 avia-img-lazy-loading-not-36751 avia_image ' src=\"https:\/\/www.wallix.com\/wp-content\/uploads\/2023\/12\/CHU-calais_Logo-300x300.png\" alt='Logo of Centre Hospitalier de Calais (CH Calais) representing the French public hospital in Calais, part of the regional healthcare system. Used on the WALLIX Calais Hospital success story page to visually identify the healthcare organisation that deployed WALLIX PAM to secure access' title='CHU calais_Logo'  height=\"300\" width=\"300\"  itemprop=\"thumbnailUrl\" srcset=\"https:\/\/www.wallix.com\/wp-content\/uploads\/2023\/12\/CHU-calais_Logo-300x300.png 300w, https:\/\/www.wallix.com\/wp-content\/uploads\/2023\/12\/CHU-calais_Logo-80x80.png 80w, https:\/\/www.wallix.com\/wp-content\/uploads\/2023\/12\/CHU-calais_Logo-36x36.png 36w, https:\/\/www.wallix.com\/wp-content\/uploads\/2023\/12\/CHU-calais_Logo-180x180.png 180w, https:\/\/www.wallix.com\/wp-content\/uploads\/2023\/12\/CHU-calais_Logo.png 500w\" sizes=\"(max-width: 300px) 100vw, 300px\" \/><\/div><\/div><\/div><\/div><div  class='flex_column av-5khotc9-f96c2325de002275e13f6dceb93c65e4 av_four_fifth  avia-builder-el-3  el_after_av_one_fifth  avia-builder-el-last  flex_column_div  '     ><style type=\"text\/css\" data-created_by=\"avia_inline_auto\" id=\"style-css-av-lq269rtp-8a53a749b3a46d47f0689bf6901a0a4e\">\n#top .av-special-heading.av-lq269rtp-8a53a749b3a46d47f0689bf6901a0a4e{\npadding-bottom:10px;\ncolor:#ffffff;\n}\nbody .av-special-heading.av-lq269rtp-8a53a749b3a46d47f0689bf6901a0a4e .av-special-heading-tag .heading-char{\nfont-size:25px;\n}\n.av-special-heading.av-lq269rtp-8a53a749b3a46d47f0689bf6901a0a4e .special-heading-inner-border{\nborder-color:#ffffff;\n}\n.av-special-heading.av-lq269rtp-8a53a749b3a46d47f0689bf6901a0a4e .av-subheading{\nfont-size:15px;\n}\n<\/style>\n<div  class='av-special-heading av-lq269rtp-8a53a749b3a46d47f0689bf6901a0a4e av-special-heading-h2 custom-color-heading blockquote modern-quote  avia-builder-el-4  avia-builder-el-no-sibling '><h2 class='av-special-heading-tag '  itemprop=\"headline\"  >El Hospital de Calais elige WALLIX PAM para asegurar el acceso de sus proveedores externos<\/h2><div class=\"special-heading-border\"><div class=\"special-heading-inner-border\"><\/div><\/div><\/div><\/div>\n<\/div><\/div><\/main><!-- close content main element --><\/div><\/div><\/div><div id='after_section_1'  class='main_color av_default_container_wrap container_wrap fullsize'  ><div class='container av-section-cont-open' ><div class='template-page content  av-content-full alpha units'><div class='post-entry post-entry-type-page post-entry-46441'><div class='entry-content-wrapper clearfix'>\n<div  class='flex_column av-ji5hjd-37e657a3894153d21e60c13a60ee694f av_one_half  avia-builder-el-5  el_after_av_section  el_before_av_one_half  avia-builder-el-first  first flex_column_div  '     ><section  class='av_textblock_section av-lq26b23i-df528175e55d50d7304d8d5cce5992c1 '   itemscope=\"itemscope\" itemtype=\"https:\/\/schema.org\/BlogPosting\" itemprop=\"blogPost\" ><div class='avia_textblock'  itemprop=\"text\" ><h3>El Hospital de Calais elige WALLIX PAM para asegurar el acceso de sus proveedores externos<\/h3>\n<p>El Hospital Dr. Jean Eric Techer de Calais ofrece atenci\u00f3n m\u00e9dica en especialidades como cirug\u00eda, obstetricia y salud mental, as\u00ed como seguimiento y servicios de apoyo a las personas mayores gracias a sus 200 m\u00e9dicos y 1.800 profesionales.<\/p>\n<p>Como instalaci\u00f3n innovadora, el departamento inform\u00e1tico del Hospital de Calais trabaja con numerosos proveedores de servicios externos que operan a diario en los servidores inform\u00e1ticos. A pesar de los incidentes recurrentes, la falta de datos precisos impide a los equipos de TI llevar a cabo investigaciones detalladas de los incidentes.<\/p>\n<blockquote>\n<p><strong><em><span style=\"color: #f37324;\">\u00bb \u00a1El conjunto WALLIX PAM nos hace m\u00e1s fuertes! En <\/span><\/em><\/strong><strong><em><span style=\"color: #f37324;\">El comportamiento de nuestros usuarios ha cambiado desde la implantaci\u00f3n de la solution, y el n\u00famero de incidentes ha disminuido dr\u00e1sticamente.\u00bb<br \/>\n<\/span><\/em><\/strong><\/p>\n<\/blockquote>\n<p style=\"text-align: right;\"><span style=\"color: #ff6600;\"><em>Nadhir TURKI, Administrador de redes y telefon\u00eda del <\/em><em>el Hospital Dr. Jean Eric Techer de Calais<\/em><\/span><\/p>\n<p><strong style=\"text-align: right;\">Obtenga m\u00e1s informaci\u00f3n sobre c\u00f3mo la soluci\u00f3n WALLIX PAM asegura <strong>el acceso de los<\/strong> proveedores externos del hospital. <span style=\"color: #f37324;\">\u00a1Rellene el formulario ahora para obtener el estudio de caso!<\/span><\/strong><\/p>\n<\/div><\/section><br \/>\n<div  class='av-social-sharing-box av-lq2emb8y-4e7234b1da198fde1b12f1c97c337f96 av-social-sharing-box-default  avia-builder-el-7  el_after_av_textblock  avia-builder-el-last  av-social-sharing-box-fullwidth'><div class=\"av-share-box\"><h5 class='av-share-link-description av-no-toc '>Comparte esta historia de \u00e9xito<\/h5><ul class=\"av-share-box-list noLightbox\"><li class='av-share-link av-social-link-twitter avia_social_iconfont' ><a target=\"_blank\" aria-label=\"Compartir en X\" href='https:\/\/twitter.com\/share?text=El%20Hospital%20de%20Calais%20elige%20WALLIX%20PAM%20para%20asegurar%20el%20acceso%20de%20sus%20proveedores%20externos&#038;url=https:\/\/www.wallix.com\/es\/?p=46441' data-av_icon='\ue932' data-av_iconfont='entypo-fontello'  title='' data-avia-related-tooltip='Compartir en X'><span class='avia_hidden_link_text'>Compartir en X<\/span><\/a><\/li><li class='av-share-link av-social-link-linkedin avia_social_iconfont' ><a target=\"_blank\" aria-label=\"Compartir en LinkedIn\" href='https:\/\/linkedin.com\/shareArticle?mini=true&#038;title=El%20Hospital%20de%20Calais%20elige%20WALLIX%20PAM%20para%20asegurar%20el%20acceso%20de%20sus%20proveedores%20externos&#038;url=https:\/\/www.wallix.com\/es\/recursos\/success-stories-es\/sanidad-es-2\/el-hospital-de-calais-elige-wallix-para-asegurar-el-acceso-de-sus-proveedores-externos\/' data-av_icon='\ue8fc' data-av_iconfont='entypo-fontello'  title='' data-avia-related-tooltip='Compartir en LinkedIn'><span class='avia_hidden_link_text'>Compartir en LinkedIn<\/span><\/a><\/li><li class='av-share-link av-social-link-mail avia_social_iconfont' ><a  aria-label=\"Compartir por correo\" href='mailto:?subject=El%20Hospital%20de%20Calais%20elige%20WALLIX%20PAM%20para%20asegurar%20el%20acceso%20de%20sus%20proveedores%20externos&#038;body=https:\/\/www.wallix.com\/es\/recursos\/success-stories-es\/sanidad-es-2\/el-hospital-de-calais-elige-wallix-para-asegurar-el-acceso-de-sus-proveedores-externos\/' data-av_icon='\ue805' data-av_iconfont='entypo-fontello'  title='' data-avia-related-tooltip='Compartir por correo'><span class='avia_hidden_link_text'>Compartir por correo<\/span><\/a><\/li><\/ul><\/div><\/div><\/p><\/div>\n<div  class='flex_column av-512u7gp-fe64944e4a35e31df75516814e4e8314 av_one_half  avia-builder-el-8  el_after_av_one_half  el_before_av_one_half  flex_column_div  '     ><section  class='av_textblock_section av-4bw9gmh-e479830059c17e268067b997ab8ea31e '   itemscope=\"itemscope\" itemtype=\"https:\/\/schema.org\/BlogPosting\" itemprop=\"blogPost\" ><div class='avia_textblock'  itemprop=\"text\" ><h3><strong>Descargar esta historia de \u00e9xito<br \/>\n<\/strong><\/h3>\n<\/div><\/section><br \/>\n\n<style type=\"text\/css\" data-created_by=\"avia_inline_auto\" id=\"style-css-av-3yf3brd-d58e7252a0ea51d47ad943806b763776\">\n#top .hr.hr-invisible.av-3yf3brd-d58e7252a0ea51d47ad943806b763776{\nheight:30px;\n}\n<\/style>\n<div  class='hr av-3yf3brd-d58e7252a0ea51d47ad943806b763776 hr-invisible  avia-builder-el-10  el_after_av_textblock  el_before_av_codeblock '><span class='hr-inner '><span class=\"hr-inner-style\"><\/span><\/span><\/div><br \/>\n<br \/>\n\n<style type=\"text\/css\" data-created_by=\"avia_inline_auto\" id=\"style-css-av-3l714g9-303752c0e9ab0127f3e5bfc2ae275592\">\n#top .hr.hr-invisible.av-3l714g9-303752c0e9ab0127f3e5bfc2ae275592{\nheight:30px;\n}\n<\/style>\n<div  class='hr av-3l714g9-303752c0e9ab0127f3e5bfc2ae275592 hr-invisible  avia-builder-el-12  el_after_av_codeblock  avia-builder-el-last '><span class='hr-inner '><span class=\"hr-inner-style\"><\/span><\/span><\/div><\/p><\/div><div  class='flex_column av-35mjnk9-cb338bc2334c270a1fcad6b4f318a085 av_one_half  avia-builder-el-13  el_after_av_one_half  el_before_av_one_half  first flex_column_div  column-top-margin'     ><p>\n<style type=\"text\/css\" data-created_by=\"avia_inline_auto\" id=\"style-css-av-2jaflxl-48a452fb4b43e729107d4dc8e09a6e66\">\n#top .av-special-heading.av-2jaflxl-48a452fb4b43e729107d4dc8e09a6e66{\npadding-bottom:10px;\n}\nbody .av-special-heading.av-2jaflxl-48a452fb4b43e729107d4dc8e09a6e66 .av-special-heading-tag .heading-char{\nfont-size:25px;\n}\n.av-special-heading.av-2jaflxl-48a452fb4b43e729107d4dc8e09a6e66 .av-subheading{\nfont-size:15px;\n}\n<\/style>\n<div  class='av-special-heading av-2jaflxl-48a452fb4b43e729107d4dc8e09a6e66 av-special-heading-h2 blockquote modern-quote  avia-builder-el-14  el_before_av_hr  avia-builder-el-first '><h2 class='av-special-heading-tag '  itemprop=\"headline\"  >Contenidos relacionados<\/h2><div class=\"special-heading-border\"><div class=\"special-heading-inner-border\"><\/div><\/div><\/div><br \/>\n\n<style type=\"text\/css\" data-created_by=\"avia_inline_auto\" id=\"style-css-av-7cjvwp-3e69aa645c4c09e9b35ff1623da6b7cc\">\n#top .hr.hr-invisible.av-7cjvwp-3e69aa645c4c09e9b35ff1623da6b7cc{\nheight:30px;\n}\n<\/style>\n<div  class='hr av-7cjvwp-3e69aa645c4c09e9b35ff1623da6b7cc hr-invisible  avia-builder-el-15  el_after_av_heading  el_before_av_magazine '><span class='hr-inner '><span class=\"hr-inner-style\"><\/span><\/span><\/div><br \/>\n<div  id=\"avia-magazine-1\"  class='av-magazine av-lq26c0ik-73a528328f4b6e7b6f6daf7b1a27172e  avia-builder-el-16  el_after_av_hr  avia-builder-el-last   avia-builder-el-16  el_after_av_hr  avia-builder-el-last ' ><div class='av-magazine-group sort_all'><article class='av-magazine-entry av-magazine-entry-id-86679 av-magazine-format-standard av-magazine-type-post av-magazine-entry-1 av-magazine-entry-small '  itemscope=\"itemscope\" itemtype=\"https:\/\/schema.org\/BlogPosting\" itemprop=\"blogPost\" ><div class=\"av-magazine-thumbnail\"><a href='https:\/\/www.wallix.com\/es\/blogpost\/la-parte-mas-peligrosa-del-ataque-ya-llevaba-meses-en-marcha\/' title='Enlace a: La parte m\u00e1s peligrosa del ataque ya llevaba meses en marcha' class='av-magazine-thumbnail-link'><img decoding=\"async\" fetchpriority=\"high\" width=\"80\" height=\"80\" src=\"https:\/\/www.wallix.com\/wp-content\/uploads\/2026\/03\/cyberattack-80x80.jpeg\" class=\"wp-image-86680 avia-img-lazy-loading-not-86680 attachment-thumbnail size-thumbnail wp-post-image\" alt=\"\" srcset=\"https:\/\/www.wallix.com\/wp-content\/uploads\/2026\/03\/cyberattack-80x80.jpeg 80w, https:\/\/www.wallix.com\/wp-content\/uploads\/2026\/03\/cyberattack-36x36.jpeg 36w, https:\/\/www.wallix.com\/wp-content\/uploads\/2026\/03\/cyberattack-180x180.jpeg 180w\" sizes=\"(max-width: 80px) 100vw, 80px\" \/><\/a><\/div><div class=\"av-magazine-content-wrap\"><header class=\"entry-content-header\" aria-label=\"Post: La parte m\u00e1s peligrosa del ataque ya llevaba meses en marcha\"><time class='av-magazine-time updated'  itemprop=\"datePublished\" datetime=\"2026-03-30T10:24:20+01:00\" >30 de marzo de 2026<\/time><h3 class='av-magazine-title entry-title '  itemprop=\"headline\" ><a href='https:\/\/www.wallix.com\/es\/blogpost\/la-parte-mas-peligrosa-del-ataque-ya-llevaba-meses-en-marcha\/' title='Enlace a: La parte m\u00e1s peligrosa del ataque ya llevaba meses en marcha'>La parte m\u00e1s peligrosa del ataque ya llevaba meses en marcha<\/a><\/h3><\/header><\/div><footer class=\"entry-footer\"><\/footer><\/article><article class='av-magazine-entry av-magazine-entry-id-78247 av-magazine-format-standard av-magazine-type-post av-magazine-entry-2 av-magazine-entry-small '  itemscope=\"itemscope\" itemtype=\"https:\/\/schema.org\/BlogPosting\" itemprop=\"blogPost\" ><div class=\"av-magazine-thumbnail\"><a href='https:\/\/www.wallix.com\/es\/blogpost\/por-que-el-control-de-accesos-privilegiados-debe-ser-una-prioridad-para-las-organizaciones-sanitarias\/' title='Enlace a: Por qu\u00e9 el control de accesos privilegiados debe ser una prioridad para las organizaciones sanitarias' class='av-magazine-thumbnail-link'><img decoding=\"async\" fetchpriority=\"high\" width=\"80\" height=\"80\" src=\"https:\/\/www.wallix.com\/wp-content\/uploads\/2020\/12\/sante-150x150.jpg\" class=\"wp-image-12399 avia-img-lazy-loading-not-12399 attachment-thumbnail size-thumbnail wp-post-image\" alt=\"\" \/><\/a><\/div><div class=\"av-magazine-content-wrap\"><header class=\"entry-content-header\" aria-label=\"Post: Por qu\u00e9 el control de accesos privilegiados debe ser una prioridad para las organizaciones sanitarias\"><time class='av-magazine-time updated'  itemprop=\"datePublished\" datetime=\"2025-09-17T10:45:18+01:00\" >17 de septiembre de 2025<\/time><h3 class='av-magazine-title entry-title '  itemprop=\"headline\" ><a href='https:\/\/www.wallix.com\/es\/blogpost\/por-que-el-control-de-accesos-privilegiados-debe-ser-una-prioridad-para-las-organizaciones-sanitarias\/' title='Enlace a: Por qu\u00e9 el control de accesos privilegiados debe ser una prioridad para las organizaciones sanitarias'>Por qu\u00e9 el control de accesos privilegiados debe ser una prioridad para las organizaciones sanitarias<\/a><\/h3><\/header><\/div><footer class=\"entry-footer\"><\/footer><\/article><article class='av-magazine-entry av-magazine-entry-id-79422 av-magazine-format-standard av-magazine-type-post av-magazine-entry-3 av-magazine-entry-small '  itemscope=\"itemscope\" itemtype=\"https:\/\/schema.org\/BlogPosting\" itemprop=\"blogPost\" ><div class=\"av-magazine-thumbnail\"><a href='https:\/\/www.wallix.com\/es\/blogpost\/pam-para-pymes-una-vision-tecnica-sobre-las-soluciones-modernas-en-la-nube\/' title='Enlace a: Gesti\u00f3n de Acceso Privilegiado para PYMES y PYMES: Una perspectiva t\u00e9cnica sobre una soluci\u00f3n moderna basada en la nube' class='av-magazine-thumbnail-link'><img decoding=\"async\" fetchpriority=\"high\" width=\"80\" height=\"80\" src=\"https:\/\/www.wallix.com\/wp-content\/uploads\/2025\/09\/PAM-for-SMBs-80x80.jpeg\" class=\"wp-image-77836 avia-img-lazy-loading-not-77836 attachment-thumbnail size-thumbnail wp-post-image\" alt=\"Pam para PYME\" srcset=\"https:\/\/www.wallix.com\/wp-content\/uploads\/2025\/09\/PAM-for-SMBs-80x80.jpeg 80w, https:\/\/www.wallix.com\/wp-content\/uploads\/2025\/09\/PAM-for-SMBs-36x36.jpeg 36w, https:\/\/www.wallix.com\/wp-content\/uploads\/2025\/09\/PAM-for-SMBs-180x180.jpeg 180w\" sizes=\"(max-width: 80px) 100vw, 80px\" \/><\/a><\/div><div class=\"av-magazine-content-wrap\"><header class=\"entry-content-header\" aria-label=\"Post: Gesti\u00f3n de Acceso Privilegiado para PYMES y PYMES: Una perspectiva t\u00e9cnica sobre una soluci\u00f3n moderna basada en la nube\"><time class='av-magazine-time updated'  itemprop=\"datePublished\" datetime=\"2025-09-09T15:05:35+01:00\" >9 de septiembre de 2025<\/time><h3 class='av-magazine-title entry-title '  itemprop=\"headline\" ><a href='https:\/\/www.wallix.com\/es\/blogpost\/pam-para-pymes-una-vision-tecnica-sobre-las-soluciones-modernas-en-la-nube\/' title='Enlace a: Gesti\u00f3n de Acceso Privilegiado para PYMES y PYMES: Una perspectiva t\u00e9cnica sobre una soluci\u00f3n moderna basada en la nube'>Gesti\u00f3n de Acceso Privilegiado para PYMES y PYMES: Una perspectiva t\u00e9cnica sobre una soluci\u00f3n moderna basada en la nube<\/a><\/h3><\/header><\/div><footer class=\"entry-footer\"><\/footer><\/article><article class='av-magazine-entry av-magazine-entry-id-77742 av-magazine-format-standard av-magazine-type-post av-magazine-entry-4 av-magazine-entry-small '  itemscope=\"itemscope\" itemtype=\"https:\/\/schema.org\/BlogPosting\" itemprop=\"blogPost\" ><div class=\"av-magazine-thumbnail\"><a href='https:\/\/www.wallix.com\/es\/blogpost\/que-es-la-gestion-de-cuentas-y-sesiones-privilegiadas-pasm\/' title='Enlace a: \u00bfQu\u00e9 es la gesti\u00f3n de cuentas y sesiones privilegiadas (PASM)?' class='av-magazine-thumbnail-link'><img decoding=\"async\" fetchpriority=\"high\" width=\"80\" height=\"80\" src=\"https:\/\/www.wallix.com\/wp-content\/uploads\/2025\/05\/AdobeStock_1100958047-80x80.jpeg\" class=\"wp-image-72959 avia-img-lazy-loading-not-72959 attachment-thumbnail size-thumbnail wp-post-image\" alt=\"pasm\" srcset=\"https:\/\/www.wallix.com\/wp-content\/uploads\/2025\/05\/AdobeStock_1100958047-80x80.jpeg 80w, https:\/\/www.wallix.com\/wp-content\/uploads\/2025\/05\/AdobeStock_1100958047-36x36.jpeg 36w, https:\/\/www.wallix.com\/wp-content\/uploads\/2025\/05\/AdobeStock_1100958047-180x180.jpeg 180w\" sizes=\"(max-width: 80px) 100vw, 80px\" \/><\/a><\/div><div class=\"av-magazine-content-wrap\"><header class=\"entry-content-header\" aria-label=\"Post: \u00bfQu\u00e9 es la gesti\u00f3n de cuentas y sesiones privilegiadas (PASM)?\"><time class='av-magazine-time updated'  itemprop=\"datePublished\" datetime=\"2025-09-05T10:17:43+01:00\" >5 de septiembre de 2025<\/time><h3 class='av-magazine-title entry-title '  itemprop=\"headline\" ><a href='https:\/\/www.wallix.com\/es\/blogpost\/que-es-la-gestion-de-cuentas-y-sesiones-privilegiadas-pasm\/' title='Enlace a: \u00bfQu\u00e9 es la gesti\u00f3n de cuentas y sesiones privilegiadas (PASM)?'>\u00bfQu\u00e9 es la gesti\u00f3n de cuentas y sesiones privilegiadas (PASM)?<\/a><\/h3><\/header><\/div><footer class=\"entry-footer\"><\/footer><\/article><article class='av-magazine-entry av-magazine-entry-id-77593 av-magazine-format-standard av-magazine-type-post av-magazine-entry-5 av-magazine-entry-small '  itemscope=\"itemscope\" itemtype=\"https:\/\/schema.org\/BlogPosting\" itemprop=\"blogPost\" ><div class=\"av-magazine-thumbnail\"><a href='https:\/\/www.wallix.com\/es\/blogpost\/seguridad-sanitaria-de-extremo-a-extremo-iam-pam-y-mfa\/' title='Enlace a: Seguridad sanitaria de extremo a extremo: IAM, PAM y MFA' class='av-magazine-thumbnail-link'><img decoding=\"async\" fetchpriority=\"high\" width=\"80\" height=\"80\" src=\"https:\/\/www.wallix.com\/wp-content\/uploads\/2025\/03\/healthcare-cybersecurity-pam-80x80.jpeg\" class=\"wp-image-69628 avia-img-lazy-loading-not-69628 attachment-thumbnail size-thumbnail wp-post-image\" alt=\"healthcare cybersecurity\" srcset=\"https:\/\/www.wallix.com\/wp-content\/uploads\/2025\/03\/healthcare-cybersecurity-pam-80x80.jpeg 80w, https:\/\/www.wallix.com\/wp-content\/uploads\/2025\/03\/healthcare-cybersecurity-pam-36x36.jpeg 36w, https:\/\/www.wallix.com\/wp-content\/uploads\/2025\/03\/healthcare-cybersecurity-pam-180x180.jpeg 180w\" sizes=\"(max-width: 80px) 100vw, 80px\" \/><\/a><\/div><div class=\"av-magazine-content-wrap\"><header class=\"entry-content-header\" aria-label=\"Post: Seguridad sanitaria de extremo a extremo: IAM, PAM y MFA\"><time class='av-magazine-time updated'  itemprop=\"datePublished\" datetime=\"2025-09-04T10:44:37+01:00\" >4 de septiembre de 2025<\/time><h3 class='av-magazine-title entry-title '  itemprop=\"headline\" ><a href='https:\/\/www.wallix.com\/es\/blogpost\/seguridad-sanitaria-de-extremo-a-extremo-iam-pam-y-mfa\/' title='Enlace a: Seguridad sanitaria de extremo a extremo: IAM, PAM y MFA'>Seguridad sanitaria de extremo a extremo: IAM, PAM y MFA<\/a><\/h3><\/header><\/div><footer class=\"entry-footer\"><\/footer><\/article><\/div><\/div><\/p><\/div><\/p>\n<div  class='flex_column av-5g7bnt-5fce35eb6d32ab862f1f68531c4b570e av_one_half  avia-builder-el-17  el_after_av_one_half  avia-builder-el-last  flex_column_div  column-top-margin'     ><p>\n<style type=\"text\/css\" data-created_by=\"avia_inline_auto\" id=\"style-css-av-1b0us5l-584d9c16b64301c94f707b9e3e5db4e4\">\n#top .av-special-heading.av-1b0us5l-584d9c16b64301c94f707b9e3e5db4e4{\npadding-bottom:10px;\n}\nbody .av-special-heading.av-1b0us5l-584d9c16b64301c94f707b9e3e5db4e4 .av-special-heading-tag .heading-char{\nfont-size:25px;\n}\n.av-special-heading.av-1b0us5l-584d9c16b64301c94f707b9e3e5db4e4 .av-subheading{\nfont-size:15px;\n}\n<\/style>\n<div  class='av-special-heading av-1b0us5l-584d9c16b64301c94f707b9e3e5db4e4 av-special-heading-h2 blockquote modern-quote  avia-builder-el-18  el_before_av_hr  avia-builder-el-first '><h2 class='av-special-heading-tag '  itemprop=\"headline\"  >Recursos relacionados<\/h2><div class=\"special-heading-border\"><div class=\"special-heading-inner-border\"><\/div><\/div><\/div><br \/>\n\n<style type=\"text\/css\" data-created_by=\"avia_inline_auto\" id=\"style-css-av-mpyap5-6ce3e5004268fcd3df9c94ca7618bb68\">\n#top .hr.hr-invisible.av-mpyap5-6ce3e5004268fcd3df9c94ca7618bb68{\nheight:30px;\n}\n<\/style>\n<div  class='hr av-mpyap5-6ce3e5004268fcd3df9c94ca7618bb68 hr-invisible  avia-builder-el-19  el_after_av_heading  el_before_av_magazine '><span class='hr-inner '><span class=\"hr-inner-style\"><\/span><\/span><\/div><br \/>\n<div  id=\"avia-magazine-2\"  class='av-magazine av-lq26c59n-c0976f21f0d10104fd8e3475f695966d  avia-builder-el-20  el_after_av_hr  avia-builder-el-last   avia-builder-el-20  el_after_av_hr  avia-builder-el-last ' ><div class='av-magazine-group sort_all'><article class='av-magazine-entry av-magazine-entry-id-85137 av-magazine-format-standard av-magazine-type-post av-magazine-entry-1 av-magazine-entry-small '  itemscope=\"itemscope\" itemtype=\"https:\/\/schema.org\/BlogPosting\" itemprop=\"blogPost\" ><div class=\"av-magazine-thumbnail\"><a href='https:\/\/www.wallix.com\/es\/recursos\/whitepaper-es\/protegiendo-los-accesos-externos-y-remotos\/' title='Enlace a: Protegiendo los accesos externos y remotos' class='av-magazine-thumbnail-link'><img decoding=\"async\" fetchpriority=\"high\" width=\"80\" height=\"80\" src=\"https:\/\/www.wallix.com\/wp-content\/uploads\/2023\/09\/REMOTE-ACCESS-COUV-80x80.png\" class=\"wp-image-34053 avia-img-lazy-loading-not-34053 attachment-thumbnail size-thumbnail wp-post-image\" alt=\"Imagen de portada Acceso Remoto\" srcset=\"https:\/\/www.wallix.com\/wp-content\/uploads\/2023\/09\/REMOTE-ACCESS-COUV-80x80.png 80w, https:\/\/www.wallix.com\/wp-content\/uploads\/2023\/09\/REMOTE-ACCESS-COUV-36x36.png 36w, https:\/\/www.wallix.com\/wp-content\/uploads\/2023\/09\/REMOTE-ACCESS-COUV-180x180.png 180w\" sizes=\"(max-width: 80px) 100vw, 80px\" \/><\/a><\/div><div class=\"av-magazine-content-wrap\"><header class=\"entry-content-header\" aria-label=\"Post: Protegiendo los accesos externos y remotos\"><time class='av-magazine-time updated'  itemprop=\"datePublished\" datetime=\"2026-03-09T11:36:52+01:00\" >9 de marzo de 2026<\/time><h3 class='av-magazine-title entry-title '  itemprop=\"headline\" ><a href='https:\/\/www.wallix.com\/es\/recursos\/whitepaper-es\/protegiendo-los-accesos-externos-y-remotos\/' title='Enlace a: Protegiendo los accesos externos y remotos'>Protegiendo los accesos externos y remotos<\/a><\/h3><\/header><\/div><footer class=\"entry-footer\"><\/footer><\/article><article class='av-magazine-entry av-magazine-entry-id-67436 av-magazine-format-standard av-magazine-type-post av-magazine-entry-2 av-magazine-entry-small '  itemscope=\"itemscope\" itemtype=\"https:\/\/schema.org\/BlogPosting\" itemprop=\"blogPost\" ><div class=\"av-magazine-thumbnail\"><a href='https:\/\/www.wallix.com\/es\/recursos\/whitepaper-es\/tres-estrategias-mejores-la-seguridad-los-accesos-remotos-entorno-industrial\/' title='Enlace a: Tres estrategias para que mejores la seguridad de los accesos remotos en tu entorno industrial' class='av-magazine-thumbnail-link'><img decoding=\"async\" fetchpriority=\"high\" width=\"80\" height=\"80\" src=\"https:\/\/www.wallix.com\/wp-content\/uploads\/2024\/04\/WALLIX-INSIDE-BACKGROUND-80x80.jpeg\" class=\"wp-image-54112 avia-img-lazy-loading-not-54112 attachment-thumbnail size-thumbnail wp-post-image\" alt=\"Gas storage sphere tanks in petrochemical industry or oil and gas refinery plant at evening, Manufacturing of petroleum industrial plant with gas column and smoke stacks on sunset sky background\" srcset=\"https:\/\/www.wallix.com\/wp-content\/uploads\/2024\/04\/WALLIX-INSIDE-BACKGROUND-80x80.jpeg 80w, https:\/\/www.wallix.com\/wp-content\/uploads\/2024\/04\/WALLIX-INSIDE-BACKGROUND-36x36.jpeg 36w, https:\/\/www.wallix.com\/wp-content\/uploads\/2024\/04\/WALLIX-INSIDE-BACKGROUND-180x180.jpeg 180w\" sizes=\"(max-width: 80px) 100vw, 80px\" \/><\/a><\/div><div class=\"av-magazine-content-wrap\"><header class=\"entry-content-header\" aria-label=\"Post: Tres estrategias para que mejores la seguridad de los accesos remotos en tu entorno industrial\"><time class='av-magazine-time updated'  itemprop=\"datePublished\" datetime=\"2024-12-30T11:55:34+01:00\" >30 de diciembre de 2024<\/time><h3 class='av-magazine-title entry-title '  itemprop=\"headline\" ><a href='https:\/\/www.wallix.com\/es\/recursos\/whitepaper-es\/tres-estrategias-mejores-la-seguridad-los-accesos-remotos-entorno-industrial\/' title='Enlace a: Tres estrategias para que mejores la seguridad de los accesos remotos en tu entorno industrial'>Tres estrategias para que mejores la seguridad de los accesos remotos en tu entorno industrial<\/a><\/h3><\/header><\/div><footer class=\"entry-footer\"><\/footer><\/article><article class='av-magazine-entry av-magazine-entry-id-46337 av-magazine-format-standard av-magazine-type-post av-magazine-entry-3 av-magazine-entry-small '  itemscope=\"itemscope\" itemtype=\"https:\/\/schema.org\/BlogPosting\" itemprop=\"blogPost\" ><div class=\"av-magazine-thumbnail\"><a href='https:\/\/www.wallix.com\/es\/recursos\/whitepaper-es\/guia-para-principiantes-sobre-seguridad-de-acceso\/' title='Enlace a: Gu\u00eda para principiantes sobre seguridad de acceso' class='av-magazine-thumbnail-link'><img decoding=\"async\" fetchpriority=\"high\" width=\"80\" height=\"80\" src=\"https:\/\/www.wallix.com\/wp-content\/uploads\/2023\/09\/BEGINNERS-GUIDE-COUV-80x80.png\" class=\"wp-image-34047 avia-img-lazy-loading-not-34047 attachment-thumbnail size-thumbnail wp-post-image\" alt=\"Cover image for the WALLIX beginner\u2019s guide to cybersecurity, illustrating essential concepts in identity and access management to help newcomers understand secure practices and protection strategies.\" srcset=\"https:\/\/www.wallix.com\/wp-content\/uploads\/2023\/09\/BEGINNERS-GUIDE-COUV-80x80.png 80w, https:\/\/www.wallix.com\/wp-content\/uploads\/2023\/09\/BEGINNERS-GUIDE-COUV-36x36.png 36w, https:\/\/www.wallix.com\/wp-content\/uploads\/2023\/09\/BEGINNERS-GUIDE-COUV-180x180.png 180w\" sizes=\"(max-width: 80px) 100vw, 80px\" \/><\/a><\/div><div class=\"av-magazine-content-wrap\"><header class=\"entry-content-header\" aria-label=\"Post: Gu\u00eda para principiantes sobre seguridad de acceso\"><time class='av-magazine-time updated'  itemprop=\"datePublished\" datetime=\"2024-02-06T15:20:55+01:00\" >6 de febrero de 2024<\/time><h3 class='av-magazine-title entry-title '  itemprop=\"headline\" ><a href='https:\/\/www.wallix.com\/es\/recursos\/whitepaper-es\/guia-para-principiantes-sobre-seguridad-de-acceso\/' title='Enlace a: Gu\u00eda para principiantes sobre seguridad de acceso'>Gu\u00eda para principiantes sobre seguridad de acceso<\/a><\/h3><\/header><\/div><footer class=\"entry-footer\"><\/footer><\/article><\/div><\/div><\/p><\/div>\n","protected":false},"excerpt":{"rendered":"","protected":false},"author":3,"featured_media":36746,"comment_status":"closed","ping_status":"closed","sticky":false,"template":"","format":"standard","meta":{"_acf_changed":false,"content-type":"","inline_featured_image":false,"footnotes":""},"categories":[1863,1871],"tags":[],"class_list":["post-46441","post","type-post","status-publish","format-standard","has-post-thumbnail","hentry","category-sanidad-es-2","category-success-stories-es"],"acf":[],"yoast_head":"<!-- This site is optimized with the Yoast SEO plugin v27.3 - https:\/\/yoast.com\/product\/yoast-seo-wordpress\/ -->\n<title>El Hospital de Calais elige WALLIX PAM para asegurar el acceso de sus proveedores externos - WALLIX<\/title>\n<meta name=\"robots\" content=\"index, follow, max-snippet:-1, max-image-preview:large, max-video-preview:-1\" \/>\n<link rel=\"canonical\" href=\"https:\/\/www.wallix.com\/es\/recursos\/success-stories-es\/sanidad-es-2\/el-hospital-de-calais-elige-wallix-para-asegurar-el-acceso-de-sus-proveedores-externos\/\" \/>\n<meta property=\"og:locale\" content=\"es_ES\" \/>\n<meta property=\"og:type\" content=\"article\" \/>\n<meta property=\"og:title\" content=\"El Hospital de Calais elige WALLIX PAM para asegurar el acceso de sus proveedores externos - WALLIX\" \/>\n<meta property=\"og:url\" content=\"https:\/\/www.wallix.com\/es\/recursos\/success-stories-es\/sanidad-es-2\/el-hospital-de-calais-elige-wallix-para-asegurar-el-acceso-de-sus-proveedores-externos\/\" \/>\n<meta property=\"og:site_name\" content=\"WALLIX\" \/>\n<meta property=\"article:published_time\" content=\"2024-02-06T15:22:54+00:00\" \/>\n<meta property=\"article:modified_time\" content=\"2026-03-27T13:56:33+00:00\" \/>\n<meta property=\"og:image\" content=\"https:\/\/www.wallix.com\/wp-content\/uploads\/2023\/12\/calais.jpg\" \/>\n\t<meta property=\"og:image:width\" content=\"1061\" \/>\n\t<meta property=\"og:image:height\" content=\"531\" \/>\n\t<meta property=\"og:image:type\" content=\"image\/jpeg\" \/>\n<meta name=\"author\" content=\"WALLIX\" \/>\n<meta name=\"twitter:card\" content=\"summary_large_image\" \/>\n<meta name=\"twitter:creator\" content=\"@wallixcom\" \/>\n<meta name=\"twitter:site\" content=\"@wallixcom\" \/>\n<meta name=\"twitter:label1\" content=\"Escrito por\" \/>\n\t<meta name=\"twitter:data1\" content=\"WALLIX\" \/>\n\t<meta name=\"twitter:label2\" content=\"Tiempo de lectura\" \/>\n\t<meta name=\"twitter:data2\" content=\"4 minutos\" \/>\n<script type=\"application\/ld+json\" class=\"yoast-schema-graph\">{\"@context\":\"https:\\\/\\\/schema.org\",\"@graph\":[{\"@type\":\"Article\",\"@id\":\"https:\\\/\\\/www.wallix.com\\\/es\\\/recursos\\\/success-stories-es\\\/sanidad-es-2\\\/el-hospital-de-calais-elige-wallix-para-asegurar-el-acceso-de-sus-proveedores-externos\\\/#article\",\"isPartOf\":{\"@id\":\"https:\\\/\\\/www.wallix.com\\\/es\\\/recursos\\\/success-stories-es\\\/sanidad-es-2\\\/el-hospital-de-calais-elige-wallix-para-asegurar-el-acceso-de-sus-proveedores-externos\\\/\"},\"author\":{\"name\":\"WALLIX\",\"@id\":\"https:\\\/\\\/www.wallix.com\\\/es\\\/#\\\/schema\\\/person\\\/8b1daa830716a62cdf5631aa0e211abd\"},\"headline\":\"El Hospital de Calais elige WALLIX PAM para asegurar el acceso de sus proveedores externos\",\"datePublished\":\"2024-02-06T15:22:54+00:00\",\"dateModified\":\"2026-03-27T13:56:33+00:00\",\"mainEntityOfPage\":{\"@id\":\"https:\\\/\\\/www.wallix.com\\\/es\\\/recursos\\\/success-stories-es\\\/sanidad-es-2\\\/el-hospital-de-calais-elige-wallix-para-asegurar-el-acceso-de-sus-proveedores-externos\\\/\"},\"wordCount\":3357,\"publisher\":{\"@id\":\"https:\\\/\\\/www.wallix.com\\\/es\\\/#organization\"},\"image\":{\"@id\":\"https:\\\/\\\/www.wallix.com\\\/es\\\/recursos\\\/success-stories-es\\\/sanidad-es-2\\\/el-hospital-de-calais-elige-wallix-para-asegurar-el-acceso-de-sus-proveedores-externos\\\/#primaryimage\"},\"thumbnailUrl\":\"https:\\\/\\\/www.wallix.com\\\/wp-content\\\/uploads\\\/2023\\\/12\\\/calais.jpg\",\"articleSection\":[\"SANIDAD\",\"SUCCESS STORIES\"],\"inLanguage\":\"es\"},{\"@type\":\"WebPage\",\"@id\":\"https:\\\/\\\/www.wallix.com\\\/es\\\/recursos\\\/success-stories-es\\\/sanidad-es-2\\\/el-hospital-de-calais-elige-wallix-para-asegurar-el-acceso-de-sus-proveedores-externos\\\/\",\"url\":\"https:\\\/\\\/www.wallix.com\\\/es\\\/recursos\\\/success-stories-es\\\/sanidad-es-2\\\/el-hospital-de-calais-elige-wallix-para-asegurar-el-acceso-de-sus-proveedores-externos\\\/\",\"name\":\"El Hospital de Calais elige WALLIX PAM para asegurar el acceso de sus proveedores externos - WALLIX\",\"isPartOf\":{\"@id\":\"https:\\\/\\\/www.wallix.com\\\/es\\\/#website\"},\"primaryImageOfPage\":{\"@id\":\"https:\\\/\\\/www.wallix.com\\\/es\\\/recursos\\\/success-stories-es\\\/sanidad-es-2\\\/el-hospital-de-calais-elige-wallix-para-asegurar-el-acceso-de-sus-proveedores-externos\\\/#primaryimage\"},\"image\":{\"@id\":\"https:\\\/\\\/www.wallix.com\\\/es\\\/recursos\\\/success-stories-es\\\/sanidad-es-2\\\/el-hospital-de-calais-elige-wallix-para-asegurar-el-acceso-de-sus-proveedores-externos\\\/#primaryimage\"},\"thumbnailUrl\":\"https:\\\/\\\/www.wallix.com\\\/wp-content\\\/uploads\\\/2023\\\/12\\\/calais.jpg\",\"datePublished\":\"2024-02-06T15:22:54+00:00\",\"dateModified\":\"2026-03-27T13:56:33+00:00\",\"inLanguage\":\"es\",\"potentialAction\":[{\"@type\":\"ReadAction\",\"target\":[\"https:\\\/\\\/www.wallix.com\\\/es\\\/recursos\\\/success-stories-es\\\/sanidad-es-2\\\/el-hospital-de-calais-elige-wallix-para-asegurar-el-acceso-de-sus-proveedores-externos\\\/\"]}]},{\"@type\":\"ImageObject\",\"inLanguage\":\"es\",\"@id\":\"https:\\\/\\\/www.wallix.com\\\/es\\\/recursos\\\/success-stories-es\\\/sanidad-es-2\\\/el-hospital-de-calais-elige-wallix-para-asegurar-el-acceso-de-sus-proveedores-externos\\\/#primaryimage\",\"url\":\"https:\\\/\\\/www.wallix.com\\\/wp-content\\\/uploads\\\/2023\\\/12\\\/calais.jpg\",\"contentUrl\":\"https:\\\/\\\/www.wallix.com\\\/wp-content\\\/uploads\\\/2023\\\/12\\\/calais.jpg\",\"width\":1061,\"height\":531,\"caption\":\"Photograph showing the modern Calais Hospital building exterior in Calais, France, with its architectural fa\u00e7ade and entrance area\"},{\"@type\":\"WebSite\",\"@id\":\"https:\\\/\\\/www.wallix.com\\\/es\\\/#website\",\"url\":\"https:\\\/\\\/www.wallix.com\\\/es\\\/\",\"name\":\"WALLIX\",\"description\":\"CYBERSECURITY SIMPLIFIED\",\"publisher\":{\"@id\":\"https:\\\/\\\/www.wallix.com\\\/es\\\/#organization\"},\"potentialAction\":[{\"@type\":\"SearchAction\",\"target\":{\"@type\":\"EntryPoint\",\"urlTemplate\":\"https:\\\/\\\/www.wallix.com\\\/es\\\/?s={search_term_string}\"},\"query-input\":{\"@type\":\"PropertyValueSpecification\",\"valueRequired\":true,\"valueName\":\"search_term_string\"}}],\"inLanguage\":\"es\"},{\"@type\":\"Organization\",\"@id\":\"https:\\\/\\\/www.wallix.com\\\/es\\\/#organization\",\"name\":\"WALLIX\",\"url\":\"https:\\\/\\\/www.wallix.com\\\/es\\\/\",\"logo\":{\"@type\":\"ImageObject\",\"inLanguage\":\"es\",\"@id\":\"https:\\\/\\\/www.wallix.com\\\/es\\\/#\\\/schema\\\/logo\\\/image\\\/\",\"url\":\"https:\\\/\\\/www.wallix.com\\\/wp-content\\\/uploads\\\/2024\\\/03\\\/LOGO_WALLIX_2024_blackorange.png\",\"contentUrl\":\"https:\\\/\\\/www.wallix.com\\\/wp-content\\\/uploads\\\/2024\\\/03\\\/LOGO_WALLIX_2024_blackorange.png\",\"width\":3108,\"height\":827,\"caption\":\"WALLIX\"},\"image\":{\"@id\":\"https:\\\/\\\/www.wallix.com\\\/es\\\/#\\\/schema\\\/logo\\\/image\\\/\"},\"sameAs\":[\"https:\\\/\\\/x.com\\\/wallixcom\",\"https:\\\/\\\/www.linkedin.com\\\/company\\\/wallix\\\/\",\"https:\\\/\\\/www.youtube.com\\\/wallix\"]},{\"@type\":\"Person\",\"@id\":\"https:\\\/\\\/www.wallix.com\\\/es\\\/#\\\/schema\\\/person\\\/8b1daa830716a62cdf5631aa0e211abd\",\"name\":\"WALLIX\",\"image\":{\"@type\":\"ImageObject\",\"inLanguage\":\"es\",\"@id\":\"https:\\\/\\\/secure.gravatar.com\\\/avatar\\\/8bf1123a19c4364709de2f7c8c881ed5f2bb750cac73f782f39aea052e526546?s=96&d=mm&r=g\",\"url\":\"https:\\\/\\\/secure.gravatar.com\\\/avatar\\\/8bf1123a19c4364709de2f7c8c881ed5f2bb750cac73f782f39aea052e526546?s=96&d=mm&r=g\",\"contentUrl\":\"https:\\\/\\\/secure.gravatar.com\\\/avatar\\\/8bf1123a19c4364709de2f7c8c881ed5f2bb750cac73f782f39aea052e526546?s=96&d=mm&r=g\",\"caption\":\"WALLIX\"},\"url\":\"https:\\\/\\\/www.wallix.com\\\/es\\\/author\\\/alex\\\/\"}]}<\/script>\n<!-- \/ Yoast SEO plugin. -->","yoast_head_json":{"title":"El Hospital de Calais elige WALLIX PAM para asegurar el acceso de sus proveedores externos - WALLIX","robots":{"index":"index","follow":"follow","max-snippet":"max-snippet:-1","max-image-preview":"max-image-preview:large","max-video-preview":"max-video-preview:-1"},"canonical":"https:\/\/www.wallix.com\/es\/recursos\/success-stories-es\/sanidad-es-2\/el-hospital-de-calais-elige-wallix-para-asegurar-el-acceso-de-sus-proveedores-externos\/","og_locale":"es_ES","og_type":"article","og_title":"El Hospital de Calais elige WALLIX PAM para asegurar el acceso de sus proveedores externos - WALLIX","og_url":"https:\/\/www.wallix.com\/es\/recursos\/success-stories-es\/sanidad-es-2\/el-hospital-de-calais-elige-wallix-para-asegurar-el-acceso-de-sus-proveedores-externos\/","og_site_name":"WALLIX","article_published_time":"2024-02-06T15:22:54+00:00","article_modified_time":"2026-03-27T13:56:33+00:00","og_image":[{"width":1061,"height":531,"url":"https:\/\/www.wallix.com\/wp-content\/uploads\/2023\/12\/calais.jpg","type":"image\/jpeg"}],"author":"WALLIX","twitter_card":"summary_large_image","twitter_creator":"@wallixcom","twitter_site":"@wallixcom","twitter_misc":{"Escrito por":"WALLIX","Tiempo de lectura":"4 minutos"},"schema":{"@context":"https:\/\/schema.org","@graph":[{"@type":"Article","@id":"https:\/\/www.wallix.com\/es\/recursos\/success-stories-es\/sanidad-es-2\/el-hospital-de-calais-elige-wallix-para-asegurar-el-acceso-de-sus-proveedores-externos\/#article","isPartOf":{"@id":"https:\/\/www.wallix.com\/es\/recursos\/success-stories-es\/sanidad-es-2\/el-hospital-de-calais-elige-wallix-para-asegurar-el-acceso-de-sus-proveedores-externos\/"},"author":{"name":"WALLIX","@id":"https:\/\/www.wallix.com\/es\/#\/schema\/person\/8b1daa830716a62cdf5631aa0e211abd"},"headline":"El Hospital de Calais elige WALLIX PAM para asegurar el acceso de sus proveedores externos","datePublished":"2024-02-06T15:22:54+00:00","dateModified":"2026-03-27T13:56:33+00:00","mainEntityOfPage":{"@id":"https:\/\/www.wallix.com\/es\/recursos\/success-stories-es\/sanidad-es-2\/el-hospital-de-calais-elige-wallix-para-asegurar-el-acceso-de-sus-proveedores-externos\/"},"wordCount":3357,"publisher":{"@id":"https:\/\/www.wallix.com\/es\/#organization"},"image":{"@id":"https:\/\/www.wallix.com\/es\/recursos\/success-stories-es\/sanidad-es-2\/el-hospital-de-calais-elige-wallix-para-asegurar-el-acceso-de-sus-proveedores-externos\/#primaryimage"},"thumbnailUrl":"https:\/\/www.wallix.com\/wp-content\/uploads\/2023\/12\/calais.jpg","articleSection":["SANIDAD","SUCCESS STORIES"],"inLanguage":"es"},{"@type":"WebPage","@id":"https:\/\/www.wallix.com\/es\/recursos\/success-stories-es\/sanidad-es-2\/el-hospital-de-calais-elige-wallix-para-asegurar-el-acceso-de-sus-proveedores-externos\/","url":"https:\/\/www.wallix.com\/es\/recursos\/success-stories-es\/sanidad-es-2\/el-hospital-de-calais-elige-wallix-para-asegurar-el-acceso-de-sus-proveedores-externos\/","name":"El Hospital de Calais elige WALLIX PAM para asegurar el acceso de sus proveedores externos - WALLIX","isPartOf":{"@id":"https:\/\/www.wallix.com\/es\/#website"},"primaryImageOfPage":{"@id":"https:\/\/www.wallix.com\/es\/recursos\/success-stories-es\/sanidad-es-2\/el-hospital-de-calais-elige-wallix-para-asegurar-el-acceso-de-sus-proveedores-externos\/#primaryimage"},"image":{"@id":"https:\/\/www.wallix.com\/es\/recursos\/success-stories-es\/sanidad-es-2\/el-hospital-de-calais-elige-wallix-para-asegurar-el-acceso-de-sus-proveedores-externos\/#primaryimage"},"thumbnailUrl":"https:\/\/www.wallix.com\/wp-content\/uploads\/2023\/12\/calais.jpg","datePublished":"2024-02-06T15:22:54+00:00","dateModified":"2026-03-27T13:56:33+00:00","inLanguage":"es","potentialAction":[{"@type":"ReadAction","target":["https:\/\/www.wallix.com\/es\/recursos\/success-stories-es\/sanidad-es-2\/el-hospital-de-calais-elige-wallix-para-asegurar-el-acceso-de-sus-proveedores-externos\/"]}]},{"@type":"ImageObject","inLanguage":"es","@id":"https:\/\/www.wallix.com\/es\/recursos\/success-stories-es\/sanidad-es-2\/el-hospital-de-calais-elige-wallix-para-asegurar-el-acceso-de-sus-proveedores-externos\/#primaryimage","url":"https:\/\/www.wallix.com\/wp-content\/uploads\/2023\/12\/calais.jpg","contentUrl":"https:\/\/www.wallix.com\/wp-content\/uploads\/2023\/12\/calais.jpg","width":1061,"height":531,"caption":"Photograph showing the modern Calais Hospital building exterior in Calais, France, with its architectural fa\u00e7ade and entrance area"},{"@type":"WebSite","@id":"https:\/\/www.wallix.com\/es\/#website","url":"https:\/\/www.wallix.com\/es\/","name":"WALLIX","description":"CYBERSECURITY SIMPLIFIED","publisher":{"@id":"https:\/\/www.wallix.com\/es\/#organization"},"potentialAction":[{"@type":"SearchAction","target":{"@type":"EntryPoint","urlTemplate":"https:\/\/www.wallix.com\/es\/?s={search_term_string}"},"query-input":{"@type":"PropertyValueSpecification","valueRequired":true,"valueName":"search_term_string"}}],"inLanguage":"es"},{"@type":"Organization","@id":"https:\/\/www.wallix.com\/es\/#organization","name":"WALLIX","url":"https:\/\/www.wallix.com\/es\/","logo":{"@type":"ImageObject","inLanguage":"es","@id":"https:\/\/www.wallix.com\/es\/#\/schema\/logo\/image\/","url":"https:\/\/www.wallix.com\/wp-content\/uploads\/2024\/03\/LOGO_WALLIX_2024_blackorange.png","contentUrl":"https:\/\/www.wallix.com\/wp-content\/uploads\/2024\/03\/LOGO_WALLIX_2024_blackorange.png","width":3108,"height":827,"caption":"WALLIX"},"image":{"@id":"https:\/\/www.wallix.com\/es\/#\/schema\/logo\/image\/"},"sameAs":["https:\/\/x.com\/wallixcom","https:\/\/www.linkedin.com\/company\/wallix\/","https:\/\/www.youtube.com\/wallix"]},{"@type":"Person","@id":"https:\/\/www.wallix.com\/es\/#\/schema\/person\/8b1daa830716a62cdf5631aa0e211abd","name":"WALLIX","image":{"@type":"ImageObject","inLanguage":"es","@id":"https:\/\/secure.gravatar.com\/avatar\/8bf1123a19c4364709de2f7c8c881ed5f2bb750cac73f782f39aea052e526546?s=96&d=mm&r=g","url":"https:\/\/secure.gravatar.com\/avatar\/8bf1123a19c4364709de2f7c8c881ed5f2bb750cac73f782f39aea052e526546?s=96&d=mm&r=g","contentUrl":"https:\/\/secure.gravatar.com\/avatar\/8bf1123a19c4364709de2f7c8c881ed5f2bb750cac73f782f39aea052e526546?s=96&d=mm&r=g","caption":"WALLIX"},"url":"https:\/\/www.wallix.com\/es\/author\/alex\/"}]}},"_links":{"self":[{"href":"https:\/\/www.wallix.com\/es\/wp-json\/wp\/v2\/posts\/46441","targetHints":{"allow":["GET"]}}],"collection":[{"href":"https:\/\/www.wallix.com\/es\/wp-json\/wp\/v2\/posts"}],"about":[{"href":"https:\/\/www.wallix.com\/es\/wp-json\/wp\/v2\/types\/post"}],"author":[{"embeddable":true,"href":"https:\/\/www.wallix.com\/es\/wp-json\/wp\/v2\/users\/3"}],"replies":[{"embeddable":true,"href":"https:\/\/www.wallix.com\/es\/wp-json\/wp\/v2\/comments?post=46441"}],"version-history":[{"count":9,"href":"https:\/\/www.wallix.com\/es\/wp-json\/wp\/v2\/posts\/46441\/revisions"}],"predecessor-version":[{"id":86607,"href":"https:\/\/www.wallix.com\/es\/wp-json\/wp\/v2\/posts\/46441\/revisions\/86607"}],"wp:featuredmedia":[{"embeddable":true,"href":"https:\/\/www.wallix.com\/es\/wp-json\/wp\/v2\/media\/36746"}],"wp:attachment":[{"href":"https:\/\/www.wallix.com\/es\/wp-json\/wp\/v2\/media?parent=46441"}],"wp:term":[{"taxonomy":"category","embeddable":true,"href":"https:\/\/www.wallix.com\/es\/wp-json\/wp\/v2\/categories?post=46441"},{"taxonomy":"post_tag","embeddable":true,"href":"https:\/\/www.wallix.com\/es\/wp-json\/wp\/v2\/tags?post=46441"}],"curies":[{"name":"wp","href":"https:\/\/api.w.org\/{rel}","templated":true}]}}