{"id":46323,"date":"2024-02-06T15:18:16","date_gmt":"2024-02-06T14:18:16","guid":{"rendered":"https:\/\/www.wallix.com\/garantizar-la-identidad-y-el-acceso-a-la-educacion\/"},"modified":"2024-02-07T14:30:00","modified_gmt":"2024-02-07T13:30:00","slug":"garantizar-la-identidad-y-el-acceso-a-la-educacion","status":"publish","type":"post","link":"https:\/\/www.wallix.com\/es\/recursos\/whitepaper-es\/garantizar-la-identidad-y-el-acceso-a-la-educacion\/","title":{"rendered":"Garantizar la identidad y el acceso a la educaci\u00f3n"},"content":{"rendered":"<div id='av_section_1'  class='avia-section av-752edxh-9f077adada2af688d2c8c264e8914670 main_color avia-section-default avia-no-border-styling  avia-builder-el-0  el_before_av_one_half  avia-builder-el-first  avia-bg-style-fixed av-minimum-height av-minimum-height-25 av-height-25  container_wrap fullsize'   data-av_minimum_height_pc='25' data-av_min_height_opt='25'><div class='container av-section-cont-open' ><main  role=\"main\" itemprop=\"mainContentOfPage\"  class='template-page content  av-content-full alpha units'><div class='post-entry post-entry-type-page post-entry-46323'><div class='entry-content-wrapper clearfix'>\n\n<style type=\"text\/css\" data-created_by=\"avia_inline_auto\" id=\"style-css-av-lq6npkz5-e67ac338050b6ced6d35f2e9fae41670\">\n#top .av-special-heading.av-lq6npkz5-e67ac338050b6ced6d35f2e9fae41670{\npadding-bottom:10px;\ncolor:#ffffff;\n}\nbody .av-special-heading.av-lq6npkz5-e67ac338050b6ced6d35f2e9fae41670 .av-special-heading-tag .heading-char{\nfont-size:25px;\n}\n.av-special-heading.av-lq6npkz5-e67ac338050b6ced6d35f2e9fae41670 .special-heading-inner-border{\nborder-color:#ffffff;\n}\n.av-special-heading.av-lq6npkz5-e67ac338050b6ced6d35f2e9fae41670 .av-subheading{\nfont-size:15px;\n}\n<\/style>\n<div  class='av-special-heading av-lq6npkz5-e67ac338050b6ced6d35f2e9fae41670 av-special-heading-h2 custom-color-heading  avia-builder-el-1  avia-builder-el-no-sibling '><h2 class='av-special-heading-tag '  itemprop=\"headline\"  >Garantizar la identidad y el acceso a la educaci\u00f3n<\/h2><div class=\"special-heading-border\"><div class=\"special-heading-inner-border\"><\/div><\/div><\/div>\n<\/div><\/div><\/main><!-- close content main element --><\/div><\/div><div id='after_section_1'  class='main_color av_default_container_wrap container_wrap fullsize'  ><div class='container av-section-cont-open' ><div class='template-page content  av-content-full alpha units'><div class='post-entry post-entry-type-page post-entry-46323'><div class='entry-content-wrapper clearfix'>\n<div  class='flex_column av-onfe91-9b9574ee2564722cc7c5899c02d34391 av_one_half  avia-builder-el-2  el_after_av_section  el_before_av_one_half  avia-builder-el-first  first flex_column_div  '     ><section  class='av_textblock_section av-lq6nqmfk-5baf9c8f597ad3b1ebc36a2564d41e88 '   itemscope=\"itemscope\" itemtype=\"https:\/\/schema.org\/BlogPosting\" itemprop=\"blogPost\" ><div class='avia_textblock'  itemprop=\"text\" ><h3>Proteger la identidad y el acceso en el sector educativo<\/h3>\n<p>Ransomware, malware, campa\u00f1as de phishing&#8230; Los ciberataques contra el sector educativo son cada vez m\u00e1s numerosos.<\/p>\n<p>Hoy m\u00e1s que nunca, los datos de estudiantes, profesores, pero tambi\u00e9n de laboratorios de investigaci\u00f3n y autoridades educativas locales son muy codiciados. El n\u00famero de ciberdelincuentes que atacan servidores va en aumento, y la comunidad educativa a\u00fan no est\u00e1 preparada para hacer frente a estas amenazas.<\/p>\n<p>Las soluciones de seguridad de identidad y acceso que pueden rastrear, supervisar, gestionar y controlar el acceso de los usuarios a los sistemas inform\u00e1ticos educativos -ya sea en el campus o a distancia- se est\u00e1n convirtiendo en obligatorias ante la aceleraci\u00f3n de la transformaci\u00f3n digital de las escuelas y universidades y el aumento de las normativas de ciberseguridad.<\/p>\n<p><span style=\"color: #f4913a;\"><strong>Acceda al libro blanco y descubra c\u00f3mo el sector educativo puede aprovechar la gesti\u00f3n de identidades y accesos para proteger los recursos inform\u00e1ticos confidenciales.<\/strong><\/span><\/p>\n<\/div><\/section><br \/>\n<div  class='av-social-sharing-box av-614v9t1-b62ff0171d81576142edc25d6dc529e1 av-social-sharing-box-default  avia-builder-el-4  el_after_av_textblock  avia-builder-el-last  av-social-sharing-box-fullwidth'><div class=\"av-share-box\"><h5 class='av-share-link-description av-no-toc '>Comparta este informe<\/h5><ul class=\"av-share-box-list noLightbox\"><li class='av-share-link av-social-link-twitter avia_social_iconfont' ><a target=\"_blank\" aria-label=\"Compartir en X\" href='https:\/\/twitter.com\/share?text=Garantizar%20la%20identidad%20y%20el%20acceso%20a%20la%20educaci%C3%B3n&#038;url=https:\/\/www.wallix.com\/es\/?p=46323' data-av_icon='\ue932' data-av_iconfont='entypo-fontello'  title='' data-avia-related-tooltip='Compartir en X'><span class='avia_hidden_link_text'>Compartir en X<\/span><\/a><\/li><li class='av-share-link av-social-link-linkedin avia_social_iconfont' ><a target=\"_blank\" aria-label=\"Compartir en LinkedIn\" href='https:\/\/linkedin.com\/shareArticle?mini=true&#038;title=Garantizar%20la%20identidad%20y%20el%20acceso%20a%20la%20educaci%C3%B3n&#038;url=https:\/\/www.wallix.com\/es\/recursos\/whitepaper-es\/garantizar-la-identidad-y-el-acceso-a-la-educacion\/' data-av_icon='\ue8fc' data-av_iconfont='entypo-fontello'  title='' data-avia-related-tooltip='Compartir en LinkedIn'><span class='avia_hidden_link_text'>Compartir en LinkedIn<\/span><\/a><\/li><li class='av-share-link av-social-link-mail avia_social_iconfont' ><a  aria-label=\"Compartir por correo\" href='mailto:?subject=Garantizar%20la%20identidad%20y%20el%20acceso%20a%20la%20educaci%C3%B3n&#038;body=https:\/\/www.wallix.com\/es\/recursos\/whitepaper-es\/garantizar-la-identidad-y-el-acceso-a-la-educacion\/' data-av_icon='\ue805' data-av_iconfont='entypo-fontello'  title='' data-avia-related-tooltip='Compartir por correo'><span class='avia_hidden_link_text'>Compartir por correo<\/span><\/a><\/li><\/ul><\/div><\/div><\/p><\/div>\n<div  class='flex_column av-kzjvr9-61f9aa2777184e074263af763e03d20f av_one_half  avia-builder-el-5  el_after_av_one_half  el_before_av_one_half  flex_column_div  '     ><section  class='av_textblock_section av-5d6eqw5-73c11865991d941d19aa2cf3182f0de1 '   itemscope=\"itemscope\" itemtype=\"https:\/\/schema.org\/BlogPosting\" itemprop=\"blogPost\" ><div class='avia_textblock'  itemprop=\"text\" ><h3><strong>Descargar este libro blanco<br \/>\n<\/strong><\/h3>\n<\/div><\/section><br \/>\n\n<style type=\"text\/css\" data-created_by=\"avia_inline_auto\" id=\"style-css-av-4vaklb9-2eb93dac4ed7f6e41f46fd5dd043c29f\">\n#top .hr.hr-invisible.av-4vaklb9-2eb93dac4ed7f6e41f46fd5dd043c29f{\nheight:30px;\n}\n<\/style>\n<div  class='hr av-4vaklb9-2eb93dac4ed7f6e41f46fd5dd043c29f hr-invisible  avia-builder-el-7  el_after_av_textblock  el_before_av_codeblock '><span class='hr-inner '><span class=\"hr-inner-style\"><\/span><\/span><\/div><br \/>\n<br \/>\n\n<style type=\"text\/css\" data-created_by=\"avia_inline_auto\" id=\"style-css-av-4i654sl-84d0c799aee902ba637f447cee24f088\">\n#top .hr.hr-invisible.av-4i654sl-84d0c799aee902ba637f447cee24f088{\nheight:30px;\n}\n<\/style>\n<div  class='hr av-4i654sl-84d0c799aee902ba637f447cee24f088 hr-invisible  avia-builder-el-9  el_after_av_codeblock  avia-builder-el-last '><span class='hr-inner '><span class=\"hr-inner-style\"><\/span><\/span><\/div><\/p><\/div><div  class='flex_column av-3qkcdtx-3bbbd65c5fd53673093658f89b8b03a2 av_one_half  avia-builder-el-10  el_after_av_one_half  el_before_av_one_half  first flex_column_div  column-top-margin'     ><p>\n<style type=\"text\/css\" data-created_by=\"avia_inline_auto\" id=\"style-css-av-3n7jj6t-b781c02f54e994e744da1b948b7f3d5c\">\n#top .av-special-heading.av-3n7jj6t-b781c02f54e994e744da1b948b7f3d5c{\npadding-bottom:10px;\n}\nbody .av-special-heading.av-3n7jj6t-b781c02f54e994e744da1b948b7f3d5c .av-special-heading-tag .heading-char{\nfont-size:25px;\n}\n.av-special-heading.av-3n7jj6t-b781c02f54e994e744da1b948b7f3d5c .av-subheading{\nfont-size:15px;\n}\n<\/style>\n<div  class='av-special-heading av-3n7jj6t-b781c02f54e994e744da1b948b7f3d5c av-special-heading-h2 blockquote modern-quote  avia-builder-el-11  el_before_av_hr  avia-builder-el-first '><h2 class='av-special-heading-tag '  itemprop=\"headline\"  >Contenidos relacionados<\/h2><div class=\"special-heading-border\"><div class=\"special-heading-inner-border\"><\/div><\/div><\/div><br \/>\n\n<style type=\"text\/css\" data-created_by=\"avia_inline_auto\" id=\"style-css-av-2xn3dyd-95855c2f69c9f7c85c407e03a4e9eebb\">\n#top .hr.hr-invisible.av-2xn3dyd-95855c2f69c9f7c85c407e03a4e9eebb{\nheight:30px;\n}\n<\/style>\n<div  class='hr av-2xn3dyd-95855c2f69c9f7c85c407e03a4e9eebb hr-invisible  avia-builder-el-12  el_after_av_heading  el_before_av_magazine '><span class='hr-inner '><span class=\"hr-inner-style\"><\/span><\/span><\/div><br \/>\n<div  id=\"avia-magazine-1\"  class='av-magazine av-2lt80xx-17a698a40b29752a3708ce44085131c6 av-magazine-hero-top  avia-builder-el-13  el_after_av_hr  avia-builder-el-last   avia-builder-el-13  el_after_av_hr  avia-builder-el-last ' ><div class='av-magazine-group sort_all'><div class='av-magazine-hero first '><article class='av-magazine-entry av-magazine-entry-id-68324 av-magazine-format-standard av-magazine-type-post av-magazine-entry-1 av-magazine-entry-big '  itemscope=\"itemscope\" itemtype=\"https:\/\/schema.org\/BlogPosting\" itemprop=\"blogPost\" ><div class=\"av-magazine-thumbnail\"><a href='https:\/\/www.wallix.com\/es\/blogpost\/como-pam-facilita-la-implementacion-de-iec-62443\/' title='Enlace a: C\u00f3mo PAM facilita la implementaci\u00f3n de IEC 62443' class='av-magazine-thumbnail-link'><img decoding=\"async\" fetchpriority=\"high\" width=\"562\" height=\"375\" src=\"https:\/\/www.wallix.com\/wp-content\/uploads\/2020\/07\/IEC-62443-header-scaled-e1728036610638.jpeg\" class=\"wp-image-2816 avia-img-lazy-loading-not-2816 attachment-magazine size-magazine wp-post-image\" alt=\"IEC ISA 62243 Compliance with PAM\" \/><\/a><\/div><div class=\"av-magazine-content-wrap\"><header class=\"entry-content-header\" aria-label=\"Post: C\u00f3mo PAM facilita la implementaci\u00f3n de IEC 62443\"><time class='av-magazine-time updated'  itemprop=\"datePublished\" datetime=\"2025-02-13T11:53:03+01:00\" >13 de febrero de 2025<\/time><h3 class='av-magazine-title entry-title '  itemprop=\"headline\" ><a href='https:\/\/www.wallix.com\/es\/blogpost\/como-pam-facilita-la-implementacion-de-iec-62443\/' title='Enlace a: C\u00f3mo PAM facilita la implementaci\u00f3n de IEC 62443'>C\u00f3mo PAM facilita la implementaci\u00f3n de IEC 62443<\/a><\/h3><\/header><\/div><footer class=\"entry-footer\"><\/footer><\/article><\/div><div class='av-magazine-sideshow '><article class='av-magazine-entry av-magazine-entry-id-68317 av-magazine-format-standard av-magazine-type-post av-magazine-entry-2 av-magazine-entry-small '  itemscope=\"itemscope\" itemtype=\"https:\/\/schema.org\/BlogPosting\" itemprop=\"blogPost\" ><div class=\"av-magazine-thumbnail\"><a href='https:\/\/www.wallix.com\/es\/blogpost\/the-vital-link-iec-62443-standards-in-protecting-industrial-cyber-ecosystems\/' title='Enlace a: The Vital Link: IEC-62443 Standards in Protecting Industrial Cyber Ecosystems' class='av-magazine-thumbnail-link'><img decoding=\"async\" fetchpriority=\"high\" width=\"80\" height=\"80\" src=\"https:\/\/www.wallix.com\/wp-content\/uploads\/2020\/07\/IEC-62443-header-150x150.jpeg\" class=\"wp-image-2816 avia-img-lazy-loading-not-2816 attachment-thumbnail size-thumbnail wp-post-image\" alt=\"IEC ISA 62243 Compliance with PAM\" \/><\/a><\/div><div class=\"av-magazine-content-wrap\"><header class=\"entry-content-header\" aria-label=\"Post: The Vital Link: IEC-62443 Standards in Protecting Industrial Cyber Ecosystems\"><time class='av-magazine-time updated'  itemprop=\"datePublished\" datetime=\"2025-02-12T13:45:47+01:00\" >12 de febrero de 2025<\/time><h3 class='av-magazine-title entry-title '  itemprop=\"headline\" ><a href='https:\/\/www.wallix.com\/es\/blogpost\/the-vital-link-iec-62443-standards-in-protecting-industrial-cyber-ecosystems\/' title='Enlace a: The Vital Link: IEC-62443 Standards in Protecting Industrial Cyber Ecosystems'>The Vital Link: IEC-62443 Standards in Protecting Industrial Cyber Ecosystems<\/a><\/h3><\/header><\/div><footer class=\"entry-footer\"><\/footer><\/article><article class='av-magazine-entry av-magazine-entry-id-66412 av-magazine-format-standard av-magazine-type-post av-magazine-entry-3 av-magazine-entry-small '  itemscope=\"itemscope\" itemtype=\"https:\/\/schema.org\/BlogPosting\" itemprop=\"blogPost\" ><div class=\"av-magazine-thumbnail\"><a href='https:\/\/www.wallix.com\/es\/blogpost\/guia-del-ciso-para-cumplir-los-requisitos-de-seguridad-con-una-solucion-pam\/' title='Enlace a: Gu\u00eda del CISO para cumplir los requisitos de seguridad (con una soluci\u00f3n PAM)' class='av-magazine-thumbnail-link'><img decoding=\"async\" fetchpriority=\"high\" width=\"80\" height=\"80\" src=\"https:\/\/www.wallix.com\/wp-content\/uploads\/2020\/05\/ciso-guide-compliance-regulations-pam-150x150.png\" class=\"wp-image-3331 avia-img-lazy-loading-not-3331 attachment-thumbnail size-thumbnail wp-post-image\" alt=\"CISO Guide Regulation Compliance\" \/><\/a><\/div><div class=\"av-magazine-content-wrap\"><header class=\"entry-content-header\" aria-label=\"Post: Gu\u00eda del CISO para cumplir los requisitos de seguridad (con una soluci\u00f3n PAM)\"><time class='av-magazine-time updated'  itemprop=\"datePublished\" datetime=\"2024-12-02T15:57:20+01:00\" >2 de diciembre de 2024<\/time><h3 class='av-magazine-title entry-title '  itemprop=\"headline\" ><a href='https:\/\/www.wallix.com\/es\/blogpost\/guia-del-ciso-para-cumplir-los-requisitos-de-seguridad-con-una-solucion-pam\/' title='Enlace a: Gu\u00eda del CISO para cumplir los requisitos de seguridad (con una soluci\u00f3n PAM)'>Gu\u00eda del CISO para cumplir los requisitos de seguridad (con una soluci\u00f3n PAM)<\/a><\/h3><\/header><\/div><footer class=\"entry-footer\"><\/footer><\/article><article class='av-magazine-entry av-magazine-entry-id-53217 av-magazine-format-standard av-magazine-type-post av-magazine-entry-4 av-magazine-entry-small '  itemscope=\"itemscope\" itemtype=\"https:\/\/schema.org\/BlogPosting\" itemprop=\"blogPost\" ><div class=\"av-magazine-thumbnail\"><a href='https:\/\/www.wallix.com\/es\/blogpost\/nis2-obligaciones-multas-y-costes\/' title='Enlace a: NIS2: Obligaciones, Multas y Costes para las Empresas de la Uni\u00f3n Europea' class='av-magazine-thumbnail-link'><img decoding=\"async\" fetchpriority=\"high\" width=\"80\" height=\"80\" src=\"https:\/\/www.wallix.com\/wp-content\/uploads\/2023\/08\/NIS2-COUV-80x80.png\" class=\"wp-image-34065 avia-img-lazy-loading-not-34065 attachment-thumbnail size-thumbnail wp-post-image\" alt=\"Cover image illustrating the NIS2 cybersecurity directive on a WALLIX page, highlighting strengthened EU digital security requirements and WALLIX\u2019s guidance on achieving compliance through robust identity and access management solutions.\" srcset=\"https:\/\/www.wallix.com\/wp-content\/uploads\/2023\/08\/NIS2-COUV-80x80.png 80w, https:\/\/www.wallix.com\/wp-content\/uploads\/2023\/08\/NIS2-COUV-36x36.png 36w, https:\/\/www.wallix.com\/wp-content\/uploads\/2023\/08\/NIS2-COUV-180x180.png 180w\" sizes=\"(max-width: 80px) 100vw, 80px\" \/><\/a><\/div><div class=\"av-magazine-content-wrap\"><header class=\"entry-content-header\" aria-label=\"Post: NIS2: Obligaciones, Multas y Costes para las Empresas de la Uni\u00f3n Europea\"><time class='av-magazine-time updated'  itemprop=\"datePublished\" datetime=\"2024-03-25T17:19:57+01:00\" >25 de marzo de 2024<\/time><h3 class='av-magazine-title entry-title '  itemprop=\"headline\" ><a href='https:\/\/www.wallix.com\/es\/blogpost\/nis2-obligaciones-multas-y-costes\/' title='Enlace a: NIS2: Obligaciones, Multas y Costes para las Empresas de la Uni\u00f3n Europea'>NIS2: Obligaciones, Multas y Costes para las Empresas de la Uni\u00f3n Europea<\/a><\/h3><\/header><\/div><footer class=\"entry-footer\"><\/footer><\/article><article class='av-magazine-entry av-magazine-entry-id-52406 av-magazine-format-standard av-magazine-type-post av-magazine-entry-5 av-magazine-entry-small '  itemscope=\"itemscope\" itemtype=\"https:\/\/schema.org\/BlogPosting\" itemprop=\"blogPost\" ><div class=\"av-magazine-thumbnail\"><a href='https:\/\/www.wallix.com\/es\/blogpost\/nis2-y-su-impacto-para-las-empresas-europeas\/' title='Enlace a: Desentra\u00f1ando la Directiva NIS2 y su Impacto para las Empresas Europeas' class='av-magazine-thumbnail-link'><img decoding=\"async\" fetchpriority=\"high\" width=\"80\" height=\"80\" src=\"https:\/\/www.wallix.com\/wp-content\/uploads\/2023\/08\/NIS2-COUV-80x80.png\" class=\"wp-image-34065 avia-img-lazy-loading-not-34065 attachment-thumbnail size-thumbnail wp-post-image\" alt=\"Cover image illustrating the NIS2 cybersecurity directive on a WALLIX page, highlighting strengthened EU digital security requirements and WALLIX\u2019s guidance on achieving compliance through robust identity and access management solutions.\" srcset=\"https:\/\/www.wallix.com\/wp-content\/uploads\/2023\/08\/NIS2-COUV-80x80.png 80w, https:\/\/www.wallix.com\/wp-content\/uploads\/2023\/08\/NIS2-COUV-36x36.png 36w, https:\/\/www.wallix.com\/wp-content\/uploads\/2023\/08\/NIS2-COUV-180x180.png 180w\" sizes=\"(max-width: 80px) 100vw, 80px\" \/><\/a><\/div><div class=\"av-magazine-content-wrap\"><header class=\"entry-content-header\" aria-label=\"Post: Desentra\u00f1ando la Directiva NIS2 y su Impacto para las Empresas Europeas\"><time class='av-magazine-time updated'  itemprop=\"datePublished\" datetime=\"2024-03-08T15:04:01+01:00\" >8 de marzo de 2024<\/time><h3 class='av-magazine-title entry-title '  itemprop=\"headline\" ><a href='https:\/\/www.wallix.com\/es\/blogpost\/nis2-y-su-impacto-para-las-empresas-europeas\/' title='Enlace a: Desentra\u00f1ando la Directiva NIS2 y su Impacto para las Empresas Europeas'>Desentra\u00f1ando la Directiva NIS2 y su Impacto para las Empresas Europeas<\/a><\/h3><\/header><\/div><footer class=\"entry-footer\"><\/footer><\/article><\/div><\/div><\/div><\/p><\/div><\/p>\n<div  class='flex_column av-231plz9-a5013a0caedd7f058a2fbabe34b4d371 av_one_half  avia-builder-el-14  el_after_av_one_half  avia-builder-el-last  flex_column_div  column-top-margin'     ><p>\n<style type=\"text\/css\" data-created_by=\"avia_inline_auto\" id=\"style-css-av-1md5o2t-15cb56e01a0e701ea8eddcbec78faba5\">\n#top .av-special-heading.av-1md5o2t-15cb56e01a0e701ea8eddcbec78faba5{\npadding-bottom:10px;\n}\nbody .av-special-heading.av-1md5o2t-15cb56e01a0e701ea8eddcbec78faba5 .av-special-heading-tag .heading-char{\nfont-size:25px;\n}\n.av-special-heading.av-1md5o2t-15cb56e01a0e701ea8eddcbec78faba5 .av-subheading{\nfont-size:15px;\n}\n<\/style>\n<div  class='av-special-heading av-1md5o2t-15cb56e01a0e701ea8eddcbec78faba5 av-special-heading-h2 blockquote modern-quote  avia-builder-el-15  el_before_av_hr  avia-builder-el-first '><h2 class='av-special-heading-tag '  itemprop=\"headline\"  >Recursos relacionados<\/h2><div class=\"special-heading-border\"><div class=\"special-heading-inner-border\"><\/div><\/div><\/div><br \/>\n\n<style type=\"text\/css\" data-created_by=\"avia_inline_auto\" id=\"style-css-av-12ohepx-ff0f9686882a6797e44f7bb821150be8\">\n#top .hr.hr-invisible.av-12ohepx-ff0f9686882a6797e44f7bb821150be8{\nheight:30px;\n}\n<\/style>\n<div  class='hr av-12ohepx-ff0f9686882a6797e44f7bb821150be8 hr-invisible  avia-builder-el-16  el_after_av_heading  el_before_av_magazine '><span class='hr-inner '><span class=\"hr-inner-style\"><\/span><\/span><\/div><br \/>\n<div  id=\"avia-magazine-2\"  class='av-magazine av-q7kklh-90ad7b2f6bd8919814794c59d5aa3d3e av-magazine-hero-top  avia-builder-el-17  el_after_av_hr  avia-builder-el-last   avia-builder-el-17  el_after_av_hr  avia-builder-el-last ' ><div class='av-magazine-group sort_all'><div class='av-magazine-hero first '><article class='av-magazine-entry av-magazine-entry-id-87162 av-magazine-format-standard av-magazine-type-post av-magazine-entry-1 av-magazine-entry-big '  itemscope=\"itemscope\" itemtype=\"https:\/\/schema.org\/BlogPosting\" itemprop=\"blogPost\" ><div class=\"av-magazine-thumbnail\"><a href='https:\/\/www.wallix.com\/es\/recursos\/whitepaper-es\/resiliencia-en-seguridad-ot-antes-durante-y-despues-del-incidente\/' title='Enlace a: Resiliencia en seguridad OT: Antes, durante y despu\u00e9s del incidente' class='av-magazine-thumbnail-link'><img decoding=\"async\" fetchpriority=\"high\" width=\"710\" height=\"375\" src=\"https:\/\/www.wallix.com\/wp-content\/uploads\/2026\/04\/ot-security-resiliencervb-710x375.jpg\" class=\"wp-image-87163 avia-img-lazy-loading-not-87163 attachment-magazine size-magazine wp-post-image\" alt=\"\" \/><\/a><\/div><div class=\"av-magazine-content-wrap\"><header class=\"entry-content-header\" aria-label=\"Post: Resiliencia en seguridad OT: Antes, durante y despu\u00e9s del incidente\"><time class='av-magazine-time updated'  itemprop=\"datePublished\" datetime=\"2026-04-15T13:30:12+01:00\" >15 de abril de 2026<\/time><h3 class='av-magazine-title entry-title '  itemprop=\"headline\" ><a href='https:\/\/www.wallix.com\/es\/recursos\/whitepaper-es\/resiliencia-en-seguridad-ot-antes-durante-y-despues-del-incidente\/' title='Enlace a: Resiliencia en seguridad OT: Antes, durante y despu\u00e9s del incidente'>Resiliencia en seguridad OT: Antes, durante y despu\u00e9s del incidente<\/a><\/h3><\/header><\/div><footer class=\"entry-footer\"><\/footer><\/article><\/div><div class='av-magazine-sideshow '><article class='av-magazine-entry av-magazine-entry-id-63651 av-magazine-format-standard av-magazine-type-post av-magazine-entry-2 av-magazine-entry-small '  itemscope=\"itemscope\" itemtype=\"https:\/\/schema.org\/BlogPosting\" itemprop=\"blogPost\" ><div class=\"av-magazine-thumbnail\"><a href='https:\/\/www.wallix.com\/es\/recursos\/whitepaper-es\/protege-tus-instalaciones-sanitarias-con-el-programa-care\/' title='Enlace a: \u00a1Protege tus instalaciones sanitarias con el programa CaRE!' class='av-magazine-thumbnail-link'><img decoding=\"async\" fetchpriority=\"high\" width=\"80\" height=\"80\" src=\"https:\/\/www.wallix.com\/wp-content\/uploads\/2024\/06\/AdobeStock_752200873-80x80.jpeg\" class=\"wp-image-59373 avia-img-lazy-loading-not-59373 attachment-thumbnail size-thumbnail wp-post-image\" alt=\"Stock image illustrating cybersecurity concepts, emphasizing the importance of securing digital infrastructures and protecting sensitive data, in line with Wallix\u2019s identity and access management solutions.\" srcset=\"https:\/\/www.wallix.com\/wp-content\/uploads\/2024\/06\/AdobeStock_752200873-80x80.jpeg 80w, https:\/\/www.wallix.com\/wp-content\/uploads\/2024\/06\/AdobeStock_752200873-36x36.jpeg 36w, https:\/\/www.wallix.com\/wp-content\/uploads\/2024\/06\/AdobeStock_752200873-180x180.jpeg 180w\" sizes=\"(max-width: 80px) 100vw, 80px\" \/><\/a><\/div><div class=\"av-magazine-content-wrap\"><header class=\"entry-content-header\" aria-label=\"Post: \u00a1Protege tus instalaciones sanitarias con el programa CaRE!\"><time class='av-magazine-time updated'  itemprop=\"datePublished\" datetime=\"2024-10-04T09:46:58+01:00\" >4 de octubre de 2024<\/time><h3 class='av-magazine-title entry-title '  itemprop=\"headline\" ><a href='https:\/\/www.wallix.com\/es\/recursos\/whitepaper-es\/protege-tus-instalaciones-sanitarias-con-el-programa-care\/' title='Enlace a: \u00a1Protege tus instalaciones sanitarias con el programa CaRE!'>\u00a1Protege tus instalaciones sanitarias con el programa CaRE!<\/a><\/h3><\/header><\/div><footer class=\"entry-footer\"><\/footer><\/article><article class='av-magazine-entry av-magazine-entry-id-59496 av-magazine-format-standard av-magazine-type-post av-magazine-entry-3 av-magazine-entry-small '  itemscope=\"itemscope\" itemtype=\"https:\/\/schema.org\/BlogPosting\" itemprop=\"blogPost\" ><div class=\"av-magazine-thumbnail\"><a href='https:\/\/www.wallix.com\/es\/recursos\/whitepaper-es\/proteger-la-sanidad-como-proteger-hospitales-y-pacientes-frente-al-aumento-de-ciberataques\/' title='Enlace a: Proteger la sanidad: C\u00f3mo proteger hospitales y pacientes frente al aumento de ciberataques' class='av-magazine-thumbnail-link'><img decoding=\"async\" fetchpriority=\"high\" width=\"80\" height=\"80\" src=\"https:\/\/www.wallix.com\/wp-content\/uploads\/2024\/06\/AdobeStock_752200873-80x80.jpeg\" class=\"wp-image-59373 avia-img-lazy-loading-not-59373 attachment-thumbnail size-thumbnail wp-post-image\" alt=\"Stock image illustrating cybersecurity concepts, emphasizing the importance of securing digital infrastructures and protecting sensitive data, in line with Wallix\u2019s identity and access management solutions.\" srcset=\"https:\/\/www.wallix.com\/wp-content\/uploads\/2024\/06\/AdobeStock_752200873-80x80.jpeg 80w, https:\/\/www.wallix.com\/wp-content\/uploads\/2024\/06\/AdobeStock_752200873-36x36.jpeg 36w, https:\/\/www.wallix.com\/wp-content\/uploads\/2024\/06\/AdobeStock_752200873-180x180.jpeg 180w\" sizes=\"(max-width: 80px) 100vw, 80px\" \/><\/a><\/div><div class=\"av-magazine-content-wrap\"><header class=\"entry-content-header\" aria-label=\"Post: Proteger la sanidad: C\u00f3mo proteger hospitales y pacientes frente al aumento de ciberataques\"><time class='av-magazine-time updated'  itemprop=\"datePublished\" datetime=\"2024-06-19T12:28:01+01:00\" >19 de junio de 2024<\/time><h3 class='av-magazine-title entry-title '  itemprop=\"headline\" ><a href='https:\/\/www.wallix.com\/es\/recursos\/whitepaper-es\/proteger-la-sanidad-como-proteger-hospitales-y-pacientes-frente-al-aumento-de-ciberataques\/' title='Enlace a: Proteger la sanidad: C\u00f3mo proteger hospitales y pacientes frente al aumento de ciberataques'>Proteger la sanidad: C\u00f3mo proteger hospitales y pacientes frente al aumento de ciberataques<\/a><\/h3><\/header><\/div><footer class=\"entry-footer\"><\/footer><\/article><article class='av-magazine-entry av-magazine-entry-id-58253 av-magazine-format-standard av-magazine-type-post av-magazine-entry-4 av-magazine-entry-small '  itemscope=\"itemscope\" itemtype=\"https:\/\/schema.org\/BlogPosting\" itemprop=\"blogPost\" ><div class=\"av-magazine-thumbnail\"><a href='https:\/\/www.wallix.com\/es\/recursos\/whitepaper-es\/whitepaper-audit-compliance-es\/iec-62443-en-la-proteccion-de-los-entornos-industriales\/' title='Enlace a: El pilar fundamental: La IEC-62443 y la protecci\u00f3n de los entornos industriales' class='av-magazine-thumbnail-link'><img decoding=\"async\" fetchpriority=\"high\" width=\"80\" height=\"80\" src=\"https:\/\/www.wallix.com\/wp-content\/uploads\/2023\/08\/NIS2-COUV-80x80.png\" class=\"wp-image-34065 avia-img-lazy-loading-not-34065 attachment-thumbnail size-thumbnail wp-post-image\" alt=\"Cover image illustrating the NIS2 cybersecurity directive on a WALLIX page, highlighting strengthened EU digital security requirements and WALLIX\u2019s guidance on achieving compliance through robust identity and access management solutions.\" srcset=\"https:\/\/www.wallix.com\/wp-content\/uploads\/2023\/08\/NIS2-COUV-80x80.png 80w, https:\/\/www.wallix.com\/wp-content\/uploads\/2023\/08\/NIS2-COUV-36x36.png 36w, https:\/\/www.wallix.com\/wp-content\/uploads\/2023\/08\/NIS2-COUV-180x180.png 180w\" sizes=\"(max-width: 80px) 100vw, 80px\" \/><\/a><\/div><div class=\"av-magazine-content-wrap\"><header class=\"entry-content-header\" aria-label=\"Post: El pilar fundamental: La IEC-62443 y la protecci\u00f3n de los entornos industriales\"><time class='av-magazine-time updated'  itemprop=\"datePublished\" datetime=\"2024-05-23T11:38:37+01:00\" >23 de mayo de 2024<\/time><h3 class='av-magazine-title entry-title '  itemprop=\"headline\" ><a href='https:\/\/www.wallix.com\/es\/recursos\/whitepaper-es\/whitepaper-audit-compliance-es\/iec-62443-en-la-proteccion-de-los-entornos-industriales\/' title='Enlace a: El pilar fundamental: La IEC-62443 y la protecci\u00f3n de los entornos industriales'>El pilar fundamental: La IEC-62443 y la protecci\u00f3n de los entornos industriales<\/a><\/h3><\/header><\/div><footer class=\"entry-footer\"><\/footer><\/article><article class='av-magazine-entry av-magazine-entry-id-57258 av-magazine-format-standard av-magazine-type-post av-magazine-entry-5 av-magazine-entry-small '  itemscope=\"itemscope\" itemtype=\"https:\/\/schema.org\/BlogPosting\" itemprop=\"blogPost\" ><div class=\"av-magazine-thumbnail\"><a href='https:\/\/www.wallix.com\/es\/recursos\/whitepaper-es\/la-directiva-nis2-al-detalle\/' title='Enlace a: La Directiva NIS2 al detalle' class='av-magazine-thumbnail-link'><img decoding=\"async\" fetchpriority=\"high\" width=\"80\" height=\"80\" src=\"https:\/\/www.wallix.com\/wp-content\/uploads\/2024\/03\/Couverture-WP-NIS2-UNPACKED-80x80.jpg\" class=\"wp-image-52797 avia-img-lazy-loading-not-52797 attachment-thumbnail size-thumbnail wp-post-image\" alt=\"A cover image for a whitepaper on the NIS2 Directive, featuring digital security elements and European Union icons. This image reflects WALLIX\u2019s focus on helping organizations navigate the NIS2 Directive by providing secure access management and compliance solutions for critical infrastructure.\" srcset=\"https:\/\/www.wallix.com\/wp-content\/uploads\/2024\/03\/Couverture-WP-NIS2-UNPACKED-80x80.jpg 80w, https:\/\/www.wallix.com\/wp-content\/uploads\/2024\/03\/Couverture-WP-NIS2-UNPACKED-36x36.jpg 36w, https:\/\/www.wallix.com\/wp-content\/uploads\/2024\/03\/Couverture-WP-NIS2-UNPACKED-180x180.jpg 180w\" sizes=\"(max-width: 80px) 100vw, 80px\" \/><\/a><\/div><div class=\"av-magazine-content-wrap\"><header class=\"entry-content-header\" aria-label=\"Post: La Directiva NIS2 al detalle\"><time class='av-magazine-time updated'  itemprop=\"datePublished\" datetime=\"2024-04-22T10:52:22+01:00\" >22 de abril de 2024<\/time><h3 class='av-magazine-title entry-title '  itemprop=\"headline\" ><a href='https:\/\/www.wallix.com\/es\/recursos\/whitepaper-es\/la-directiva-nis2-al-detalle\/' title='Enlace a: La Directiva NIS2 al detalle'>La Directiva NIS2 al detalle<\/a><\/h3><\/header><\/div><footer class=\"entry-footer\"><\/footer><\/article><\/div><\/div><\/div><\/p><\/div>\n","protected":false},"excerpt":{"rendered":"","protected":false},"author":3,"featured_media":18563,"comment_status":"closed","ping_status":"closed","sticky":false,"template":"","format":"standard","meta":{"_acf_changed":false,"content-type":"","inline_featured_image":false,"footnotes":""},"categories":[1690,1740,1439,1443,1656],"tags":[],"class_list":["post-46323","post","type-post","status-publish","format-standard","has-post-thumbnail","hentry","category-educacion","category-whitepaper-iag-es","category-whitepaper-iag","category-identity-and-access-governance","category-whitepaper-es"],"acf":[],"yoast_head":"<!-- This site is optimized with the Yoast SEO plugin v27.5 - https:\/\/yoast.com\/product\/yoast-seo-wordpress\/ -->\n<title>Garantizar la identidad y el acceso a la educaci\u00f3n - WALLIX<\/title>\n<meta name=\"description\" content=\"Acceda al libro blanco y descubra c\u00f3mo el sector educativo puede aprovechar la gesti\u00f3n de identidades y accesos para proteger los recursos inform\u00e1ticos confidenciales.\" \/>\n<meta name=\"robots\" content=\"index, follow, max-snippet:-1, max-image-preview:large, max-video-preview:-1\" \/>\n<link rel=\"canonical\" href=\"https:\/\/www.wallix.com\/es\/recursos\/whitepaper-es\/garantizar-la-identidad-y-el-acceso-a-la-educacion\/\" \/>\n<meta property=\"og:locale\" content=\"es_ES\" \/>\n<meta property=\"og:type\" content=\"article\" \/>\n<meta property=\"og:title\" content=\"Garantizar la identidad y el acceso a la educaci\u00f3n - WALLIX\" \/>\n<meta property=\"og:description\" content=\"Acceda al libro blanco y descubra c\u00f3mo el sector educativo puede aprovechar la gesti\u00f3n de identidades y accesos para proteger los recursos inform\u00e1ticos confidenciales.\" \/>\n<meta property=\"og:url\" content=\"https:\/\/www.wallix.com\/es\/recursos\/whitepaper-es\/garantizar-la-identidad-y-el-acceso-a-la-educacion\/\" \/>\n<meta property=\"og:site_name\" content=\"WALLIX\" \/>\n<meta property=\"article:published_time\" content=\"2024-02-06T14:18:16+00:00\" \/>\n<meta property=\"article:modified_time\" content=\"2024-02-07T13:30:00+00:00\" \/>\n<meta property=\"og:image\" content=\"https:\/\/www.wallix.com\/wp-content\/uploads\/2021\/11\/education-cybersecurity-wallix-scaled.jpeg\" \/>\n\t<meta property=\"og:image:width\" content=\"2560\" \/>\n\t<meta property=\"og:image:height\" content=\"1440\" \/>\n\t<meta property=\"og:image:type\" content=\"image\/jpeg\" \/>\n<meta name=\"author\" content=\"WALLIX\" \/>\n<meta name=\"twitter:card\" content=\"summary_large_image\" \/>\n<meta name=\"twitter:creator\" content=\"@wallixcom\" \/>\n<meta name=\"twitter:site\" content=\"@wallixcom\" \/>\n<meta name=\"twitter:label1\" content=\"Escrito por\" \/>\n\t<meta name=\"twitter:data1\" content=\"WALLIX\" \/>\n\t<meta name=\"twitter:label2\" content=\"Tiempo de lectura\" \/>\n\t<meta name=\"twitter:data2\" content=\"2 minutos\" \/>\n<script type=\"application\/ld+json\" class=\"yoast-schema-graph\">{\"@context\":\"https:\\\/\\\/schema.org\",\"@graph\":[{\"@type\":\"Article\",\"@id\":\"https:\\\/\\\/www.wallix.com\\\/es\\\/recursos\\\/whitepaper-es\\\/garantizar-la-identidad-y-el-acceso-a-la-educacion\\\/#article\",\"isPartOf\":{\"@id\":\"https:\\\/\\\/www.wallix.com\\\/es\\\/recursos\\\/whitepaper-es\\\/garantizar-la-identidad-y-el-acceso-a-la-educacion\\\/\"},\"author\":{\"name\":\"WALLIX\",\"@id\":\"https:\\\/\\\/www.wallix.com\\\/es\\\/#\\\/schema\\\/person\\\/8b1daa830716a62cdf5631aa0e211abd\"},\"headline\":\"Garantizar la identidad y el acceso a la educaci\u00f3n\",\"datePublished\":\"2024-02-06T14:18:16+00:00\",\"dateModified\":\"2024-02-07T13:30:00+00:00\",\"mainEntityOfPage\":{\"@id\":\"https:\\\/\\\/www.wallix.com\\\/es\\\/recursos\\\/whitepaper-es\\\/garantizar-la-identidad-y-el-acceso-a-la-educacion\\\/\"},\"wordCount\":2537,\"publisher\":{\"@id\":\"https:\\\/\\\/www.wallix.com\\\/es\\\/#organization\"},\"image\":{\"@id\":\"https:\\\/\\\/www.wallix.com\\\/es\\\/recursos\\\/whitepaper-es\\\/garantizar-la-identidad-y-el-acceso-a-la-educacion\\\/#primaryimage\"},\"thumbnailUrl\":\"https:\\\/\\\/www.wallix.com\\\/wp-content\\\/uploads\\\/2021\\\/11\\\/education-cybersecurity-wallix-scaled.jpeg\",\"articleSection\":[\"EDUCACI\u00d3N\",\"IDENTITY AND ACCESS GOVERNANCE\",\"IDENTITY AND ACCESS GOVERNANCE\",\"IDENTITY AND ACCESS GOVERNANCE\",\"WHITEPAPER\"],\"inLanguage\":\"es\"},{\"@type\":\"WebPage\",\"@id\":\"https:\\\/\\\/www.wallix.com\\\/es\\\/recursos\\\/whitepaper-es\\\/garantizar-la-identidad-y-el-acceso-a-la-educacion\\\/\",\"url\":\"https:\\\/\\\/www.wallix.com\\\/es\\\/recursos\\\/whitepaper-es\\\/garantizar-la-identidad-y-el-acceso-a-la-educacion\\\/\",\"name\":\"Garantizar la identidad y el acceso a la educaci\u00f3n - WALLIX\",\"isPartOf\":{\"@id\":\"https:\\\/\\\/www.wallix.com\\\/es\\\/#website\"},\"primaryImageOfPage\":{\"@id\":\"https:\\\/\\\/www.wallix.com\\\/es\\\/recursos\\\/whitepaper-es\\\/garantizar-la-identidad-y-el-acceso-a-la-educacion\\\/#primaryimage\"},\"image\":{\"@id\":\"https:\\\/\\\/www.wallix.com\\\/es\\\/recursos\\\/whitepaper-es\\\/garantizar-la-identidad-y-el-acceso-a-la-educacion\\\/#primaryimage\"},\"thumbnailUrl\":\"https:\\\/\\\/www.wallix.com\\\/wp-content\\\/uploads\\\/2021\\\/11\\\/education-cybersecurity-wallix-scaled.jpeg\",\"datePublished\":\"2024-02-06T14:18:16+00:00\",\"dateModified\":\"2024-02-07T13:30:00+00:00\",\"description\":\"Acceda al libro blanco y descubra c\u00f3mo el sector educativo puede aprovechar la gesti\u00f3n de identidades y accesos para proteger los recursos inform\u00e1ticos confidenciales.\",\"inLanguage\":\"es\",\"potentialAction\":[{\"@type\":\"ReadAction\",\"target\":[\"https:\\\/\\\/www.wallix.com\\\/es\\\/recursos\\\/whitepaper-es\\\/garantizar-la-identidad-y-el-acceso-a-la-educacion\\\/\"]}]},{\"@type\":\"ImageObject\",\"inLanguage\":\"es\",\"@id\":\"https:\\\/\\\/www.wallix.com\\\/es\\\/recursos\\\/whitepaper-es\\\/garantizar-la-identidad-y-el-acceso-a-la-educacion\\\/#primaryimage\",\"url\":\"https:\\\/\\\/www.wallix.com\\\/wp-content\\\/uploads\\\/2021\\\/11\\\/education-cybersecurity-wallix-scaled.jpeg\",\"contentUrl\":\"https:\\\/\\\/www.wallix.com\\\/wp-content\\\/uploads\\\/2021\\\/11\\\/education-cybersecurity-wallix-scaled.jpeg\",\"width\":2560,\"height\":1440,\"caption\":\"University Library: Talented Caucasian Girl Sitting at the Desk, Uses Laptop, Writes Notes for the Paper, Essay, Study for Class Assignment. Diverse Group of Students Learning, Studying for Exams.\"},{\"@type\":\"WebSite\",\"@id\":\"https:\\\/\\\/www.wallix.com\\\/es\\\/#website\",\"url\":\"https:\\\/\\\/www.wallix.com\\\/es\\\/\",\"name\":\"WALLIX\",\"description\":\"CYBERSECURITY SIMPLIFIED\",\"publisher\":{\"@id\":\"https:\\\/\\\/www.wallix.com\\\/es\\\/#organization\"},\"potentialAction\":[{\"@type\":\"SearchAction\",\"target\":{\"@type\":\"EntryPoint\",\"urlTemplate\":\"https:\\\/\\\/www.wallix.com\\\/es\\\/?s={search_term_string}\"},\"query-input\":{\"@type\":\"PropertyValueSpecification\",\"valueRequired\":true,\"valueName\":\"search_term_string\"}}],\"inLanguage\":\"es\"},{\"@type\":\"Organization\",\"@id\":\"https:\\\/\\\/www.wallix.com\\\/es\\\/#organization\",\"name\":\"WALLIX\",\"url\":\"https:\\\/\\\/www.wallix.com\\\/es\\\/\",\"logo\":{\"@type\":\"ImageObject\",\"inLanguage\":\"es\",\"@id\":\"https:\\\/\\\/www.wallix.com\\\/es\\\/#\\\/schema\\\/logo\\\/image\\\/\",\"url\":\"https:\\\/\\\/www.wallix.com\\\/wp-content\\\/uploads\\\/2024\\\/03\\\/LOGO_WALLIX_2024_blackorange.png\",\"contentUrl\":\"https:\\\/\\\/www.wallix.com\\\/wp-content\\\/uploads\\\/2024\\\/03\\\/LOGO_WALLIX_2024_blackorange.png\",\"width\":3108,\"height\":827,\"caption\":\"WALLIX\"},\"image\":{\"@id\":\"https:\\\/\\\/www.wallix.com\\\/es\\\/#\\\/schema\\\/logo\\\/image\\\/\"},\"sameAs\":[\"https:\\\/\\\/x.com\\\/wallixcom\",\"https:\\\/\\\/www.linkedin.com\\\/company\\\/wallix\\\/\",\"https:\\\/\\\/www.youtube.com\\\/wallix\"]},{\"@type\":\"Person\",\"@id\":\"https:\\\/\\\/www.wallix.com\\\/es\\\/#\\\/schema\\\/person\\\/8b1daa830716a62cdf5631aa0e211abd\",\"name\":\"WALLIX\",\"image\":{\"@type\":\"ImageObject\",\"inLanguage\":\"es\",\"@id\":\"https:\\\/\\\/secure.gravatar.com\\\/avatar\\\/8bf1123a19c4364709de2f7c8c881ed5f2bb750cac73f782f39aea052e526546?s=96&d=mm&r=g\",\"url\":\"https:\\\/\\\/secure.gravatar.com\\\/avatar\\\/8bf1123a19c4364709de2f7c8c881ed5f2bb750cac73f782f39aea052e526546?s=96&d=mm&r=g\",\"contentUrl\":\"https:\\\/\\\/secure.gravatar.com\\\/avatar\\\/8bf1123a19c4364709de2f7c8c881ed5f2bb750cac73f782f39aea052e526546?s=96&d=mm&r=g\",\"caption\":\"WALLIX\"},\"url\":\"https:\\\/\\\/www.wallix.com\\\/es\\\/author\\\/alex\\\/\"}]}<\/script>\n<!-- \/ Yoast SEO plugin. -->","yoast_head_json":{"title":"Garantizar la identidad y el acceso a la educaci\u00f3n - WALLIX","description":"Acceda al libro blanco y descubra c\u00f3mo el sector educativo puede aprovechar la gesti\u00f3n de identidades y accesos para proteger los recursos inform\u00e1ticos confidenciales.","robots":{"index":"index","follow":"follow","max-snippet":"max-snippet:-1","max-image-preview":"max-image-preview:large","max-video-preview":"max-video-preview:-1"},"canonical":"https:\/\/www.wallix.com\/es\/recursos\/whitepaper-es\/garantizar-la-identidad-y-el-acceso-a-la-educacion\/","og_locale":"es_ES","og_type":"article","og_title":"Garantizar la identidad y el acceso a la educaci\u00f3n - WALLIX","og_description":"Acceda al libro blanco y descubra c\u00f3mo el sector educativo puede aprovechar la gesti\u00f3n de identidades y accesos para proteger los recursos inform\u00e1ticos confidenciales.","og_url":"https:\/\/www.wallix.com\/es\/recursos\/whitepaper-es\/garantizar-la-identidad-y-el-acceso-a-la-educacion\/","og_site_name":"WALLIX","article_published_time":"2024-02-06T14:18:16+00:00","article_modified_time":"2024-02-07T13:30:00+00:00","og_image":[{"width":2560,"height":1440,"url":"https:\/\/www.wallix.com\/wp-content\/uploads\/2021\/11\/education-cybersecurity-wallix-scaled.jpeg","type":"image\/jpeg"}],"author":"WALLIX","twitter_card":"summary_large_image","twitter_creator":"@wallixcom","twitter_site":"@wallixcom","twitter_misc":{"Escrito por":"WALLIX","Tiempo de lectura":"2 minutos"},"schema":{"@context":"https:\/\/schema.org","@graph":[{"@type":"Article","@id":"https:\/\/www.wallix.com\/es\/recursos\/whitepaper-es\/garantizar-la-identidad-y-el-acceso-a-la-educacion\/#article","isPartOf":{"@id":"https:\/\/www.wallix.com\/es\/recursos\/whitepaper-es\/garantizar-la-identidad-y-el-acceso-a-la-educacion\/"},"author":{"name":"WALLIX","@id":"https:\/\/www.wallix.com\/es\/#\/schema\/person\/8b1daa830716a62cdf5631aa0e211abd"},"headline":"Garantizar la identidad y el acceso a la educaci\u00f3n","datePublished":"2024-02-06T14:18:16+00:00","dateModified":"2024-02-07T13:30:00+00:00","mainEntityOfPage":{"@id":"https:\/\/www.wallix.com\/es\/recursos\/whitepaper-es\/garantizar-la-identidad-y-el-acceso-a-la-educacion\/"},"wordCount":2537,"publisher":{"@id":"https:\/\/www.wallix.com\/es\/#organization"},"image":{"@id":"https:\/\/www.wallix.com\/es\/recursos\/whitepaper-es\/garantizar-la-identidad-y-el-acceso-a-la-educacion\/#primaryimage"},"thumbnailUrl":"https:\/\/www.wallix.com\/wp-content\/uploads\/2021\/11\/education-cybersecurity-wallix-scaled.jpeg","articleSection":["EDUCACI\u00d3N","IDENTITY AND ACCESS GOVERNANCE","IDENTITY AND ACCESS GOVERNANCE","IDENTITY AND ACCESS GOVERNANCE","WHITEPAPER"],"inLanguage":"es"},{"@type":"WebPage","@id":"https:\/\/www.wallix.com\/es\/recursos\/whitepaper-es\/garantizar-la-identidad-y-el-acceso-a-la-educacion\/","url":"https:\/\/www.wallix.com\/es\/recursos\/whitepaper-es\/garantizar-la-identidad-y-el-acceso-a-la-educacion\/","name":"Garantizar la identidad y el acceso a la educaci\u00f3n - WALLIX","isPartOf":{"@id":"https:\/\/www.wallix.com\/es\/#website"},"primaryImageOfPage":{"@id":"https:\/\/www.wallix.com\/es\/recursos\/whitepaper-es\/garantizar-la-identidad-y-el-acceso-a-la-educacion\/#primaryimage"},"image":{"@id":"https:\/\/www.wallix.com\/es\/recursos\/whitepaper-es\/garantizar-la-identidad-y-el-acceso-a-la-educacion\/#primaryimage"},"thumbnailUrl":"https:\/\/www.wallix.com\/wp-content\/uploads\/2021\/11\/education-cybersecurity-wallix-scaled.jpeg","datePublished":"2024-02-06T14:18:16+00:00","dateModified":"2024-02-07T13:30:00+00:00","description":"Acceda al libro blanco y descubra c\u00f3mo el sector educativo puede aprovechar la gesti\u00f3n de identidades y accesos para proteger los recursos inform\u00e1ticos confidenciales.","inLanguage":"es","potentialAction":[{"@type":"ReadAction","target":["https:\/\/www.wallix.com\/es\/recursos\/whitepaper-es\/garantizar-la-identidad-y-el-acceso-a-la-educacion\/"]}]},{"@type":"ImageObject","inLanguage":"es","@id":"https:\/\/www.wallix.com\/es\/recursos\/whitepaper-es\/garantizar-la-identidad-y-el-acceso-a-la-educacion\/#primaryimage","url":"https:\/\/www.wallix.com\/wp-content\/uploads\/2021\/11\/education-cybersecurity-wallix-scaled.jpeg","contentUrl":"https:\/\/www.wallix.com\/wp-content\/uploads\/2021\/11\/education-cybersecurity-wallix-scaled.jpeg","width":2560,"height":1440,"caption":"University Library: Talented Caucasian Girl Sitting at the Desk, Uses Laptop, Writes Notes for the Paper, Essay, Study for Class Assignment. Diverse Group of Students Learning, Studying for Exams."},{"@type":"WebSite","@id":"https:\/\/www.wallix.com\/es\/#website","url":"https:\/\/www.wallix.com\/es\/","name":"WALLIX","description":"CYBERSECURITY SIMPLIFIED","publisher":{"@id":"https:\/\/www.wallix.com\/es\/#organization"},"potentialAction":[{"@type":"SearchAction","target":{"@type":"EntryPoint","urlTemplate":"https:\/\/www.wallix.com\/es\/?s={search_term_string}"},"query-input":{"@type":"PropertyValueSpecification","valueRequired":true,"valueName":"search_term_string"}}],"inLanguage":"es"},{"@type":"Organization","@id":"https:\/\/www.wallix.com\/es\/#organization","name":"WALLIX","url":"https:\/\/www.wallix.com\/es\/","logo":{"@type":"ImageObject","inLanguage":"es","@id":"https:\/\/www.wallix.com\/es\/#\/schema\/logo\/image\/","url":"https:\/\/www.wallix.com\/wp-content\/uploads\/2024\/03\/LOGO_WALLIX_2024_blackorange.png","contentUrl":"https:\/\/www.wallix.com\/wp-content\/uploads\/2024\/03\/LOGO_WALLIX_2024_blackorange.png","width":3108,"height":827,"caption":"WALLIX"},"image":{"@id":"https:\/\/www.wallix.com\/es\/#\/schema\/logo\/image\/"},"sameAs":["https:\/\/x.com\/wallixcom","https:\/\/www.linkedin.com\/company\/wallix\/","https:\/\/www.youtube.com\/wallix"]},{"@type":"Person","@id":"https:\/\/www.wallix.com\/es\/#\/schema\/person\/8b1daa830716a62cdf5631aa0e211abd","name":"WALLIX","image":{"@type":"ImageObject","inLanguage":"es","@id":"https:\/\/secure.gravatar.com\/avatar\/8bf1123a19c4364709de2f7c8c881ed5f2bb750cac73f782f39aea052e526546?s=96&d=mm&r=g","url":"https:\/\/secure.gravatar.com\/avatar\/8bf1123a19c4364709de2f7c8c881ed5f2bb750cac73f782f39aea052e526546?s=96&d=mm&r=g","contentUrl":"https:\/\/secure.gravatar.com\/avatar\/8bf1123a19c4364709de2f7c8c881ed5f2bb750cac73f782f39aea052e526546?s=96&d=mm&r=g","caption":"WALLIX"},"url":"https:\/\/www.wallix.com\/es\/author\/alex\/"}]}},"_links":{"self":[{"href":"https:\/\/www.wallix.com\/es\/wp-json\/wp\/v2\/posts\/46323","targetHints":{"allow":["GET"]}}],"collection":[{"href":"https:\/\/www.wallix.com\/es\/wp-json\/wp\/v2\/posts"}],"about":[{"href":"https:\/\/www.wallix.com\/es\/wp-json\/wp\/v2\/types\/post"}],"author":[{"embeddable":true,"href":"https:\/\/www.wallix.com\/es\/wp-json\/wp\/v2\/users\/3"}],"replies":[{"embeddable":true,"href":"https:\/\/www.wallix.com\/es\/wp-json\/wp\/v2\/comments?post=46323"}],"version-history":[{"count":10,"href":"https:\/\/www.wallix.com\/es\/wp-json\/wp\/v2\/posts\/46323\/revisions"}],"predecessor-version":[{"id":58755,"href":"https:\/\/www.wallix.com\/es\/wp-json\/wp\/v2\/posts\/46323\/revisions\/58755"}],"wp:featuredmedia":[{"embeddable":true,"href":"https:\/\/www.wallix.com\/es\/wp-json\/wp\/v2\/media\/18563"}],"wp:attachment":[{"href":"https:\/\/www.wallix.com\/es\/wp-json\/wp\/v2\/media?parent=46323"}],"wp:term":[{"taxonomy":"category","embeddable":true,"href":"https:\/\/www.wallix.com\/es\/wp-json\/wp\/v2\/categories?post=46323"},{"taxonomy":"post_tag","embeddable":true,"href":"https:\/\/www.wallix.com\/es\/wp-json\/wp\/v2\/tags?post=46323"}],"curies":[{"name":"wp","href":"https:\/\/api.w.org\/{rel}","templated":true}]}}