{"id":88001,"date":"2026-04-23T10:49:58","date_gmt":"2026-04-23T09:49:58","guid":{"rendered":"https:\/\/www.wallix.com\/wallix-strengthens-its-foothold-in-germany-and-joins-the-main-cybersecurity-consortia-in-the-service-of-european-sovereignty\/"},"modified":"2026-04-23T11:19:46","modified_gmt":"2026-04-23T10:19:46","slug":"wallix-baut-deutschlandgeschaeft-aus-und-tritt-cybersecurity-konsortien-bei","status":"publish","type":"post","link":"https:\/\/www.wallix.com\/de\/pressemitteilungen\/wallix-baut-deutschlandgeschaeft-aus-und-tritt-cybersecurity-konsortien-bei\/","title":{"rendered":"WALLIX baut Deutschlandgesch\u00e4ft aus und tritt Cybersecurity-Konsortien bei"},"content":{"rendered":"<div id='full_slider_1'  class='avia-fullwidth-slider main_color avia-shadow   avia-builder-el-0  el_before_av_two_third  avia-builder-el-first   container_wrap fullsize'  ><div  class='avia-slideshow av-lxvzfd0b-9a63373dc0a8641c803e2c5f8ff7576e avia-slideshow-featured av_slideshow_full avia-slide-slider av-slideshow-ui av-control-default av-slideshow-manual av-loop-once av-loop-manual-endless av-default-height-applied  image_no_stretch avia-slideshow-1' data-slideshow-options=\"{&quot;animation&quot;:&quot;slide&quot;,&quot;autoplay&quot;:false,&quot;loop_autoplay&quot;:&quot;once&quot;,&quot;interval&quot;:5,&quot;loop_manual&quot;:&quot;manual-endless&quot;,&quot;autoplay_stopper&quot;:false,&quot;noNavigation&quot;:false,&quot;bg_slider&quot;:false,&quot;keep_padding&quot;:false,&quot;hoverpause&quot;:false,&quot;show_slide_delay&quot;:0}\"  itemprop=\"image\" itemscope=\"itemscope\" itemtype=\"https:\/\/schema.org\/ImageObject\" ><ul class='avia-slideshow-inner ' style='padding-bottom: 28.666666666667%;'><li  class='avia-slideshow-slide av-lxvzfd0b-9a63373dc0a8641c803e2c5f8ff7576e__0  av-single-slide slide-1 slide-odd'><div data-rel='slideshow-1' class='avia-slide-wrap '   ><div class='av-slideshow-caption av-lxvzfd0b-9a63373dc0a8641c803e2c5f8ff7576e__0 caption_fullwidth caption_bottom caption_bottom_framed caption_framed'><div class=\"container caption_container\"><div class=\"slideshow_caption\"><div class=\"slideshow_inner_caption\"><div class=\"slideshow_align_caption\"><h2 class='avia-caption-title '  itemprop=\"name\" >WALLIX baut Deutschlandgesch\u00e4ft aus und tritt Cybersecurity-Konsortien bei<\/h2><\/div><\/div><\/div><\/div><\/div><img decoding=\"async\" fetchpriority=\"high\" class=\"wp-image-29336 avia-img-lazy-loading-not-29336\"  src=\"https:\/\/www.wallix.com\/wp-content\/uploads\/2022\/12\/AdobeStock_429258682-copie-1500x430.jpg\" width=\"1500\" height=\"430\" title='Abstract Wave line 035' alt='network flow'  itemprop=\"thumbnailUrl\"   \/><div class='av-section-color-overlay' style='opacity: 1; background-image: url(https:\/\/www.wallix.com\/wp-content\/uploads\/2022\/12\/AdobeStock_429258682-copie-1500x630.jpg); background-repeat: repeat;'><\/div><\/div><\/li><\/ul><\/div><\/div><div id='after_full_slider_1'  class='main_color av_default_container_wrap container_wrap fullsize'  ><div class='container av-section-cont-open' ><div class='template-page content  av-content-full alpha units'><div class='post-entry post-entry-type-page post-entry-88001'><div class='entry-content-wrapper clearfix'>\n<div  class='flex_column av-30sisdt-ce9452e9bfed6ed782011b09a852dd07 av_two_third  avia-builder-el-1  el_after_av_slideshow_full  el_before_av_one_third  avia-builder-el-first  first flex_column_div  '     ><p>\n<style type=\"text\/css\" data-created_by=\"avia_inline_auto\" id=\"style-css-av-lqw7frew-b01ad6ea78e11a891763471f10299e7c\">\n#top .av_textblock_section.av-lqw7frew-b01ad6ea78e11a891763471f10299e7c .avia_textblock{\nfont-size:14px;\n}\n<\/style>\n<section  class='av_textblock_section av-lqw7frew-b01ad6ea78e11a891763471f10299e7c '   itemscope=\"itemscope\" itemtype=\"https:\/\/schema.org\/BlogPosting\" itemprop=\"blogPost\" ><div class='avia_textblock'  itemprop=\"text\" ><p><strong>Paris, 28. April 2026 \u2013 <\/strong>WALLIX (Euronext: ALLIX), europ\u00e4ischer Anbieter von Cybersecurity-Software mit Fokus auf Identity &amp; Access Management und f\u00fchrend im Bereich Privileged Access Management (PAM), tritt dem deutschen IT-Sicherheitsverband TeleTrusT bei und beteiligt sich an der Allianz f\u00fcr Cyber-Sicherheit (ACS), einer Initiative des Bundesamts f\u00fcr Sicherheit in der Informationstechnik (BSI) und des Digitalverbands Bitkom.<\/p>\n<p>WALLIX steht f\u00fcr eine europ\u00e4ische Cybersecurity-Strategie mit vollst\u00e4ndig in Europa entwickelten L\u00f6sungen und hohen technologischen Standards. Dieser Anspruch wurde 2025 durch die BSI-Zertifizierung der PAM-Plattform best\u00e4tigt, die zudem von der franz\u00f6sischen Cybersicherheitsbeh\u00f6rde ANSSI anerkannt wird. Vor diesem Hintergrund ist die Beteiligung an zentralen deutschen Initiativen ein konsequenter Schritt in der Wachstumsstrategie des Unternehmens. Zugleich unterstreicht WALLIX damit sein Engagement f\u00fcr die digitale Souver\u00e4nit\u00e4t Europas und baut die Zusammenarbeit mit Industrie, \u00f6ffentlichen Institutionen und Forschung weiter aus.<\/p>\n<p><strong>Digitale Souver\u00e4nit\u00e4t im Fokus europ\u00e4ischer Herausforderungen<\/strong><\/p>\n<p>TeleTrusT z\u00e4hlt zu den f\u00fchrenden Cybersecurity-Netzwerken in Europa und vereint Unternehmen, Forschungseinrichtungen sowie \u00f6ffentliche Akteure, um zentrale Herausforderungen der Branche gemeinsam anzugehen. Mit seinen Arbeitsgruppen und Initiativen f\u00f6rdert der Verband den Wissensaustausch und pr\u00e4gt die sicherheitspolitische Diskussion auf europ\u00e4ischer Ebene.<\/p>\n<p>Im Rahmen der Mitgliedschaft will sich WALLIX zuk\u00fcnftig aktiv in die Initiative \u201eIT Security made in EU\u201c einbringen und an \u00fcbergreifenden Debatten zur digitalen Souver\u00e4nit\u00e4t Europas beteiligen.<\/p>\n<p><strong>KRITIS und Cyberresilienz in Deutschland<\/strong><\/p>\n<p>Parallel engagiert sich WALLIX in der Allianz f\u00fcr Cyber-Sicherheit, Deutschlands gr\u00f6\u00dfter Public-Private-Partnership f\u00fcr IT-Sicherheit. Die Initiative wurde 2012 vom BSI und Bitkom ins Leben gerufen und verfolgt das Ziel, die Widerstandsf\u00e4higkeit von Unternehmen und Institutionen in Deutschland gegen\u00fcber Cyberangriffen zu st\u00e4rken.<\/p>\n<p>Vor dem Hintergrund zunehmender regulatorischer Anforderungen \u2013 etwa durch die NIS2-Richtlinie \u2013 r\u00fccken insbesondere der Schutz digitaler Identit\u00e4ten und privilegierter Zugriffe st\u00e4rker in den Fokus von Unternehmen und Betreibern kritischer Infrastrukturen (KRITIS). L\u00f6sungen f\u00fcr Identity- und Access-Management gelten dabei als zentraler Baustein, um unbefugte Zugriffe zu verhindern und Cyberangriffe fr\u00fchzeitig einzud\u00e4mmen.<\/p>\n<p>Durch die Beteiligung an beiden Initiativen m\u00f6chte WALLIX seine Zusammenarbeit mit Unternehmen, Beh\u00f6rden und Forschungseinrichtungen weiter vertiefen und seine Sichtbarkeit im deutschen Markt \u2013 insbesondere im Umfeld von KRITIS-Betreibern und dem \u00f6ffentlichen Sektor \u2013 weiter ausbauen.<\/p>\n<p>Katrin Rabe, Head of Sales DACH bei WALLIX, erkl\u00e4rt: \u201eDeutschland ist ein strategischer Markt f\u00fcr uns. Mit dem Beitritt zu TeleTrusT und der Allianz f\u00fcr Cyber-Sicherheit leisten wir einen aktiven Beitrag zur Zusammenarbeit zwischen Industrie, \u00f6ffentlichen Institutionen und Forschung. In einer Zeit, in der digitale Souver\u00e4nit\u00e4t zunehmend an Bedeutung gewinnt, kommt europ\u00e4ischen Cybersecurity-L\u00f6sungen eine Schl\u00fcsselrolle zu. Wir treiben diese Entwicklung mit voller \u00dcberzeugung voran.\u201c<\/p>\n<p><strong>\u00dcber WALLIX<\/strong><\/p>\n<p>Seit 2015 an der Euronext (ALLIX) notiert, ist WALLIX ein europ\u00e4ischer Anbieter von Cybersecurity-Software und ein anerkannter Marktf\u00fchrer im Bereich Privileged Access Management (PAM). Das Unternehmen unterst\u00fctzt Organisationen im \u00f6ffentlichen und privaten Sektor dabei, Identit\u00e4ten und Zugriffe abzusichern sowie ihre operative Resilienz, regulatorische Compliance und digitale Souver\u00e4nit\u00e4t zu st\u00e4rken.<\/p>\n<p>Die Plattform WALLIX One sch\u00fctzt heute mehr als 4.000 Organisationen weltweit. Sie sichert Identit\u00e4ten, Benutzerzug\u00e4nge und privilegierte Konten in IT- und OT-Umgebungen und erm\u00f6glicht es Unternehmen, sich in einer zunehmend komplexen und vernetzten digitalen Welt sicher weiterzuentwickeln.<\/p>\n<p><a href=\"http:\/\/www.wallix.com\/de\/\"><strong>www.wallix.com<\/strong><\/a><strong> | <\/strong><a href=\"mailto:info@wallix.com\"><strong>info@wallix.com<\/strong><\/a><\/p>\n<\/div><\/section><br \/>\n<div  class='avia-button-wrap av-pp75pu-d9a60c3345beaf05f687b4e214dbbcd0-wrap avia-button-center  avia-builder-el-3  el_after_av_textblock  el_before_av_hr '><a href='https:\/\/www.wallix.com\/wp-content\/uploads\/2026\/04\/0426_ALLEMAGNE_BSI_ACS_TELETRUST_DE.pdf'  class='avia-button av-pp75pu-d9a60c3345beaf05f687b4e214dbbcd0 av-link-btn avia-icon_select-no avia-size-small avia-position-center avia-color-theme-color'   aria-label=\" PRESSEMITTEILUNG HERUNTERLADEN\"><span class='avia_iconbox_title' > PRESSEMITTEILUNG HERUNTERLADEN<\/span><\/a><\/div><br \/>\n<div  class='hr av-mmxbdr-764af79f53c0b4fc41795e2332c156b9 hr-default  avia-builder-el-4  el_after_av_button  el_before_av_textblock '><span class='hr-inner '><span class=\"hr-inner-style\"><\/span><\/span><\/div><br \/>\n<section  class='av_textblock_section av-m0l2a0lf-7422e35c6be2917ba56c7f62ae708867 '   itemscope=\"itemscope\" itemtype=\"https:\/\/schema.org\/BlogPosting\" itemprop=\"blogPost\" ><div class='avia_textblock'  itemprop=\"text\" ><p><strong>KONTAKT F\u00dcR FINANZKOMMUNIKATION<\/strong><\/p>\n<p><strong>ACTUS Finance &amp; Communication<\/strong><\/p>\n<p>Investor Relations &#8211; H\u00e9l\u00e8ne de Watteville<br \/>\n+33 (0)1 53 67 36 33 \/ <a href=\"mailto:wallix@actus.fr\"><strong>WALLIX@actus.fr<\/strong><\/a><\/p>\n<p>Pressekontakt \u2013 D\u00e9borah Schwartz<br \/>\n+33 (0)6 27 09 05 73 \/ <a href=\"mailto:dschwartz@actus.fr\"><strong>dschwartz@actus.fr<\/strong><\/a><\/p>\n<\/div><\/section><\/p><\/div><div  class='flex_column av-2lq2r4h-875fbaf7463c367174ec2807681c88f6 av_one_third  avia-builder-el-6  el_after_av_two_third  avia-builder-el-last  flex_column_div  '     ><p><div  class='av-social-sharing-box av-lqw7azv3-e2564f8f2a9c2e545627829eb4a0ad60 av-social-sharing-box-default  avia-builder-el-7  el_before_av_hr  avia-builder-el-first  av-social-sharing-box-fullwidth'><div class=\"av-share-box\"><h5 class='av-share-link-description av-no-toc '>Teilen<\/h5><ul class=\"av-share-box-list noLightbox\"><li class='av-share-link av-social-link-twitter avia_social_iconfont' ><a target=\"_blank\" aria-label=\"Teilen auf X\" href='https:\/\/twitter.com\/share?text=WALLIX%20baut%20Deutschlandgesch%C3%A4ft%20aus%20und%20tritt%20Cybersecurity-Konsortien%20bei&#038;url=https:\/\/www.wallix.com\/de\/?p=88001' data-av_icon='\ue932' data-av_iconfont='entypo-fontello'  title='' data-avia-related-tooltip='Teilen auf X'><span class='avia_hidden_link_text'>Teilen auf X<\/span><\/a><\/li><li class='av-share-link av-social-link-linkedin avia_social_iconfont' ><a target=\"_blank\" aria-label=\"Teilen auf LinkedIn\" href='https:\/\/linkedin.com\/shareArticle?mini=true&#038;title=WALLIX%20baut%20Deutschlandgesch%C3%A4ft%20aus%20und%20tritt%20Cybersecurity-Konsortien%20bei&#038;url=https:\/\/www.wallix.com\/de\/pressemitteilungen\/wallix-baut-deutschlandgeschaeft-aus-und-tritt-cybersecurity-konsortien-bei\/' data-av_icon='\ue8fc' data-av_iconfont='entypo-fontello'  title='' data-avia-related-tooltip='Teilen auf LinkedIn'><span class='avia_hidden_link_text'>Teilen auf LinkedIn<\/span><\/a><\/li><li class='av-share-link av-social-link-mail avia_social_iconfont' ><a  aria-label=\"Per E-Mail teilen\" href='mailto:?subject=WALLIX%20baut%20Deutschlandgesch%C3%A4ft%20aus%20und%20tritt%20Cybersecurity-Konsortien%20bei&#038;body=https:\/\/www.wallix.com\/de\/pressemitteilungen\/wallix-baut-deutschlandgeschaeft-aus-und-tritt-cybersecurity-konsortien-bei\/' data-av_icon='\ue805' data-av_iconfont='entypo-fontello'  title='' data-avia-related-tooltip='Per E-Mail teilen'><span class='avia_hidden_link_text'>Per E-Mail teilen<\/span><\/a><\/li><\/ul><\/div><\/div><br \/>\n\n<style type=\"text\/css\" data-created_by=\"avia_inline_auto\" id=\"style-css-av-21stunl-52945c30b4e469db256b808148304d8a\">\n#top .hr.hr-invisible.av-21stunl-52945c30b4e469db256b808148304d8a{\nheight:10px;\n}\n<\/style>\n<div  class='hr av-21stunl-52945c30b4e469db256b808148304d8a hr-invisible  avia-builder-el-8  el_after_av_social_share  el_before_av_heading '><span class='hr-inner '><span class=\"hr-inner-style\"><\/span><\/span><\/div><br \/>\n\n<style type=\"text\/css\" data-created_by=\"avia_inline_auto\" id=\"style-css-av-lqw7b9kx-9f7195f7095290c883155fe51f66260d\">\n#top .av-special-heading.av-lqw7b9kx-9f7195f7095290c883155fe51f66260d{\npadding-bottom:10px;\n}\nbody .av-special-heading.av-lqw7b9kx-9f7195f7095290c883155fe51f66260d .av-special-heading-tag .heading-char{\nfont-size:25px;\n}\n.av-special-heading.av-lqw7b9kx-9f7195f7095290c883155fe51f66260d .av-subheading{\nfont-size:15px;\n}\n<\/style>\n<div  class='av-special-heading av-lqw7b9kx-9f7195f7095290c883155fe51f66260d av-special-heading-h3 blockquote modern-quote  avia-builder-el-9  el_after_av_hr  el_before_av_hr '><h3 class='av-special-heading-tag '  itemprop=\"headline\"  >PRESSEMITTEILUNGEN<\/h3><div class='av-subheading av-subheading_below'><p>2026<\/p>\n<\/div><div class=\"special-heading-border\"><div class=\"special-heading-inner-border\"><\/div><\/div><\/div><br \/>\n\n<style type=\"text\/css\" data-created_by=\"avia_inline_auto\" id=\"style-css-av-23pfmoi-e3bd3c718891f3f0080c53924bfe687b\">\n#top .hr.hr-invisible.av-23pfmoi-e3bd3c718891f3f0080c53924bfe687b{\nheight:10px;\n}\n<\/style>\n<div  class='hr av-23pfmoi-e3bd3c718891f3f0080c53924bfe687b hr-invisible  avia-builder-el-10  el_after_av_heading  el_before_av_magazine '><span class='hr-inner '><span class=\"hr-inner-style\"><\/span><\/span><\/div><br \/>\n<div  id=\"avia-magazine-1\"  class='av-magazine av-lqw7cw11-50a6d62ab82bcfdd1375d5f9d7c26798  avia-builder-el-11  el_after_av_hr  el_before_av_hr   avia-builder-el-11  el_after_av_hr  el_before_av_hr ' ><div class='av-magazine-group sort_all'><article class='av-magazine-entry av-magazine-entry-id-88001 av-magazine-format-standard av-magazine-type-post av-magazine-entry-1 av-magazine-entry-small av-magazine-no-thumb'  itemscope=\"itemscope\" itemtype=\"https:\/\/schema.org\/BlogPosting\" itemprop=\"blogPost\" ><div class=\"av-magazine-content-wrap\"><header class=\"entry-content-header\" aria-label=\"Post: WALLIX baut Deutschlandgesch\u00e4ft aus und tritt Cybersecurity-Konsortien bei\"><time class='av-magazine-time updated'  itemprop=\"datePublished\" datetime=\"2026-04-23T10:49:58+01:00\" >23. April 2026<\/time><h3 class='av-magazine-title entry-title '  itemprop=\"headline\" ><a href='https:\/\/www.wallix.com\/de\/pressemitteilungen\/wallix-baut-deutschlandgeschaeft-aus-und-tritt-cybersecurity-konsortien-bei\/' title='Link zu: WALLIX baut Deutschlandgesch\u00e4ft aus und tritt Cybersecurity-Konsortien bei'>WALLIX baut Deutschlandgesch\u00e4ft aus und tritt Cybersecurity-Konsortien bei<\/a><\/h3><\/header><\/div><footer class=\"entry-footer\"><\/footer><\/article><article class='av-magazine-entry av-magazine-entry-id-83344 av-magazine-format-standard av-magazine-type-post av-magazine-entry-2 av-magazine-entry-small av-magazine-no-thumb'  itemscope=\"itemscope\" itemtype=\"https:\/\/schema.org\/BlogPosting\" itemprop=\"blogPost\" ><div class=\"av-magazine-content-wrap\"><header class=\"entry-content-header\" aria-label=\"Post: WALLIX stellt zentrale Konsole f\u00fcr effizientes Cybersecurity-Management vor\"><time class='av-magazine-time updated'  itemprop=\"datePublished\" datetime=\"2026-01-26T18:22:53+01:00\" >26. Januar 2026<\/time><h3 class='av-magazine-title entry-title '  itemprop=\"headline\" ><a href='https:\/\/www.wallix.com\/de\/pressemitteilungen\/wallix-stellt-zentrale-konsole-fuer-effizientes-cybersecurity-management-vor\/' title='Link zu: WALLIX stellt zentrale Konsole f\u00fcr effizientes Cybersecurity-Management vor'>WALLIX stellt zentrale Konsole f\u00fcr effizientes Cybersecurity-Management vor<\/a><\/h3><\/header><\/div><footer class=\"entry-footer\"><\/footer><\/article><article class='av-magazine-entry av-magazine-entry-id-82920 av-magazine-format-standard av-magazine-type-post av-magazine-entry-3 av-magazine-entry-small av-magazine-no-thumb'  itemscope=\"itemscope\" itemtype=\"https:\/\/schema.org\/BlogPosting\" itemprop=\"blogPost\" ><div class=\"av-magazine-content-wrap\"><header class=\"entry-content-header\" aria-label=\"Post: WALLIX gibt Ausblick auf die Cybersecurity-Trends und Technologien von 2026\"><time class='av-magazine-time updated'  itemprop=\"datePublished\" datetime=\"2026-01-08T07:16:41+01:00\" >8. Januar 2026<\/time><h3 class='av-magazine-title entry-title '  itemprop=\"headline\" ><a href='https:\/\/www.wallix.com\/de\/pressemitteilungen\/wallix-gibt-ausblick-auf-die-cybersecurity-trends-und-technologien-von-2026\/' title='Link zu: WALLIX gibt Ausblick auf die Cybersecurity-Trends und Technologien von 2026'>WALLIX gibt Ausblick auf die Cybersecurity-Trends und Technologien von 2026<\/a><\/h3><\/header><\/div><footer class=\"entry-footer\"><\/footer><\/article><\/div><\/div><br \/>\n\n<style type=\"text\/css\" data-created_by=\"avia_inline_auto\" id=\"style-css-av-1foy8b6-322a3c042ca152c332d2e2c528de4e88\">\n#top .hr.hr-invisible.av-1foy8b6-322a3c042ca152c332d2e2c528de4e88{\nheight:10px;\n}\n<\/style>\n<div  class='hr av-1foy8b6-322a3c042ca152c332d2e2c528de4e88 hr-invisible  avia-builder-el-12  el_after_av_magazine  el_before_av_heading '><span class='hr-inner '><span class=\"hr-inner-style\"><\/span><\/span><\/div><br \/>\n\n<style type=\"text\/css\" data-created_by=\"avia_inline_auto\" id=\"style-css-av-13arzki-fbb81c693d9019ed223b1ef96e125de1\">\n#top .av-special-heading.av-13arzki-fbb81c693d9019ed223b1ef96e125de1{\npadding-bottom:10px;\n}\nbody .av-special-heading.av-13arzki-fbb81c693d9019ed223b1ef96e125de1 .av-special-heading-tag .heading-char{\nfont-size:25px;\n}\n.av-special-heading.av-13arzki-fbb81c693d9019ed223b1ef96e125de1 .av-subheading{\nfont-size:15px;\n}\n<\/style>\n<div  class='av-special-heading av-13arzki-fbb81c693d9019ed223b1ef96e125de1 av-special-heading-h3 blockquote modern-quote  avia-builder-el-13  el_after_av_hr  el_before_av_hr '><h3 class='av-special-heading-tag '  itemprop=\"headline\"  >PRESSEMITTEILUNGEN<\/h3><div class='av-subheading av-subheading_below'><p>2025<\/p>\n<\/div><div class=\"special-heading-border\"><div class=\"special-heading-inner-border\"><\/div><\/div><\/div><br \/>\n\n<style type=\"text\/css\" data-created_by=\"avia_inline_auto\" id=\"style-css-av-1ki0aq9-0bf20f835d0bbab1fe1e509edbd75b88\">\n#top .hr.hr-invisible.av-1ki0aq9-0bf20f835d0bbab1fe1e509edbd75b88{\nheight:10px;\n}\n<\/style>\n<div  class='hr av-1ki0aq9-0bf20f835d0bbab1fe1e509edbd75b88 hr-invisible  avia-builder-el-14  el_after_av_heading  el_before_av_magazine '><span class='hr-inner '><span class=\"hr-inner-style\"><\/span><\/span><\/div><br \/>\n<div  id=\"avia-magazine-2\"  class='av-magazine av-uxc7zm-53597ebdfd0956429d346002f85a534d  avia-builder-el-15  el_after_av_hr  el_before_av_heading   avia-builder-el-15  el_after_av_hr  el_before_av_heading ' ><div class='av-magazine-group sort_all'><article class='av-magazine-entry av-magazine-entry-id-81264 av-magazine-format-standard av-magazine-type-post av-magazine-entry-1 av-magazine-entry-small av-magazine-no-thumb'  itemscope=\"itemscope\" itemtype=\"https:\/\/schema.org\/BlogPosting\" itemprop=\"blogPost\" ><div class=\"av-magazine-content-wrap\"><header class=\"entry-content-header\" aria-label=\"Post: WALLIX erweitert KI-Kompetenz durch \u00dcbernahme von Malizen\"><time class='av-magazine-time updated'  itemprop=\"datePublished\" datetime=\"2025-11-25T15:21:10+01:00\" >25. November 2025<\/time><h3 class='av-magazine-title entry-title '  itemprop=\"headline\" ><a href='https:\/\/www.wallix.com\/de\/pressemitteilungen\/wallix-erweitert-ki-kompetenz-durch-uebernahme-von-malizen\/' title='Link zu: WALLIX erweitert KI-Kompetenz durch \u00dcbernahme von Malizen'>WALLIX erweitert KI-Kompetenz durch \u00dcbernahme von Malizen<\/a><\/h3><\/header><\/div><footer class=\"entry-footer\"><\/footer><\/article><article class='av-magazine-entry av-magazine-entry-id-79059 av-magazine-format-standard av-magazine-type-post av-magazine-entry-2 av-magazine-entry-small av-magazine-no-thumb'  itemscope=\"itemscope\" itemtype=\"https:\/\/schema.org\/BlogPosting\" itemprop=\"blogPost\" ><div class=\"av-magazine-content-wrap\"><header class=\"entry-content-header\" aria-label=\"Post: Zum dritten Mal in Folge: Gartner\u00ae stuft WALLIX 2025 als \u201eVisionary\u201c im Magic Quadrant\u2122 f\u00fcr PAM ein\"><time class='av-magazine-time updated'  itemprop=\"datePublished\" datetime=\"2025-10-13T16:28:19+01:00\" >13. Oktober 2025<\/time><h3 class='av-magazine-title entry-title '  itemprop=\"headline\" ><a href='https:\/\/www.wallix.com\/de\/pressemitteilungen\/zum-dritten-mal-in-folge-gartner-stuft-wallix-2025-als-visionary-im-magic-quadrant-fuer-pam-ein\/' title='Link zu: Zum dritten Mal in Folge: Gartner\u00ae stuft WALLIX 2025 als \u201eVisionary\u201c im Magic Quadrant\u2122 f\u00fcr PAM ein'>Zum dritten Mal in Folge: Gartner\u00ae stuft WALLIX 2025 als \u201eVisionary\u201c im Magic Quadrant\u2122 f\u00fcr PAM ein<\/a><\/h3><\/header><\/div><footer class=\"entry-footer\"><\/footer><\/article><article class='av-magazine-entry av-magazine-entry-id-78824 av-magazine-format-standard av-magazine-type-post av-magazine-entry-3 av-magazine-entry-small av-magazine-no-thumb'  itemscope=\"itemscope\" itemtype=\"https:\/\/schema.org\/BlogPosting\" itemprop=\"blogPost\" ><div class=\"av-magazine-content-wrap\"><header class=\"entry-content-header\" aria-label=\"Post: Doppelzertifizierung: WALLIX st\u00e4rkt seine Rolle als europ\u00e4ischer Cybersecurity-Partner\"><time class='av-magazine-time updated'  itemprop=\"datePublished\" datetime=\"2025-10-07T13:22:16+01:00\" >7. Oktober 2025<\/time><h3 class='av-magazine-title entry-title '  itemprop=\"headline\" ><a href='https:\/\/www.wallix.com\/de\/pressemitteilungen\/doppelzertifizierung-wallix-staerkt-seine-rolle-als-europaeischer-cybersecurity-partner\/' title='Link zu: Doppelzertifizierung: WALLIX st\u00e4rkt seine Rolle als europ\u00e4ischer Cybersecurity-Partner'>Doppelzertifizierung: WALLIX st\u00e4rkt seine Rolle als europ\u00e4ischer Cybersecurity-Partner<\/a><\/h3><\/header><\/div><footer class=\"entry-footer\"><\/footer><\/article><article class='av-magazine-entry av-magazine-entry-id-78098 av-magazine-format-standard av-magazine-type-post av-magazine-entry-4 av-magazine-entry-small av-magazine-no-thumb'  itemscope=\"itemscope\" itemtype=\"https:\/\/schema.org\/BlogPosting\" itemprop=\"blogPost\" ><div class=\"av-magazine-content-wrap\"><header class=\"entry-content-header\" aria-label=\"Post: Cybersecurity-Boost f\u00fcr den Mittelstand\"><time class='av-magazine-time updated'  itemprop=\"datePublished\" datetime=\"2025-09-15T14:42:06+01:00\" >15. September 2025<\/time><h3 class='av-magazine-title entry-title '  itemprop=\"headline\" ><a href='https:\/\/www.wallix.com\/de\/pressemitteilungen\/cybersecurity-boost-fuer-den-mittelstand\/' title='Link zu: Cybersecurity-Boost f\u00fcr den Mittelstand'>Cybersecurity-Boost f\u00fcr den Mittelstand<\/a><\/h3><\/header><\/div><footer class=\"entry-footer\"><\/footer><\/article><article class='av-magazine-entry av-magazine-entry-id-74097 av-magazine-format-standard av-magazine-type-post av-magazine-entry-5 av-magazine-entry-small av-magazine-no-thumb'  itemscope=\"itemscope\" itemtype=\"https:\/\/schema.org\/BlogPosting\" itemprop=\"blogPost\" ><div class=\"av-magazine-content-wrap\"><header class=\"entry-content-header\" aria-label=\"Post: Cyberschutz f\u00fcr Europas Kliniken: WALLIX \u00fcbernimmt Verantwortung\"><time class='av-magazine-time updated'  itemprop=\"datePublished\" datetime=\"2025-06-30T11:30:14+01:00\" >30. Juni 2025<\/time><h3 class='av-magazine-title entry-title '  itemprop=\"headline\" ><a href='https:\/\/www.wallix.com\/de\/pressemitteilungen\/cyberschutz-fuer-europas-kliniken-wallix-uebernimmt-verantwortung\/' title='Link zu: Cyberschutz f\u00fcr Europas Kliniken: WALLIX \u00fcbernimmt Verantwortung'>Cyberschutz f\u00fcr Europas Kliniken: WALLIX \u00fcbernimmt Verantwortung<\/a><\/h3><\/header><\/div><footer class=\"entry-footer\"><\/footer><\/article><\/div><\/div><br \/>\n\n<style type=\"text\/css\" data-created_by=\"avia_inline_auto\" id=\"style-css-av-1tztkhg-68ac8a583087309e1b7790afd9251224\">\n#top .av-special-heading.av-1tztkhg-68ac8a583087309e1b7790afd9251224{\npadding-bottom:10px;\n}\nbody .av-special-heading.av-1tztkhg-68ac8a583087309e1b7790afd9251224 .av-special-heading-tag .heading-char{\nfont-size:25px;\n}\n.av-special-heading.av-1tztkhg-68ac8a583087309e1b7790afd9251224 .av-subheading{\nfont-size:15px;\n}\n<\/style>\n<div  class='av-special-heading av-1tztkhg-68ac8a583087309e1b7790afd9251224 av-special-heading-h3 blockquote modern-quote  avia-builder-el-16  el_after_av_magazine  el_before_av_hr '><h3 class='av-special-heading-tag '  itemprop=\"headline\"  >PRESSEMITTEILUNGEN<\/h3><div class='av-subheading av-subheading_below'><p>2024<\/p>\n<\/div><div class=\"special-heading-border\"><div class=\"special-heading-inner-border\"><\/div><\/div><\/div><br \/>\n\n<style type=\"text\/css\" data-created_by=\"avia_inline_auto\" id=\"style-css-av-10qubzo-21fbd5edd5ec18b21702adddb06b9f23\">\n#top .hr.hr-invisible.av-10qubzo-21fbd5edd5ec18b21702adddb06b9f23{\nheight:10px;\n}\n<\/style>\n<div  class='hr av-10qubzo-21fbd5edd5ec18b21702adddb06b9f23 hr-invisible  avia-builder-el-17  el_after_av_heading  el_before_av_magazine '><span class='hr-inner '><span class=\"hr-inner-style\"><\/span><\/span><\/div><br \/>\n<div  id=\"avia-magazine-3\"  class='av-magazine av-i72jw4-7d0c1e151e63ffcb371569436e0fb7cc  avia-builder-el-18  el_after_av_hr  el_before_av_heading   avia-builder-el-18  el_after_av_hr  el_before_av_heading ' ><div class='av-magazine-group sort_all'><article class='av-magazine-entry av-magazine-entry-id-64079 av-magazine-format-standard av-magazine-type-post av-magazine-entry-1 av-magazine-entry-small av-magazine-no-thumb'  itemscope=\"itemscope\" itemtype=\"https:\/\/schema.org\/BlogPosting\" itemprop=\"blogPost\" ><div class=\"av-magazine-content-wrap\"><header class=\"entry-content-header\" aria-label=\"Post: WALLIX als f\u00fchrendes Unternehmen im Bereich PAM best\u00e4tigt \u2013 mit besonderem Fokus auf die Sicherung von Industrieumgebungen\"><time class='av-magazine-time updated'  itemprop=\"datePublished\" datetime=\"2024-10-07T16:13:03+01:00\" >7. Oktober 2024<\/time><h3 class='av-magazine-title entry-title '  itemprop=\"headline\" ><a href='https:\/\/www.wallix.com\/de\/pressemitteilungen\/2024-de\/wallix-als-fuehrendes-unternehmen-im-bereich-pam-bestaetigt-mit-besonderem-fokus-auf-die-sicherung-von-industrieumgebungen\/' title='Link zu: WALLIX als f\u00fchrendes Unternehmen im Bereich PAM best\u00e4tigt \u2013 mit besonderem Fokus auf die Sicherung von Industrieumgebungen'>WALLIX als f\u00fchrendes Unternehmen im Bereich PAM best\u00e4tigt \u2013 mit besonderem Fokus auf die Sicherung von Industrieumgebungen<\/a><\/h3><\/header><\/div><footer class=\"entry-footer\"><\/footer><\/article><article class='av-magazine-entry av-magazine-entry-id-63628 av-magazine-format-standard av-magazine-type-post av-magazine-entry-2 av-magazine-entry-small av-magazine-no-thumb'  itemscope=\"itemscope\" itemtype=\"https:\/\/schema.org\/BlogPosting\" itemprop=\"blogPost\" ><div class=\"av-magazine-content-wrap\"><header class=\"entry-content-header\" aria-label=\"Post: WALLIX &amp; Telenor k\u00fcndigen strategische Partnerschaft an, um die Sicherheit von Fernzug\u00e4ngen in der Industrie zu verbessern\"><time class='av-magazine-time updated'  itemprop=\"datePublished\" datetime=\"2024-10-04T09:43:57+01:00\" >4. Oktober 2024<\/time><h3 class='av-magazine-title entry-title '  itemprop=\"headline\" ><a href='https:\/\/www.wallix.com\/de\/pressemitteilungen\/2024-de\/wallix-telenor-kuendigen-strategische-partnerschaft-an-um-die-sicherheit-von-fernzugaengen-in-der-industrie-zu-verbessern\/' title='Link zu: WALLIX &amp; Telenor k\u00fcndigen strategische Partnerschaft an, um die Sicherheit von Fernzug\u00e4ngen in der Industrie zu verbessern'>WALLIX &amp; Telenor k\u00fcndigen strategische Partnerschaft an, um die Sicherheit von Fernzug\u00e4ngen in der Industrie zu verbessern<\/a><\/h3><\/header><\/div><footer class=\"entry-footer\"><\/footer><\/article><article class='av-magazine-entry av-magazine-entry-id-60192 av-magazine-format-standard av-magazine-type-post av-magazine-entry-3 av-magazine-entry-small av-magazine-no-thumb'  itemscope=\"itemscope\" itemtype=\"https:\/\/schema.org\/BlogPosting\" itemprop=\"blogPost\" ><div class=\"av-magazine-content-wrap\"><header class=\"entry-content-header\" aria-label=\"Post: WALLIX verst\u00e4rkt seine Zusammenarbeit mit Cisco f\u00fcr eine effiziente Sicherheit industrieller Netzwerke\"><time class='av-magazine-time updated'  itemprop=\"datePublished\" datetime=\"2024-06-27T14:46:13+01:00\" >27. Juni 2024<\/time><h3 class='av-magazine-title entry-title '  itemprop=\"headline\" ><a href='https:\/\/www.wallix.com\/de\/pressemitteilungen\/2024-de\/wallix-verstaerkt-seine-zusammenarbeit-mit-cisco-fuer-eine-effiziente-sicherheit-industrieller-netzwerke\/' title='Link zu: WALLIX verst\u00e4rkt seine Zusammenarbeit mit Cisco f\u00fcr eine effiziente Sicherheit industrieller Netzwerke'>WALLIX verst\u00e4rkt seine Zusammenarbeit mit Cisco f\u00fcr eine effiziente Sicherheit industrieller Netzwerke<\/a><\/h3><\/header><\/div><footer class=\"entry-footer\"><\/footer><\/article><\/div><\/div><br \/>\n\n<style type=\"text\/css\" data-created_by=\"avia_inline_auto\" id=\"style-css-av-lqw7bdqm-eca25cfc8a8bb5000edd29a0199174e2\">\n#top .av-special-heading.av-lqw7bdqm-eca25cfc8a8bb5000edd29a0199174e2{\npadding-bottom:10px;\n}\nbody .av-special-heading.av-lqw7bdqm-eca25cfc8a8bb5000edd29a0199174e2 .av-special-heading-tag .heading-char{\nfont-size:25px;\n}\n.av-special-heading.av-lqw7bdqm-eca25cfc8a8bb5000edd29a0199174e2 .av-subheading{\nfont-size:15px;\n}\n<\/style>\n<div  class='av-special-heading av-lqw7bdqm-eca25cfc8a8bb5000edd29a0199174e2 av-special-heading-h3 blockquote modern-quote  avia-builder-el-19  el_after_av_magazine  el_before_av_hr '><h3 class='av-special-heading-tag '  itemprop=\"headline\"  >PRESSEMITTEILUNGEN<\/h3><div class='av-subheading av-subheading_below'><p>2023<\/p>\n<\/div><div class=\"special-heading-border\"><div class=\"special-heading-inner-border\"><\/div><\/div><\/div><br \/>\n\n<style type=\"text\/css\" data-created_by=\"avia_inline_auto\" id=\"style-css-av-1bp7jqp-0b23b7e8e042e7bf890333895bcb0cd3\">\n#top .hr.hr-invisible.av-1bp7jqp-0b23b7e8e042e7bf890333895bcb0cd3{\nheight:30px;\n}\n<\/style>\n<div  class='hr av-1bp7jqp-0b23b7e8e042e7bf890333895bcb0cd3 hr-invisible  avia-builder-el-20  el_after_av_heading  el_before_av_magazine '><span class='hr-inner '><span class=\"hr-inner-style\"><\/span><\/span><\/div><br \/>\n<div  id=\"avia-magazine-4\"  class='av-magazine av-lqw7d7z6-830c007f77315e60bb3962a94214d195  avia-builder-el-21  el_after_av_hr  avia-builder-el-last   avia-builder-el-21  el_after_av_hr  avia-builder-el-last ' ><div class='av-magazine-group sort_all'><article class='av-magazine-entry av-magazine-entry-id-44326 av-magazine-format-standard av-magazine-type-post av-magazine-entry-1 av-magazine-entry-small av-magazine-no-thumb'  itemscope=\"itemscope\" itemtype=\"https:\/\/schema.org\/BlogPosting\" itemprop=\"blogPost\" ><div class=\"av-magazine-content-wrap\"><header class=\"entry-content-header\" aria-label=\"Post: We Edu: WALLIX integriert Cybersicherheits-Zertifikatsausbildung in Hochschulstudium des Instituts Universitaires Technologiques (IUT)\"><time class='av-magazine-time updated'  itemprop=\"datePublished\" datetime=\"2023-09-21T14:48:10+01:00\" >21. September 2023<\/time><h3 class='av-magazine-title entry-title '  itemprop=\"headline\" ><a href='https:\/\/www.wallix.com\/de\/pressemitteilungen\/2023-de\/we-edu-wallix-integriert-cybersicherheits-zertifikatsausbildung-in-hochschulstudium-des-instituts-universitaires-technologiques-iut\/' title='Link zu: We Edu: WALLIX integriert Cybersicherheits-Zertifikatsausbildung in Hochschulstudium des Instituts Universitaires Technologiques (IUT)'>We Edu: WALLIX integriert Cybersicherheits-Zertifikatsausbildung in Hochschulstudium des Instituts Universitaires Technologiques (IUT)<\/a><\/h3><\/header><\/div><footer class=\"entry-footer\"><\/footer><\/article><article class='av-magazine-entry av-magazine-entry-id-44333 av-magazine-format-standard av-magazine-type-post av-magazine-entry-2 av-magazine-entry-small av-magazine-no-thumb'  itemscope=\"itemscope\" itemtype=\"https:\/\/schema.org\/BlogPosting\" itemprop=\"blogPost\" ><div class=\"av-magazine-content-wrap\"><header class=\"entry-content-header\" aria-label=\"Post: WALLIX tritt dem &quot;Demo Center OT&quot; von Orange Cyberdefense in Frankreich bei\"><time class='av-magazine-time updated'  itemprop=\"datePublished\" datetime=\"2023-07-04T14:52:14+01:00\" >4. Juli 2023<\/time><h3 class='av-magazine-title entry-title '  itemprop=\"headline\" ><a href='https:\/\/www.wallix.com\/de\/pressemitteilungen\/2023-de\/wallix-tritt-dem-demo-center-ot-von-orange-cyberdefense-in-frankreich-bei\/' title='Link zu: WALLIX tritt dem &#8222;Demo Center OT&#8220; von Orange Cyberdefense in Frankreich bei'>WALLIX tritt dem &#8222;Demo Center OT&#8220; von Orange Cyberdefense in Frankreich bei<\/a><\/h3><\/header><\/div><footer class=\"entry-footer\"><\/footer><\/article><article class='av-magazine-entry av-magazine-entry-id-44337 av-magazine-format-standard av-magazine-type-post av-magazine-entry-3 av-magazine-entry-small av-magazine-no-thumb'  itemscope=\"itemscope\" itemtype=\"https:\/\/schema.org\/BlogPosting\" itemprop=\"blogPost\" ><div class=\"av-magazine-content-wrap\"><header class=\"entry-content-header\" aria-label=\"Post: WALLIX gr\u00fcndet Expertenausschuss f\u00fcr eine engere Strategieanpassung an die Bed\u00fcrfnisse des Marktes\"><time class='av-magazine-time updated'  itemprop=\"datePublished\" datetime=\"2023-06-27T14:54:05+01:00\" >27. Juni 2023<\/time><h3 class='av-magazine-title entry-title '  itemprop=\"headline\" ><a href='https:\/\/www.wallix.com\/de\/pressemitteilungen\/2023-de\/wallix-gruendet-expertenausschuss-fuer-eine-engere-strategieanpassung-an-die-beduerfnisse-des-marktes\/' title='Link zu: WALLIX gr\u00fcndet Expertenausschuss f\u00fcr eine engere Strategieanpassung an die Bed\u00fcrfnisse des Marktes'>WALLIX gr\u00fcndet Expertenausschuss f\u00fcr eine engere Strategieanpassung an die Bed\u00fcrfnisse des Marktes<\/a><\/h3><\/header><\/div><footer class=\"entry-footer\"><\/footer><\/article><article class='av-magazine-entry av-magazine-entry-id-44341 av-magazine-format-standard av-magazine-type-post av-magazine-entry-4 av-magazine-entry-small av-magazine-no-thumb'  itemscope=\"itemscope\" itemtype=\"https:\/\/schema.org\/BlogPosting\" itemprop=\"blogPost\" ><div class=\"av-magazine-content-wrap\"><header class=\"entry-content-header\" aria-label=\"Post: Cris R\u00e9seaux vertreibt WALLIX One IDaaS: Mehr Zugang zu SaaS-Identit\u00e4ts-Management und Digital Access Management f\u00fcr KMUs\"><time class='av-magazine-time updated'  itemprop=\"datePublished\" datetime=\"2023-06-20T14:55:51+01:00\" >20. Juni 2023<\/time><h3 class='av-magazine-title entry-title '  itemprop=\"headline\" ><a href='https:\/\/www.wallix.com\/de\/pressemitteilungen\/2023-de\/cris-reseaux-vertreibt-wallix-idaas-mehr-zugang-zu-saas-identitaets-management-und-digital-access-management-fuer-kmus\/' title='Link zu: Cris R\u00e9seaux vertreibt WALLIX One IDaaS: Mehr Zugang zu SaaS-Identit\u00e4ts-Management und Digital Access Management f\u00fcr KMUs'>Cris R\u00e9seaux vertreibt WALLIX One IDaaS: Mehr Zugang zu SaaS-Identit\u00e4ts-Management und Digital Access Management f\u00fcr KMUs<\/a><\/h3><\/header><\/div><footer class=\"entry-footer\"><\/footer><\/article><article class='av-magazine-entry av-magazine-entry-id-44345 av-magazine-format-standard av-magazine-type-post av-magazine-entry-5 av-magazine-entry-small av-magazine-no-thumb'  itemscope=\"itemscope\" itemtype=\"https:\/\/schema.org\/BlogPosting\" itemprop=\"blogPost\" ><div class=\"av-magazine-content-wrap\"><header class=\"entry-content-header\" aria-label=\"Post: WaaSA: Neues Cybersicherheitsangebot zur einfachen Zugangsverwaltung\"><time class='av-magazine-time updated'  itemprop=\"datePublished\" datetime=\"2023-05-25T14:57:20+01:00\" >25. Mai 2023<\/time><h3 class='av-magazine-title entry-title '  itemprop=\"headline\" ><a href='https:\/\/www.wallix.com\/de\/pressemitteilungen\/2023-de\/waasa-neues-cybersicherheitsangebot-zur-einfachen-zugangsverwaltung\/' title='Link zu: WaaSA: Neues Cybersicherheitsangebot zur einfachen Zugangsverwaltung'>WaaSA: Neues Cybersicherheitsangebot zur einfachen Zugangsverwaltung<\/a><\/h3><\/header><\/div><footer class=\"entry-footer\"><\/footer><\/article><\/div><\/div><\/p><\/div><\/p>\n","protected":false},"excerpt":{"rendered":"","protected":false},"author":3,"featured_media":29336,"comment_status":"closed","ping_status":"closed","sticky":false,"template":"","format":"standard","meta":{"_acf_changed":false,"content-type":"","inline_featured_image":false,"footnotes":""},"categories":[2571,2172],"tags":[],"class_list":["post-88001","post","type-post","status-publish","format-standard","has-post-thumbnail","hentry","category-2571","category-pressemitteilungen"],"acf":[],"yoast_head":"<!-- This site is optimized with the Yoast SEO plugin v27.5 - https:\/\/yoast.com\/product\/yoast-seo-wordpress\/ -->\n<title>WALLIX baut Deutschlandgesch\u00e4ft aus und tritt Cybersecurity-Konsortien bei - WALLIX<\/title>\n<meta name=\"description\" content=\"WALLIX tritt dem deutschen IT-Sicherheitsverband TeleTrusT bei und beteiligt sich an der Allianz f\u00fcr Cyber-Sicherheit (ACS), einer Initiative des Bundesamts f\u00fcr Sicherheit in der Informationstechnik (BSI) und des Digitalverbands Bitkom.\" \/>\n<meta name=\"robots\" content=\"index, follow, max-snippet:-1, max-image-preview:large, max-video-preview:-1\" \/>\n<link rel=\"canonical\" href=\"https:\/\/www.wallix.com\/de\/pressemitteilungen\/wallix-baut-deutschlandgeschaeft-aus-und-tritt-cybersecurity-konsortien-bei\/\" \/>\n<meta property=\"og:locale\" content=\"de_DE\" \/>\n<meta property=\"og:type\" content=\"article\" \/>\n<meta property=\"og:title\" content=\"WALLIX baut Deutschlandgesch\u00e4ft aus und tritt Cybersecurity-Konsortien bei - WALLIX\" \/>\n<meta property=\"og:description\" content=\"WALLIX tritt dem deutschen IT-Sicherheitsverband TeleTrusT bei und beteiligt sich an der Allianz f\u00fcr Cyber-Sicherheit (ACS), einer Initiative des Bundesamts f\u00fcr Sicherheit in der Informationstechnik (BSI) und des Digitalverbands Bitkom.\" \/>\n<meta property=\"og:url\" content=\"https:\/\/www.wallix.com\/de\/pressemitteilungen\/wallix-baut-deutschlandgeschaeft-aus-und-tritt-cybersecurity-konsortien-bei\/\" \/>\n<meta property=\"og:site_name\" content=\"WALLIX\" \/>\n<meta property=\"article:published_time\" content=\"2026-04-23T09:49:58+00:00\" \/>\n<meta property=\"article:modified_time\" content=\"2026-04-23T10:19:46+00:00\" \/>\n<meta property=\"og:image\" content=\"https:\/\/www.wallix.com\/wp-content\/uploads\/2022\/12\/AdobeStock_429258682-copie-scaled.jpg\" \/>\n\t<meta property=\"og:image:width\" content=\"2560\" \/>\n\t<meta property=\"og:image:height\" content=\"1097\" \/>\n\t<meta property=\"og:image:type\" content=\"image\/jpeg\" \/>\n<meta name=\"author\" content=\"WALLIX\" \/>\n<meta name=\"twitter:card\" content=\"summary_large_image\" \/>\n<meta name=\"twitter:creator\" content=\"@wallixcom\" \/>\n<meta name=\"twitter:site\" content=\"@wallixcom\" \/>\n<meta name=\"twitter:label1\" content=\"Verfasst von\" \/>\n\t<meta name=\"twitter:data1\" content=\"WALLIX\" \/>\n\t<meta name=\"twitter:label2\" content=\"Gesch\u00e4tzte Lesezeit\" \/>\n\t<meta name=\"twitter:data2\" content=\"4\u00a0Minuten\" \/>\n<script type=\"application\/ld+json\" class=\"yoast-schema-graph\">{\"@context\":\"https:\\\/\\\/schema.org\",\"@graph\":[{\"@type\":\"Article\",\"@id\":\"https:\\\/\\\/www.wallix.com\\\/de\\\/pressemitteilungen\\\/wallix-baut-deutschlandgeschaeft-aus-und-tritt-cybersecurity-konsortien-bei\\\/#article\",\"isPartOf\":{\"@id\":\"https:\\\/\\\/www.wallix.com\\\/de\\\/pressemitteilungen\\\/wallix-baut-deutschlandgeschaeft-aus-und-tritt-cybersecurity-konsortien-bei\\\/\"},\"author\":{\"name\":\"WALLIX\",\"@id\":\"https:\\\/\\\/www.wallix.com\\\/de\\\/#\\\/schema\\\/person\\\/8b1daa830716a62cdf5631aa0e211abd\"},\"headline\":\"WALLIX baut Deutschlandgesch\u00e4ft aus und tritt Cybersecurity-Konsortien bei\",\"datePublished\":\"2026-04-23T09:49:58+00:00\",\"dateModified\":\"2026-04-23T10:19:46+00:00\",\"mainEntityOfPage\":{\"@id\":\"https:\\\/\\\/www.wallix.com\\\/de\\\/pressemitteilungen\\\/wallix-baut-deutschlandgeschaeft-aus-und-tritt-cybersecurity-konsortien-bei\\\/\"},\"wordCount\":3180,\"publisher\":{\"@id\":\"https:\\\/\\\/www.wallix.com\\\/de\\\/#organization\"},\"image\":{\"@id\":\"https:\\\/\\\/www.wallix.com\\\/de\\\/pressemitteilungen\\\/wallix-baut-deutschlandgeschaeft-aus-und-tritt-cybersecurity-konsortien-bei\\\/#primaryimage\"},\"thumbnailUrl\":\"https:\\\/\\\/www.wallix.com\\\/wp-content\\\/uploads\\\/2022\\\/12\\\/AdobeStock_429258682-copie-scaled.jpg\",\"articleSection\":[\"2026\",\"PRESSEMITTEILUNGEN\"],\"inLanguage\":\"de\"},{\"@type\":\"WebPage\",\"@id\":\"https:\\\/\\\/www.wallix.com\\\/de\\\/pressemitteilungen\\\/wallix-baut-deutschlandgeschaeft-aus-und-tritt-cybersecurity-konsortien-bei\\\/\",\"url\":\"https:\\\/\\\/www.wallix.com\\\/de\\\/pressemitteilungen\\\/wallix-baut-deutschlandgeschaeft-aus-und-tritt-cybersecurity-konsortien-bei\\\/\",\"name\":\"WALLIX baut Deutschlandgesch\u00e4ft aus und tritt Cybersecurity-Konsortien bei - WALLIX\",\"isPartOf\":{\"@id\":\"https:\\\/\\\/www.wallix.com\\\/de\\\/#website\"},\"primaryImageOfPage\":{\"@id\":\"https:\\\/\\\/www.wallix.com\\\/de\\\/pressemitteilungen\\\/wallix-baut-deutschlandgeschaeft-aus-und-tritt-cybersecurity-konsortien-bei\\\/#primaryimage\"},\"image\":{\"@id\":\"https:\\\/\\\/www.wallix.com\\\/de\\\/pressemitteilungen\\\/wallix-baut-deutschlandgeschaeft-aus-und-tritt-cybersecurity-konsortien-bei\\\/#primaryimage\"},\"thumbnailUrl\":\"https:\\\/\\\/www.wallix.com\\\/wp-content\\\/uploads\\\/2022\\\/12\\\/AdobeStock_429258682-copie-scaled.jpg\",\"datePublished\":\"2026-04-23T09:49:58+00:00\",\"dateModified\":\"2026-04-23T10:19:46+00:00\",\"description\":\"WALLIX tritt dem deutschen IT-Sicherheitsverband TeleTrusT bei und beteiligt sich an der Allianz f\u00fcr Cyber-Sicherheit (ACS), einer Initiative des Bundesamts f\u00fcr Sicherheit in der Informationstechnik (BSI) und des Digitalverbands Bitkom.\",\"inLanguage\":\"de\",\"potentialAction\":[{\"@type\":\"ReadAction\",\"target\":[\"https:\\\/\\\/www.wallix.com\\\/de\\\/pressemitteilungen\\\/wallix-baut-deutschlandgeschaeft-aus-und-tritt-cybersecurity-konsortien-bei\\\/\"]}]},{\"@type\":\"ImageObject\",\"inLanguage\":\"de\",\"@id\":\"https:\\\/\\\/www.wallix.com\\\/de\\\/pressemitteilungen\\\/wallix-baut-deutschlandgeschaeft-aus-und-tritt-cybersecurity-konsortien-bei\\\/#primaryimage\",\"url\":\"https:\\\/\\\/www.wallix.com\\\/wp-content\\\/uploads\\\/2022\\\/12\\\/AdobeStock_429258682-copie-scaled.jpg\",\"contentUrl\":\"https:\\\/\\\/www.wallix.com\\\/wp-content\\\/uploads\\\/2022\\\/12\\\/AdobeStock_429258682-copie-scaled.jpg\",\"width\":2560,\"height\":1097,\"caption\":\"Illustration of digital security, emphasizing the importance of safeguarding sensitive data in a connected world.\"},{\"@type\":\"WebSite\",\"@id\":\"https:\\\/\\\/www.wallix.com\\\/de\\\/#website\",\"url\":\"https:\\\/\\\/www.wallix.com\\\/de\\\/\",\"name\":\"WALLIX\",\"description\":\"CYBERSECURITY SIMPLIFIED\",\"publisher\":{\"@id\":\"https:\\\/\\\/www.wallix.com\\\/de\\\/#organization\"},\"potentialAction\":[{\"@type\":\"SearchAction\",\"target\":{\"@type\":\"EntryPoint\",\"urlTemplate\":\"https:\\\/\\\/www.wallix.com\\\/de\\\/?s={search_term_string}\"},\"query-input\":{\"@type\":\"PropertyValueSpecification\",\"valueRequired\":true,\"valueName\":\"search_term_string\"}}],\"inLanguage\":\"de\"},{\"@type\":\"Organization\",\"@id\":\"https:\\\/\\\/www.wallix.com\\\/de\\\/#organization\",\"name\":\"WALLIX\",\"url\":\"https:\\\/\\\/www.wallix.com\\\/de\\\/\",\"logo\":{\"@type\":\"ImageObject\",\"inLanguage\":\"de\",\"@id\":\"https:\\\/\\\/www.wallix.com\\\/de\\\/#\\\/schema\\\/logo\\\/image\\\/\",\"url\":\"https:\\\/\\\/www.wallix.com\\\/wp-content\\\/uploads\\\/2024\\\/03\\\/LOGO_WALLIX_2024_blackorange.png\",\"contentUrl\":\"https:\\\/\\\/www.wallix.com\\\/wp-content\\\/uploads\\\/2024\\\/03\\\/LOGO_WALLIX_2024_blackorange.png\",\"width\":3108,\"height\":827,\"caption\":\"WALLIX\"},\"image\":{\"@id\":\"https:\\\/\\\/www.wallix.com\\\/de\\\/#\\\/schema\\\/logo\\\/image\\\/\"},\"sameAs\":[\"https:\\\/\\\/x.com\\\/wallixcom\",\"https:\\\/\\\/www.linkedin.com\\\/company\\\/wallix\\\/\",\"https:\\\/\\\/www.youtube.com\\\/wallix\"]},{\"@type\":\"Person\",\"@id\":\"https:\\\/\\\/www.wallix.com\\\/de\\\/#\\\/schema\\\/person\\\/8b1daa830716a62cdf5631aa0e211abd\",\"name\":\"WALLIX\",\"image\":{\"@type\":\"ImageObject\",\"inLanguage\":\"de\",\"@id\":\"https:\\\/\\\/secure.gravatar.com\\\/avatar\\\/8bf1123a19c4364709de2f7c8c881ed5f2bb750cac73f782f39aea052e526546?s=96&d=mm&r=g\",\"url\":\"https:\\\/\\\/secure.gravatar.com\\\/avatar\\\/8bf1123a19c4364709de2f7c8c881ed5f2bb750cac73f782f39aea052e526546?s=96&d=mm&r=g\",\"contentUrl\":\"https:\\\/\\\/secure.gravatar.com\\\/avatar\\\/8bf1123a19c4364709de2f7c8c881ed5f2bb750cac73f782f39aea052e526546?s=96&d=mm&r=g\",\"caption\":\"WALLIX\"},\"url\":\"https:\\\/\\\/www.wallix.com\\\/de\\\/author\\\/alex\\\/\"}]}<\/script>\n<!-- \/ Yoast SEO plugin. -->","yoast_head_json":{"title":"WALLIX baut Deutschlandgesch\u00e4ft aus und tritt Cybersecurity-Konsortien bei - WALLIX","description":"WALLIX tritt dem deutschen IT-Sicherheitsverband TeleTrusT bei und beteiligt sich an der Allianz f\u00fcr Cyber-Sicherheit (ACS), einer Initiative des Bundesamts f\u00fcr Sicherheit in der Informationstechnik (BSI) und des Digitalverbands Bitkom.","robots":{"index":"index","follow":"follow","max-snippet":"max-snippet:-1","max-image-preview":"max-image-preview:large","max-video-preview":"max-video-preview:-1"},"canonical":"https:\/\/www.wallix.com\/de\/pressemitteilungen\/wallix-baut-deutschlandgeschaeft-aus-und-tritt-cybersecurity-konsortien-bei\/","og_locale":"de_DE","og_type":"article","og_title":"WALLIX baut Deutschlandgesch\u00e4ft aus und tritt Cybersecurity-Konsortien bei - WALLIX","og_description":"WALLIX tritt dem deutschen IT-Sicherheitsverband TeleTrusT bei und beteiligt sich an der Allianz f\u00fcr Cyber-Sicherheit (ACS), einer Initiative des Bundesamts f\u00fcr Sicherheit in der Informationstechnik (BSI) und des Digitalverbands Bitkom.","og_url":"https:\/\/www.wallix.com\/de\/pressemitteilungen\/wallix-baut-deutschlandgeschaeft-aus-und-tritt-cybersecurity-konsortien-bei\/","og_site_name":"WALLIX","article_published_time":"2026-04-23T09:49:58+00:00","article_modified_time":"2026-04-23T10:19:46+00:00","og_image":[{"width":2560,"height":1097,"url":"https:\/\/www.wallix.com\/wp-content\/uploads\/2022\/12\/AdobeStock_429258682-copie-scaled.jpg","type":"image\/jpeg"}],"author":"WALLIX","twitter_card":"summary_large_image","twitter_creator":"@wallixcom","twitter_site":"@wallixcom","twitter_misc":{"Verfasst von":"WALLIX","Gesch\u00e4tzte Lesezeit":"4\u00a0Minuten"},"schema":{"@context":"https:\/\/schema.org","@graph":[{"@type":"Article","@id":"https:\/\/www.wallix.com\/de\/pressemitteilungen\/wallix-baut-deutschlandgeschaeft-aus-und-tritt-cybersecurity-konsortien-bei\/#article","isPartOf":{"@id":"https:\/\/www.wallix.com\/de\/pressemitteilungen\/wallix-baut-deutschlandgeschaeft-aus-und-tritt-cybersecurity-konsortien-bei\/"},"author":{"name":"WALLIX","@id":"https:\/\/www.wallix.com\/de\/#\/schema\/person\/8b1daa830716a62cdf5631aa0e211abd"},"headline":"WALLIX baut Deutschlandgesch\u00e4ft aus und tritt Cybersecurity-Konsortien bei","datePublished":"2026-04-23T09:49:58+00:00","dateModified":"2026-04-23T10:19:46+00:00","mainEntityOfPage":{"@id":"https:\/\/www.wallix.com\/de\/pressemitteilungen\/wallix-baut-deutschlandgeschaeft-aus-und-tritt-cybersecurity-konsortien-bei\/"},"wordCount":3180,"publisher":{"@id":"https:\/\/www.wallix.com\/de\/#organization"},"image":{"@id":"https:\/\/www.wallix.com\/de\/pressemitteilungen\/wallix-baut-deutschlandgeschaeft-aus-und-tritt-cybersecurity-konsortien-bei\/#primaryimage"},"thumbnailUrl":"https:\/\/www.wallix.com\/wp-content\/uploads\/2022\/12\/AdobeStock_429258682-copie-scaled.jpg","articleSection":["2026","PRESSEMITTEILUNGEN"],"inLanguage":"de"},{"@type":"WebPage","@id":"https:\/\/www.wallix.com\/de\/pressemitteilungen\/wallix-baut-deutschlandgeschaeft-aus-und-tritt-cybersecurity-konsortien-bei\/","url":"https:\/\/www.wallix.com\/de\/pressemitteilungen\/wallix-baut-deutschlandgeschaeft-aus-und-tritt-cybersecurity-konsortien-bei\/","name":"WALLIX baut Deutschlandgesch\u00e4ft aus und tritt Cybersecurity-Konsortien bei - WALLIX","isPartOf":{"@id":"https:\/\/www.wallix.com\/de\/#website"},"primaryImageOfPage":{"@id":"https:\/\/www.wallix.com\/de\/pressemitteilungen\/wallix-baut-deutschlandgeschaeft-aus-und-tritt-cybersecurity-konsortien-bei\/#primaryimage"},"image":{"@id":"https:\/\/www.wallix.com\/de\/pressemitteilungen\/wallix-baut-deutschlandgeschaeft-aus-und-tritt-cybersecurity-konsortien-bei\/#primaryimage"},"thumbnailUrl":"https:\/\/www.wallix.com\/wp-content\/uploads\/2022\/12\/AdobeStock_429258682-copie-scaled.jpg","datePublished":"2026-04-23T09:49:58+00:00","dateModified":"2026-04-23T10:19:46+00:00","description":"WALLIX tritt dem deutschen IT-Sicherheitsverband TeleTrusT bei und beteiligt sich an der Allianz f\u00fcr Cyber-Sicherheit (ACS), einer Initiative des Bundesamts f\u00fcr Sicherheit in der Informationstechnik (BSI) und des Digitalverbands Bitkom.","inLanguage":"de","potentialAction":[{"@type":"ReadAction","target":["https:\/\/www.wallix.com\/de\/pressemitteilungen\/wallix-baut-deutschlandgeschaeft-aus-und-tritt-cybersecurity-konsortien-bei\/"]}]},{"@type":"ImageObject","inLanguage":"de","@id":"https:\/\/www.wallix.com\/de\/pressemitteilungen\/wallix-baut-deutschlandgeschaeft-aus-und-tritt-cybersecurity-konsortien-bei\/#primaryimage","url":"https:\/\/www.wallix.com\/wp-content\/uploads\/2022\/12\/AdobeStock_429258682-copie-scaled.jpg","contentUrl":"https:\/\/www.wallix.com\/wp-content\/uploads\/2022\/12\/AdobeStock_429258682-copie-scaled.jpg","width":2560,"height":1097,"caption":"Illustration of digital security, emphasizing the importance of safeguarding sensitive data in a connected world."},{"@type":"WebSite","@id":"https:\/\/www.wallix.com\/de\/#website","url":"https:\/\/www.wallix.com\/de\/","name":"WALLIX","description":"CYBERSECURITY SIMPLIFIED","publisher":{"@id":"https:\/\/www.wallix.com\/de\/#organization"},"potentialAction":[{"@type":"SearchAction","target":{"@type":"EntryPoint","urlTemplate":"https:\/\/www.wallix.com\/de\/?s={search_term_string}"},"query-input":{"@type":"PropertyValueSpecification","valueRequired":true,"valueName":"search_term_string"}}],"inLanguage":"de"},{"@type":"Organization","@id":"https:\/\/www.wallix.com\/de\/#organization","name":"WALLIX","url":"https:\/\/www.wallix.com\/de\/","logo":{"@type":"ImageObject","inLanguage":"de","@id":"https:\/\/www.wallix.com\/de\/#\/schema\/logo\/image\/","url":"https:\/\/www.wallix.com\/wp-content\/uploads\/2024\/03\/LOGO_WALLIX_2024_blackorange.png","contentUrl":"https:\/\/www.wallix.com\/wp-content\/uploads\/2024\/03\/LOGO_WALLIX_2024_blackorange.png","width":3108,"height":827,"caption":"WALLIX"},"image":{"@id":"https:\/\/www.wallix.com\/de\/#\/schema\/logo\/image\/"},"sameAs":["https:\/\/x.com\/wallixcom","https:\/\/www.linkedin.com\/company\/wallix\/","https:\/\/www.youtube.com\/wallix"]},{"@type":"Person","@id":"https:\/\/www.wallix.com\/de\/#\/schema\/person\/8b1daa830716a62cdf5631aa0e211abd","name":"WALLIX","image":{"@type":"ImageObject","inLanguage":"de","@id":"https:\/\/secure.gravatar.com\/avatar\/8bf1123a19c4364709de2f7c8c881ed5f2bb750cac73f782f39aea052e526546?s=96&d=mm&r=g","url":"https:\/\/secure.gravatar.com\/avatar\/8bf1123a19c4364709de2f7c8c881ed5f2bb750cac73f782f39aea052e526546?s=96&d=mm&r=g","contentUrl":"https:\/\/secure.gravatar.com\/avatar\/8bf1123a19c4364709de2f7c8c881ed5f2bb750cac73f782f39aea052e526546?s=96&d=mm&r=g","caption":"WALLIX"},"url":"https:\/\/www.wallix.com\/de\/author\/alex\/"}]}},"_links":{"self":[{"href":"https:\/\/www.wallix.com\/de\/wp-json\/wp\/v2\/posts\/88001","targetHints":{"allow":["GET"]}}],"collection":[{"href":"https:\/\/www.wallix.com\/de\/wp-json\/wp\/v2\/posts"}],"about":[{"href":"https:\/\/www.wallix.com\/de\/wp-json\/wp\/v2\/types\/post"}],"author":[{"embeddable":true,"href":"https:\/\/www.wallix.com\/de\/wp-json\/wp\/v2\/users\/3"}],"replies":[{"embeddable":true,"href":"https:\/\/www.wallix.com\/de\/wp-json\/wp\/v2\/comments?post=88001"}],"version-history":[{"count":5,"href":"https:\/\/www.wallix.com\/de\/wp-json\/wp\/v2\/posts\/88001\/revisions"}],"predecessor-version":[{"id":88015,"href":"https:\/\/www.wallix.com\/de\/wp-json\/wp\/v2\/posts\/88001\/revisions\/88015"}],"wp:featuredmedia":[{"embeddable":true,"href":"https:\/\/www.wallix.com\/de\/wp-json\/wp\/v2\/media\/29336"}],"wp:attachment":[{"href":"https:\/\/www.wallix.com\/de\/wp-json\/wp\/v2\/media?parent=88001"}],"wp:term":[{"taxonomy":"category","embeddable":true,"href":"https:\/\/www.wallix.com\/de\/wp-json\/wp\/v2\/categories?post=88001"},{"taxonomy":"post_tag","embeddable":true,"href":"https:\/\/www.wallix.com\/de\/wp-json\/wp\/v2\/tags?post=88001"}],"curies":[{"name":"wp","href":"https:\/\/api.w.org\/{rel}","templated":true}]}}