{"id":74097,"date":"2025-06-30T11:30:14","date_gmt":"2025-06-30T10:30:14","guid":{"rendered":"https:\/\/www.wallix.com\/?p=74097"},"modified":"2025-06-30T11:57:44","modified_gmt":"2025-06-30T10:57:44","slug":"cyberschutz-fuer-europas-kliniken-wallix-uebernimmt-verantwortung","status":"publish","type":"post","link":"https:\/\/www.wallix.com\/de\/pressemitteilungen\/cyberschutz-fuer-europas-kliniken-wallix-uebernimmt-verantwortung\/","title":{"rendered":"Cyberschutz f\u00fcr Europas Kliniken: WALLIX \u00fcbernimmt Verantwortung"},"content":{"rendered":"<div id='full_slider_1'  class='avia-fullwidth-slider main_color avia-shadow   avia-builder-el-0  el_before_av_two_third  avia-builder-el-first   container_wrap fullsize'  ><div  class='avia-slideshow av-lxvzfd0b-9a63373dc0a8641c803e2c5f8ff7576e avia-slideshow-featured av_slideshow_full avia-slide-slider av-slideshow-ui av-control-default av-slideshow-manual av-loop-once av-loop-manual-endless av-default-height-applied  image_no_stretch avia-slideshow-1' data-slideshow-options=\"{&quot;animation&quot;:&quot;slide&quot;,&quot;autoplay&quot;:false,&quot;loop_autoplay&quot;:&quot;once&quot;,&quot;interval&quot;:5,&quot;loop_manual&quot;:&quot;manual-endless&quot;,&quot;autoplay_stopper&quot;:false,&quot;noNavigation&quot;:false,&quot;bg_slider&quot;:false,&quot;keep_padding&quot;:false,&quot;hoverpause&quot;:false,&quot;show_slide_delay&quot;:0}\"  itemprop=\"image\" itemscope=\"itemscope\" itemtype=\"https:\/\/schema.org\/ImageObject\" ><ul class='avia-slideshow-inner ' style='padding-bottom: 28.666666666667%;'><li  class='avia-slideshow-slide av-lxvzfd0b-9a63373dc0a8641c803e2c5f8ff7576e__0  av-single-slide slide-1 slide-odd'><div data-rel='slideshow-1' class='avia-slide-wrap '   ><div class='av-slideshow-caption av-lxvzfd0b-9a63373dc0a8641c803e2c5f8ff7576e__0 caption_fullwidth caption_bottom caption_bottom_framed caption_framed'><div class=\"container caption_container\"><div class=\"slideshow_caption\"><div class=\"slideshow_inner_caption\"><div class=\"slideshow_align_caption\"><h2 class='avia-caption-title '  itemprop=\"name\" >Cyberschutz f\u00fcr Europas Kliniken: WALLIX \u00fcbernimmt Verantwortung<\/h2><\/div><\/div><\/div><\/div><\/div><img decoding=\"async\" fetchpriority=\"high\" class=\"wp-image-29336 avia-img-lazy-loading-not-29336\"  src=\"https:\/\/www.wallix.com\/wp-content\/uploads\/2022\/12\/AdobeStock_429258682-copie-1500x430.jpg\" width=\"1500\" height=\"430\" title='Abstract Wave line 035' alt='network flow'  itemprop=\"thumbnailUrl\"   \/><div class='av-section-color-overlay' style='opacity: 1; background-image: url(https:\/\/www.wallix.com\/wp-content\/uploads\/2022\/12\/AdobeStock_429258682-copie-1500x630.jpg); background-repeat: repeat;'><\/div><\/div><\/li><\/ul><\/div><\/div><div id='after_full_slider_1'  class='main_color av_default_container_wrap container_wrap fullsize'  ><div class='container av-section-cont-open' ><div class='template-page content  av-content-full alpha units'><div class='post-entry post-entry-type-page post-entry-74097'><div class='entry-content-wrapper clearfix'>\n<div  class='flex_column av-30sisdt-ce9452e9bfed6ed782011b09a852dd07 av_two_third  avia-builder-el-1  el_after_av_slideshow_full  el_before_av_one_third  avia-builder-el-first  first flex_column_div  '     ><style type=\"text\/css\" data-created_by=\"avia_inline_auto\" id=\"style-css-av-lqw7frew-b01ad6ea78e11a891763471f10299e7c\">\n#top .av_textblock_section.av-lqw7frew-b01ad6ea78e11a891763471f10299e7c .avia_textblock{\nfont-size:14px;\n}\n<\/style>\n<section  class='av_textblock_section av-lqw7frew-b01ad6ea78e11a891763471f10299e7c '   itemscope=\"itemscope\" itemtype=\"https:\/\/schema.org\/BlogPosting\" itemprop=\"blogPost\" ><div class='avia_textblock'  itemprop=\"text\" ><p style=\"text-align: justify;\"><strong>Paris, 26. Juni 2025 \u2013 <\/strong>Der europ\u00e4ische Cybersicherheitsanbieter WALLIX (Euronext: ALLIX) ist auf Identity &amp; Access Management (IAM) spezialisiert und z\u00e4hlt zu den f\u00fchrenden Anbietern im Bereich Privileged Access Management (PAM). Mit seinen L\u00f6sungen erm\u00f6glicht das franz\u00f6sische Unternehmen eine sichere, nachvollziehbare und souver\u00e4ne Verwaltung digitaler Zugriffe \u2013 in IT- wie OT-Umgebungen.<\/p>\n<p style=\"text-align: justify;\">Gerade im Gesundheitswesen, das zunehmend ins Visier von Cyberangriffen ger\u00e4t, suchen viele Einrichtungen nach Wegen, digitale Zug\u00e4nge besser zu kontrollieren, externe Dienstleister sicher anzubinden und sensible Patientendaten zu sch\u00fctzen. Aktuelle Projekte in mehreren europ\u00e4ischen L\u00e4ndern zeigen, wie WALLIX diesen Herausforderungen begegnet \u2013 und damit seine Position als f\u00fchrender Anbieter f\u00fcr Zugriffs- und Identit\u00e4tssicherheit im europ\u00e4ischen Gesundheitssektor weiter ausbaut.<\/p>\n<h3 style=\"text-align: left;\">Kritische Infrastruktur im Fadenkreuz<\/h3>\n<p style=\"text-align: justify;\">Kaum ein Bereich ist aktuell st\u00e4rker von Cyberangriffen betroffen als der Gesundheitssektor. Kliniken und andere Einrichtungen verarbeiten gro\u00dfe Mengen hochsensibler Patientendaten \u2013 oft auf veralteten oder schwer \u00fcberschaubaren Systemlandschaften. In dieser Lage ist es unerl\u00e4sslich, digitale Identit\u00e4ten zuverl\u00e4ssig zu verwalten und Zugriffe konsequent abzusichern \u2013 nicht zuletzt im Hinblick auf gesetzliche Anforderungen wie NIS2, DSGVO oder nationale Vorgaben wie HDS.<\/p>\n<p style=\"text-align: justify;\">Hinzu kommt: Ambulante Versorgung, Telemedizin und vernetzte Medizinger\u00e4te sorgen f\u00fcr immer komplexere IT- und OT-Strukturen. Viele Systeme werden gemeinsam von \u00f6ffentlichen, privaten oder sogar grenz\u00fcberschreitenden Akteuren genutzt \u2013 die Zahl privilegierter Zug\u00e4nge w\u00e4chst, w\u00e4hrend zentrale Kontrollmechanismen oft fehlen. Der Mangel an IT-Sicherheitsexpert:innen, Schatten-IT und die schnelle Digitalisierung von Kliniksystemen wie Patientenakten oder Medizinger\u00e4ten versch\u00e4rfen die Lage zus\u00e4tzlich.<\/p>\n<h3 style=\"text-align: justify;\">Digitale Resilienz beginnt beim Zugang<\/h3>\n<p style=\"text-align: justify;\">In einem Umfeld, das rund um die Uhr funktionieren muss, ist die permanente Verf\u00fcgbarkeit von IT-Systemen entscheidend f\u00fcr die Qualit\u00e4t und Sicherheit der Versorgung. Genau hier setzt WALLIX an \u2013 mit einem klaren Fokus auf die Absicherung von Identit\u00e4ten und Zugriffsrechten als Grundpfeiler digitaler Resilienz im Gesundheitswesen.<\/p>\n<p style=\"text-align: justify;\">Mehrere europ\u00e4ische Einrichtungen haben in den vergangenen Monaten L\u00f6sungen von WALLIX eingef\u00fchrt \u2013 darunter:<\/p>\n<ul>\n<li>das belgische Institut f\u00fcr Pathologie und Genetik, das die Nachvollziehbarkeit externer Zugriffe verbessert hat,<\/li>\n<li>Einrichtungen des britischen National Health Service (NHS), wo \u00f6ffentliche Gesundheitssysteme besser abgesichert werden,<\/li>\n<li>die italienische Gesundheitsbeh\u00f6rde AUSL Reggio Emilia, die einen sicheren 24\/7-Zugriff auf ihr weit verzweigtes Kliniknetz gew\u00e4hrleistet,<\/li>\n<li>das Klinikum Wahrendorff in Deutschland, das privilegierte Zugriffe in einem besonders sensiblen Umfeld strukturiert hat,<\/li>\n<li>sowie die Gesundheitsbeh\u00f6rde Gibraltars, die auf Sicherheits- und Compliance-Anforderungen im grenz\u00fcberschreitenden Kontext reagiert hat.<\/li>\n<\/ul>\n<p style=\"text-align: justify;\">Diese Beispiele zeigen: Mit den passenden Werkzeugen lassen sich Identit\u00e4ten und Zugriffe strukturiert steuern, l\u00fcckenlos protokollieren und zuverl\u00e4ssig absichern \u2013 bei voller Verf\u00fcgbarkeit kritischer Systeme f\u00fcr das medizinische Personal.<\/p>\n<p style=\"text-align: justify;\">Mit den L\u00f6sungen von WALLIX konnten die genannten Einrichtungen ihre digitalen Identit\u00e4ten konsolidieren, Zugriffsrechte klar definieren und den Zugang zu kritischen Ressourcen \u2013 von Servern \u00fcber Workstations bis hin zu vernetzten Medizinger\u00e4ten \u2013 nachvollziehbar absichern. Gleichzeitig blieb die permanente Verf\u00fcgbarkeit der Systeme f\u00fcr medizinisches Personal gew\u00e4hrleistet.<\/p>\n<p style=\"text-align: justify;\">Jean-No\u00ebl de Galzain, CEO von WALLIX, ordnet die Entwicklung so ein: <em>\u201eIn Frankreich setzen bereits fast die H\u00e4lfte der regionalen Krankenhausverb\u00fcnde auf unsere L\u00f6sungen. Auch im restlichen Europa beobachten wir ein stark wachsendes Interesse \u2013 nicht zuletzt, weil die EU-Kommission 145,5<\/em><em>\u202f<\/em><em>Millionen Euro zur St<\/em><em>\u00e4<\/em><em>rkung der Cybersicherheit im Gesundheitswesen bereitstellt. Das ist ein klares Signal: Digitale Resilienz ist heute unverzichtbar f<\/em><em>\u00fc<\/em><em>r die Versorgungssicherheit.<\/em><em>\u201c<\/em><\/p>\n<p style=\"text-align: justify;\">Und er erg\u00e4nzt: <em>\u201eAls europ\u00e4ischer, unabh\u00e4ngiger Anbieter sehen wir es als unsere Aufgabe, Gesundheitseinrichtungen ein sicheres digitales Umfeld zu erm\u00f6glichen. Wer Zugriffe kontrolliert, sichert nicht nur Systeme \u2013 sondern schafft konkrete Voraussetzungen f\u00fcr eine zuverl\u00e4ssige Patientenversorgung und mehr Handlungssicherheit f\u00fcr das medizinische Personal.\u201c<\/em><\/p>\n<p style=\"text-align: justify;\"><strong>\u00dcber WALLIX<\/strong><\/p>\n<p style=\"text-align: justify;\">WALLIX (Euronext: ALLIX) ist ein europ\u00e4ischer Anbieter von Cybersicherheitsl\u00f6sungen mit Schwerpunkt auf Identity &amp; Access Management (IAM) und f\u00fchrend im Bereich Privileged Access Management (PAM). Ziel des Unternehmens ist es, digitale Interaktionen sicher und souver\u00e4n zu gestalten \u2013 und dabei die digitale Autonomie von Organisationen in einer zunehmend vernetzten Welt zu sch\u00fctzen.<\/p>\n<p style=\"text-align: justify;\">Die L\u00f6sungen von WALLIX erm\u00f6glichen es, Identit\u00e4ten und Zugriffe entlang der gesamten digitalen Infrastruktur in IT- und OT-Umgebungen zu kontrollieren \u2013 mit Fokus auf Effizienz, einfache Einhaltung regulatorischer Anforderungen und eine durchdachte Nutzererfahrung.<\/p>\n<p style=\"text-align: justify;\"><a href=\"https:\/\/www.wallix.com\/de\/\"><strong>www.wallix.com<\/strong><\/a><strong> | <\/strong><a href=\"mailto:info@wallix.com\"><strong>info@wallix.com<\/strong><\/a><\/p>\n<\/div><\/section><br \/>\n<div  class='avia-button-wrap av-m0l25tv1-a05e27cc058c636f11de1eff1a01f5ba-wrap avia-button-left  avia-builder-el-3  el_after_av_textblock  el_before_av_hr '><a href='https:\/\/www.wallix.com\/wp-content\/uploads\/2025\/06\/0625_WALLIX_Europaischer_Leader_Gesundheitssektor.pdf'  class='avia-button av-m0l25tv1-a05e27cc058c636f11de1eff1a01f5ba av-link-btn avia-icon_select-no avia-size-large avia-position-left avia-color-theme-color'  target=\"_blank\"  rel=\"noopener noreferrer\"  aria-label=\"PRESSEMITTEILUNGEN HERUNTERLADEN\"><span class='avia_iconbox_title' >PRESSEMITTEILUNGEN HERUNTERLADEN<\/span><\/a><\/div><br \/>\n<div  class='hr av-mmxbdr-764af79f53c0b4fc41795e2332c156b9 hr-default  avia-builder-el-4  el_after_av_button  el_before_av_textblock '><span class='hr-inner '><span class=\"hr-inner-style\"><\/span><\/span><\/div><br \/>\n<section  class='av_textblock_section av-m0l2a0lf-7422e35c6be2917ba56c7f62ae708867 '   itemscope=\"itemscope\" itemtype=\"https:\/\/schema.org\/BlogPosting\" itemprop=\"blogPost\" ><div class='avia_textblock'  itemprop=\"text\" ><table>\n<tbody>\n<tr>\n<td width=\"321\"><strong>KONTAKT FINANZKOMMUNIKATION<\/strong><\/p>\n<p><strong>Finanzen &amp; Kommunikation<\/strong><strong>\u00a0<\/strong><\/p>\n<p>Investor Relations &#8211; H\u00e9l\u00e8ne de Watteville<br \/>\n+33 (0)1 53 67 36 33 \/ <a href=\"mailto:wallix@actus.fr\"><strong>WALLIX@actus.fr<\/strong><\/a><\/p>\n<p>Presse \u2013 D\u00e9borah Schwartz+33 (0)6 27 09 05 73 \/ <a href=\"mailto:dschwartz@actus.fr\"><strong>dschwartz@actus.fr<\/strong><\/a><\/td>\n<td width=\"321\"><\/td>\n<\/tr>\n<\/tbody>\n<\/table>\n<div><\/div>\n<div><\/div>\n<\/div><\/section><\/p><\/div><div  class='flex_column av-2lq2r4h-875fbaf7463c367174ec2807681c88f6 av_one_third  avia-builder-el-6  el_after_av_two_third  avia-builder-el-last  flex_column_div  '     ><p><div  class='av-social-sharing-box av-lqw7azv3-80d395568bea3b535462657300466b63 av-social-sharing-box-default  avia-builder-el-7  el_before_av_hr  avia-builder-el-first  av-social-sharing-box-fullwidth'><div class=\"av-share-box\"><h5 class='av-share-link-description av-no-toc '>Teilen<\/h5><ul class=\"av-share-box-list noLightbox\"><li class='av-share-link av-social-link-twitter avia_social_iconfont' ><a target=\"_blank\" aria-label=\"Teilen auf X\" href='https:\/\/twitter.com\/share?text=Cyberschutz%20f%C3%BCr%20Europas%20Kliniken%3A%20WALLIX%20%C3%BCbernimmt%20Verantwortung&#038;url=https:\/\/www.wallix.com\/de\/?p=74097' data-av_icon='\ue932' data-av_iconfont='entypo-fontello'  title='' data-avia-related-tooltip='Teilen auf X'><span class='avia_hidden_link_text'>Teilen auf X<\/span><\/a><\/li><li class='av-share-link av-social-link-linkedin avia_social_iconfont' ><a target=\"_blank\" aria-label=\"Teilen auf LinkedIn\" href='https:\/\/linkedin.com\/shareArticle?mini=true&#038;title=Cyberschutz%20f%C3%BCr%20Europas%20Kliniken%3A%20WALLIX%20%C3%BCbernimmt%20Verantwortung&#038;url=https:\/\/www.wallix.com\/de\/pressemitteilungen\/cyberschutz-fuer-europas-kliniken-wallix-uebernimmt-verantwortung\/' data-av_icon='\ue8fc' data-av_iconfont='entypo-fontello'  title='' data-avia-related-tooltip='Teilen auf LinkedIn'><span class='avia_hidden_link_text'>Teilen auf LinkedIn<\/span><\/a><\/li><li class='av-share-link av-social-link-mail avia_social_iconfont' ><a  aria-label=\"Per E-Mail teilen\" href='mailto:?subject=Cyberschutz%20f%C3%BCr%20Europas%20Kliniken%3A%20WALLIX%20%C3%BCbernimmt%20Verantwortung&#038;body=https:\/\/www.wallix.com\/de\/pressemitteilungen\/cyberschutz-fuer-europas-kliniken-wallix-uebernimmt-verantwortung\/' data-av_icon='\ue805' data-av_iconfont='entypo-fontello'  title='' data-avia-related-tooltip='Per E-Mail teilen'><span class='avia_hidden_link_text'>Per E-Mail teilen<\/span><\/a><\/li><\/ul><\/div><\/div><br \/>\n\n<style type=\"text\/css\" data-created_by=\"avia_inline_auto\" id=\"style-css-av-21stunl-52945c30b4e469db256b808148304d8a\">\n#top .hr.hr-invisible.av-21stunl-52945c30b4e469db256b808148304d8a{\nheight:10px;\n}\n<\/style>\n<div  class='hr av-21stunl-52945c30b4e469db256b808148304d8a hr-invisible  avia-builder-el-8  el_after_av_social_share  el_before_av_heading '><span class='hr-inner '><span class=\"hr-inner-style\"><\/span><\/span><\/div><br \/>\n\n<style type=\"text\/css\" data-created_by=\"avia_inline_auto\" id=\"style-css-av-lqw7b9kx-15924a8cb52202dcbb047cc9dabfdb15\">\n#top .av-special-heading.av-lqw7b9kx-15924a8cb52202dcbb047cc9dabfdb15{\npadding-bottom:10px;\n}\nbody .av-special-heading.av-lqw7b9kx-15924a8cb52202dcbb047cc9dabfdb15 .av-special-heading-tag .heading-char{\nfont-size:25px;\n}\n.av-special-heading.av-lqw7b9kx-15924a8cb52202dcbb047cc9dabfdb15 .av-subheading{\nfont-size:15px;\n}\n<\/style>\n<div  class='av-special-heading av-lqw7b9kx-15924a8cb52202dcbb047cc9dabfdb15 av-special-heading-h3 blockquote modern-quote  avia-builder-el-9  el_after_av_hr  el_before_av_hr '><h3 class='av-special-heading-tag '  itemprop=\"headline\"  >PRESSEMITTEILUNGEN<\/h3><div class='av-subheading av-subheading_below'><p>2025<\/p>\n<\/div><div class=\"special-heading-border\"><div class=\"special-heading-inner-border\"><\/div><\/div><\/div><br \/>\n\n<style type=\"text\/css\" data-created_by=\"avia_inline_auto\" id=\"style-css-av-1ki0aq9-0bf20f835d0bbab1fe1e509edbd75b88\">\n#top .hr.hr-invisible.av-1ki0aq9-0bf20f835d0bbab1fe1e509edbd75b88{\nheight:10px;\n}\n<\/style>\n<div  class='hr av-1ki0aq9-0bf20f835d0bbab1fe1e509edbd75b88 hr-invisible  avia-builder-el-10  el_after_av_heading  el_before_av_magazine '><span class='hr-inner '><span class=\"hr-inner-style\"><\/span><\/span><\/div><br \/>\n<div  id=\"avia-magazine-1\"  class='av-magazine av-lqw7cw11-931e08367f1cc5ba0d27b77398df3b27  avia-builder-el-11  el_after_av_hr  el_before_av_heading   avia-builder-el-11  el_after_av_hr  el_before_av_heading ' ><div class='av-magazine-group sort_all'><article class='av-magazine-entry av-magazine-entry-id-81264 av-magazine-format-standard av-magazine-type-post av-magazine-entry-1 av-magazine-entry-small av-magazine-no-thumb'  itemscope=\"itemscope\" itemtype=\"https:\/\/schema.org\/BlogPosting\" itemprop=\"blogPost\" ><div class=\"av-magazine-content-wrap\"><header class=\"entry-content-header\" aria-label=\"Post: WALLIX erweitert KI-Kompetenz durch \u00dcbernahme von Malizen\"><time class='av-magazine-time updated'  itemprop=\"datePublished\" datetime=\"2025-11-25T15:21:10+01:00\" >25. November 2025<\/time><h3 class='av-magazine-title entry-title '  itemprop=\"headline\" ><a href='https:\/\/www.wallix.com\/de\/pressemitteilungen\/wallix-erweitert-ki-kompetenz-durch-uebernahme-von-malizen\/' title='Link zu: WALLIX erweitert KI-Kompetenz durch \u00dcbernahme von Malizen'>WALLIX erweitert KI-Kompetenz durch \u00dcbernahme von Malizen<\/a><\/h3><\/header><\/div><footer class=\"entry-footer\"><\/footer><\/article><article class='av-magazine-entry av-magazine-entry-id-79059 av-magazine-format-standard av-magazine-type-post av-magazine-entry-2 av-magazine-entry-small av-magazine-no-thumb'  itemscope=\"itemscope\" itemtype=\"https:\/\/schema.org\/BlogPosting\" itemprop=\"blogPost\" ><div class=\"av-magazine-content-wrap\"><header class=\"entry-content-header\" aria-label=\"Post: Zum dritten Mal in Folge: Gartner\u00ae stuft WALLIX 2025 als \u201eVisionary\u201c im Magic Quadrant\u2122 f\u00fcr PAM ein\"><time class='av-magazine-time updated'  itemprop=\"datePublished\" datetime=\"2025-10-13T16:28:19+01:00\" >13. Oktober 2025<\/time><h3 class='av-magazine-title entry-title '  itemprop=\"headline\" ><a href='https:\/\/www.wallix.com\/de\/pressemitteilungen\/zum-dritten-mal-in-folge-gartner-stuft-wallix-2025-als-visionary-im-magic-quadrant-fuer-pam-ein\/' title='Link zu: Zum dritten Mal in Folge: Gartner\u00ae stuft WALLIX 2025 als \u201eVisionary\u201c im Magic Quadrant\u2122 f\u00fcr PAM ein'>Zum dritten Mal in Folge: Gartner\u00ae stuft WALLIX 2025 als \u201eVisionary\u201c im Magic Quadrant\u2122 f\u00fcr PAM ein<\/a><\/h3><\/header><\/div><footer class=\"entry-footer\"><\/footer><\/article><article class='av-magazine-entry av-magazine-entry-id-78824 av-magazine-format-standard av-magazine-type-post av-magazine-entry-3 av-magazine-entry-small av-magazine-no-thumb'  itemscope=\"itemscope\" itemtype=\"https:\/\/schema.org\/BlogPosting\" itemprop=\"blogPost\" ><div class=\"av-magazine-content-wrap\"><header class=\"entry-content-header\" aria-label=\"Post: Doppelzertifizierung: WALLIX st\u00e4rkt seine Rolle als europ\u00e4ischer Cybersecurity-Partner\"><time class='av-magazine-time updated'  itemprop=\"datePublished\" datetime=\"2025-10-07T13:22:16+01:00\" >7. Oktober 2025<\/time><h3 class='av-magazine-title entry-title '  itemprop=\"headline\" ><a href='https:\/\/www.wallix.com\/de\/pressemitteilungen\/doppelzertifizierung-wallix-staerkt-seine-rolle-als-europaeischer-cybersecurity-partner\/' title='Link zu: Doppelzertifizierung: WALLIX st\u00e4rkt seine Rolle als europ\u00e4ischer Cybersecurity-Partner'>Doppelzertifizierung: WALLIX st\u00e4rkt seine Rolle als europ\u00e4ischer Cybersecurity-Partner<\/a><\/h3><\/header><\/div><footer class=\"entry-footer\"><\/footer><\/article><article class='av-magazine-entry av-magazine-entry-id-78098 av-magazine-format-standard av-magazine-type-post av-magazine-entry-4 av-magazine-entry-small av-magazine-no-thumb'  itemscope=\"itemscope\" itemtype=\"https:\/\/schema.org\/BlogPosting\" itemprop=\"blogPost\" ><div class=\"av-magazine-content-wrap\"><header class=\"entry-content-header\" aria-label=\"Post: Cybersecurity-Boost f\u00fcr den Mittelstand\"><time class='av-magazine-time updated'  itemprop=\"datePublished\" datetime=\"2025-09-15T14:42:06+01:00\" >15. September 2025<\/time><h3 class='av-magazine-title entry-title '  itemprop=\"headline\" ><a href='https:\/\/www.wallix.com\/de\/pressemitteilungen\/cybersecurity-boost-fuer-den-mittelstand\/' title='Link zu: Cybersecurity-Boost f\u00fcr den Mittelstand'>Cybersecurity-Boost f\u00fcr den Mittelstand<\/a><\/h3><\/header><\/div><footer class=\"entry-footer\"><\/footer><\/article><article class='av-magazine-entry av-magazine-entry-id-74097 av-magazine-format-standard av-magazine-type-post av-magazine-entry-5 av-magazine-entry-small av-magazine-no-thumb'  itemscope=\"itemscope\" itemtype=\"https:\/\/schema.org\/BlogPosting\" itemprop=\"blogPost\" ><div class=\"av-magazine-content-wrap\"><header class=\"entry-content-header\" aria-label=\"Post: Cyberschutz f\u00fcr Europas Kliniken: WALLIX \u00fcbernimmt Verantwortung\"><time class='av-magazine-time updated'  itemprop=\"datePublished\" datetime=\"2025-06-30T11:30:14+01:00\" >30. Juni 2025<\/time><h3 class='av-magazine-title entry-title '  itemprop=\"headline\" ><a href='https:\/\/www.wallix.com\/de\/pressemitteilungen\/cyberschutz-fuer-europas-kliniken-wallix-uebernimmt-verantwortung\/' title='Link zu: Cyberschutz f\u00fcr Europas Kliniken: WALLIX \u00fcbernimmt Verantwortung'>Cyberschutz f\u00fcr Europas Kliniken: WALLIX \u00fcbernimmt Verantwortung<\/a><\/h3><\/header><\/div><footer class=\"entry-footer\"><\/footer><\/article><\/div><\/div><br \/>\n\n<style type=\"text\/css\" data-created_by=\"avia_inline_auto\" id=\"style-css-av-1tztkhg-a81b2270174d6decace2ac6baf271b9d\">\n#top .av-special-heading.av-1tztkhg-a81b2270174d6decace2ac6baf271b9d{\npadding-bottom:10px;\n}\nbody .av-special-heading.av-1tztkhg-a81b2270174d6decace2ac6baf271b9d .av-special-heading-tag .heading-char{\nfont-size:25px;\n}\n.av-special-heading.av-1tztkhg-a81b2270174d6decace2ac6baf271b9d .av-subheading{\nfont-size:15px;\n}\n<\/style>\n<div  class='av-special-heading av-1tztkhg-a81b2270174d6decace2ac6baf271b9d av-special-heading-h3 blockquote modern-quote  avia-builder-el-12  el_after_av_magazine  el_before_av_hr '><h3 class='av-special-heading-tag '  itemprop=\"headline\"  >PRESSEMITTEILUNGEN<\/h3><div class='av-subheading av-subheading_below'><p>2024<\/p>\n<\/div><div class=\"special-heading-border\"><div class=\"special-heading-inner-border\"><\/div><\/div><\/div><br \/>\n\n<style type=\"text\/css\" data-created_by=\"avia_inline_auto\" id=\"style-css-av-10qubzo-21fbd5edd5ec18b21702adddb06b9f23\">\n#top .hr.hr-invisible.av-10qubzo-21fbd5edd5ec18b21702adddb06b9f23{\nheight:10px;\n}\n<\/style>\n<div  class='hr av-10qubzo-21fbd5edd5ec18b21702adddb06b9f23 hr-invisible  avia-builder-el-13  el_after_av_heading  el_before_av_magazine '><span class='hr-inner '><span class=\"hr-inner-style\"><\/span><\/span><\/div><br \/>\n<div  id=\"avia-magazine-2\"  class='av-magazine av-i72jw4-7d0c1e151e63ffcb371569436e0fb7cc  avia-builder-el-14  el_after_av_hr  el_before_av_heading   avia-builder-el-14  el_after_av_hr  el_before_av_heading ' ><div class='av-magazine-group sort_all'><article class='av-magazine-entry av-magazine-entry-id-64079 av-magazine-format-standard av-magazine-type-post av-magazine-entry-1 av-magazine-entry-small av-magazine-no-thumb'  itemscope=\"itemscope\" itemtype=\"https:\/\/schema.org\/BlogPosting\" itemprop=\"blogPost\" ><div class=\"av-magazine-content-wrap\"><header class=\"entry-content-header\" aria-label=\"Post: WALLIX als f\u00fchrendes Unternehmen im Bereich PAM best\u00e4tigt \u2013 mit besonderem Fokus auf die Sicherung von Industrieumgebungen\"><time class='av-magazine-time updated'  itemprop=\"datePublished\" datetime=\"2024-10-07T16:13:03+01:00\" >7. Oktober 2024<\/time><h3 class='av-magazine-title entry-title '  itemprop=\"headline\" ><a href='https:\/\/www.wallix.com\/de\/pressemitteilungen\/2024-de\/wallix-als-fuehrendes-unternehmen-im-bereich-pam-bestaetigt-mit-besonderem-fokus-auf-die-sicherung-von-industrieumgebungen\/' title='Link zu: WALLIX als f\u00fchrendes Unternehmen im Bereich PAM best\u00e4tigt \u2013 mit besonderem Fokus auf die Sicherung von Industrieumgebungen'>WALLIX als f\u00fchrendes Unternehmen im Bereich PAM best\u00e4tigt \u2013 mit besonderem Fokus auf die Sicherung von Industrieumgebungen<\/a><\/h3><\/header><\/div><footer class=\"entry-footer\"><\/footer><\/article><article class='av-magazine-entry av-magazine-entry-id-63628 av-magazine-format-standard av-magazine-type-post av-magazine-entry-2 av-magazine-entry-small av-magazine-no-thumb'  itemscope=\"itemscope\" itemtype=\"https:\/\/schema.org\/BlogPosting\" itemprop=\"blogPost\" ><div class=\"av-magazine-content-wrap\"><header class=\"entry-content-header\" aria-label=\"Post: WALLIX &amp; Telenor k\u00fcndigen strategische Partnerschaft an, um die Sicherheit von Fernzug\u00e4ngen in der Industrie zu verbessern\"><time class='av-magazine-time updated'  itemprop=\"datePublished\" datetime=\"2024-10-04T09:43:57+01:00\" >4. Oktober 2024<\/time><h3 class='av-magazine-title entry-title '  itemprop=\"headline\" ><a href='https:\/\/www.wallix.com\/de\/pressemitteilungen\/2024-de\/wallix-telenor-kuendigen-strategische-partnerschaft-an-um-die-sicherheit-von-fernzugaengen-in-der-industrie-zu-verbessern\/' title='Link zu: WALLIX &amp; Telenor k\u00fcndigen strategische Partnerschaft an, um die Sicherheit von Fernzug\u00e4ngen in der Industrie zu verbessern'>WALLIX &amp; Telenor k\u00fcndigen strategische Partnerschaft an, um die Sicherheit von Fernzug\u00e4ngen in der Industrie zu verbessern<\/a><\/h3><\/header><\/div><footer class=\"entry-footer\"><\/footer><\/article><article class='av-magazine-entry av-magazine-entry-id-60192 av-magazine-format-standard av-magazine-type-post av-magazine-entry-3 av-magazine-entry-small av-magazine-no-thumb'  itemscope=\"itemscope\" itemtype=\"https:\/\/schema.org\/BlogPosting\" itemprop=\"blogPost\" ><div class=\"av-magazine-content-wrap\"><header class=\"entry-content-header\" aria-label=\"Post: WALLIX verst\u00e4rkt seine Zusammenarbeit mit Cisco f\u00fcr eine effiziente Sicherheit industrieller Netzwerke\"><time class='av-magazine-time updated'  itemprop=\"datePublished\" datetime=\"2024-06-27T14:46:13+01:00\" >27. Juni 2024<\/time><h3 class='av-magazine-title entry-title '  itemprop=\"headline\" ><a href='https:\/\/www.wallix.com\/de\/pressemitteilungen\/2024-de\/wallix-verstaerkt-seine-zusammenarbeit-mit-cisco-fuer-eine-effiziente-sicherheit-industrieller-netzwerke\/' title='Link zu: WALLIX verst\u00e4rkt seine Zusammenarbeit mit Cisco f\u00fcr eine effiziente Sicherheit industrieller Netzwerke'>WALLIX verst\u00e4rkt seine Zusammenarbeit mit Cisco f\u00fcr eine effiziente Sicherheit industrieller Netzwerke<\/a><\/h3><\/header><\/div><footer class=\"entry-footer\"><\/footer><\/article><\/div><\/div><br \/>\n\n<style type=\"text\/css\" data-created_by=\"avia_inline_auto\" id=\"style-css-av-lqw7bdqm-9f4bb26a410002ac4685d0f2e7327bae\">\n#top .av-special-heading.av-lqw7bdqm-9f4bb26a410002ac4685d0f2e7327bae{\npadding-bottom:10px;\n}\nbody .av-special-heading.av-lqw7bdqm-9f4bb26a410002ac4685d0f2e7327bae .av-special-heading-tag .heading-char{\nfont-size:25px;\n}\n.av-special-heading.av-lqw7bdqm-9f4bb26a410002ac4685d0f2e7327bae .av-subheading{\nfont-size:15px;\n}\n<\/style>\n<div  class='av-special-heading av-lqw7bdqm-9f4bb26a410002ac4685d0f2e7327bae av-special-heading-h3 blockquote modern-quote  avia-builder-el-15  el_after_av_magazine  el_before_av_hr '><h3 class='av-special-heading-tag '  itemprop=\"headline\"  >PRESSEMITTEILUNGEN<\/h3><div class='av-subheading av-subheading_below'><p>2023<\/p>\n<\/div><div class=\"special-heading-border\"><div class=\"special-heading-inner-border\"><\/div><\/div><\/div><br \/>\n\n<style type=\"text\/css\" data-created_by=\"avia_inline_auto\" id=\"style-css-av-1bp7jqp-0b23b7e8e042e7bf890333895bcb0cd3\">\n#top .hr.hr-invisible.av-1bp7jqp-0b23b7e8e042e7bf890333895bcb0cd3{\nheight:30px;\n}\n<\/style>\n<div  class='hr av-1bp7jqp-0b23b7e8e042e7bf890333895bcb0cd3 hr-invisible  avia-builder-el-16  el_after_av_heading  el_before_av_magazine '><span class='hr-inner '><span class=\"hr-inner-style\"><\/span><\/span><\/div><br \/>\n<div  id=\"avia-magazine-3\"  class='av-magazine av-lqw7d7z6-830c007f77315e60bb3962a94214d195  avia-builder-el-17  el_after_av_hr  avia-builder-el-last   avia-builder-el-17  el_after_av_hr  avia-builder-el-last ' ><div class='av-magazine-group sort_all'><article class='av-magazine-entry av-magazine-entry-id-44326 av-magazine-format-standard av-magazine-type-post av-magazine-entry-1 av-magazine-entry-small av-magazine-no-thumb'  itemscope=\"itemscope\" itemtype=\"https:\/\/schema.org\/BlogPosting\" itemprop=\"blogPost\" ><div class=\"av-magazine-content-wrap\"><header class=\"entry-content-header\" aria-label=\"Post: We Edu: WALLIX integriert Cybersicherheits-Zertifikatsausbildung in Hochschulstudium des Instituts Universitaires Technologiques (IUT)\"><time class='av-magazine-time updated'  itemprop=\"datePublished\" datetime=\"2023-09-21T14:48:10+01:00\" >21. September 2023<\/time><h3 class='av-magazine-title entry-title '  itemprop=\"headline\" ><a href='https:\/\/www.wallix.com\/de\/pressemitteilungen\/2023-de\/we-edu-wallix-integriert-cybersicherheits-zertifikatsausbildung-in-hochschulstudium-des-instituts-universitaires-technologiques-iut\/' title='Link zu: We Edu: WALLIX integriert Cybersicherheits-Zertifikatsausbildung in Hochschulstudium des Instituts Universitaires Technologiques (IUT)'>We Edu: WALLIX integriert Cybersicherheits-Zertifikatsausbildung in Hochschulstudium des Instituts Universitaires Technologiques (IUT)<\/a><\/h3><\/header><\/div><footer class=\"entry-footer\"><\/footer><\/article><article class='av-magazine-entry av-magazine-entry-id-44333 av-magazine-format-standard av-magazine-type-post av-magazine-entry-2 av-magazine-entry-small av-magazine-no-thumb'  itemscope=\"itemscope\" itemtype=\"https:\/\/schema.org\/BlogPosting\" itemprop=\"blogPost\" ><div class=\"av-magazine-content-wrap\"><header class=\"entry-content-header\" aria-label=\"Post: WALLIX tritt dem &quot;Demo Center OT&quot; von Orange Cyberdefense in Frankreich bei\"><time class='av-magazine-time updated'  itemprop=\"datePublished\" datetime=\"2023-07-04T14:52:14+01:00\" >4. Juli 2023<\/time><h3 class='av-magazine-title entry-title '  itemprop=\"headline\" ><a href='https:\/\/www.wallix.com\/de\/pressemitteilungen\/2023-de\/wallix-tritt-dem-demo-center-ot-von-orange-cyberdefense-in-frankreich-bei\/' title='Link zu: WALLIX tritt dem &#8222;Demo Center OT&#8220; von Orange Cyberdefense in Frankreich bei'>WALLIX tritt dem &#8222;Demo Center OT&#8220; von Orange Cyberdefense in Frankreich bei<\/a><\/h3><\/header><\/div><footer class=\"entry-footer\"><\/footer><\/article><article class='av-magazine-entry av-magazine-entry-id-44337 av-magazine-format-standard av-magazine-type-post av-magazine-entry-3 av-magazine-entry-small av-magazine-no-thumb'  itemscope=\"itemscope\" itemtype=\"https:\/\/schema.org\/BlogPosting\" itemprop=\"blogPost\" ><div class=\"av-magazine-content-wrap\"><header class=\"entry-content-header\" aria-label=\"Post: WALLIX gr\u00fcndet Expertenausschuss f\u00fcr eine engere Strategieanpassung an die Bed\u00fcrfnisse des Marktes\"><time class='av-magazine-time updated'  itemprop=\"datePublished\" datetime=\"2023-06-27T14:54:05+01:00\" >27. Juni 2023<\/time><h3 class='av-magazine-title entry-title '  itemprop=\"headline\" ><a href='https:\/\/www.wallix.com\/de\/pressemitteilungen\/2023-de\/wallix-gruendet-expertenausschuss-fuer-eine-engere-strategieanpassung-an-die-beduerfnisse-des-marktes\/' title='Link zu: WALLIX gr\u00fcndet Expertenausschuss f\u00fcr eine engere Strategieanpassung an die Bed\u00fcrfnisse des Marktes'>WALLIX gr\u00fcndet Expertenausschuss f\u00fcr eine engere Strategieanpassung an die Bed\u00fcrfnisse des Marktes<\/a><\/h3><\/header><\/div><footer class=\"entry-footer\"><\/footer><\/article><article class='av-magazine-entry av-magazine-entry-id-44341 av-magazine-format-standard av-magazine-type-post av-magazine-entry-4 av-magazine-entry-small av-magazine-no-thumb'  itemscope=\"itemscope\" itemtype=\"https:\/\/schema.org\/BlogPosting\" itemprop=\"blogPost\" ><div class=\"av-magazine-content-wrap\"><header class=\"entry-content-header\" aria-label=\"Post: Cris R\u00e9seaux vertreibt WALLIX One IDaaS: Mehr Zugang zu SaaS-Identit\u00e4ts-Management und Digital Access Management f\u00fcr KMUs\"><time class='av-magazine-time updated'  itemprop=\"datePublished\" datetime=\"2023-06-20T14:55:51+01:00\" >20. Juni 2023<\/time><h3 class='av-magazine-title entry-title '  itemprop=\"headline\" ><a href='https:\/\/www.wallix.com\/de\/pressemitteilungen\/2023-de\/cris-reseaux-vertreibt-wallix-idaas-mehr-zugang-zu-saas-identitaets-management-und-digital-access-management-fuer-kmus\/' title='Link zu: Cris R\u00e9seaux vertreibt WALLIX One IDaaS: Mehr Zugang zu SaaS-Identit\u00e4ts-Management und Digital Access Management f\u00fcr KMUs'>Cris R\u00e9seaux vertreibt WALLIX One IDaaS: Mehr Zugang zu SaaS-Identit\u00e4ts-Management und Digital Access Management f\u00fcr KMUs<\/a><\/h3><\/header><\/div><footer class=\"entry-footer\"><\/footer><\/article><article class='av-magazine-entry av-magazine-entry-id-44345 av-magazine-format-standard av-magazine-type-post av-magazine-entry-5 av-magazine-entry-small av-magazine-no-thumb'  itemscope=\"itemscope\" itemtype=\"https:\/\/schema.org\/BlogPosting\" itemprop=\"blogPost\" ><div class=\"av-magazine-content-wrap\"><header class=\"entry-content-header\" aria-label=\"Post: WaaSA: Neues Cybersicherheitsangebot zur einfachen Zugangsverwaltung\"><time class='av-magazine-time updated'  itemprop=\"datePublished\" datetime=\"2023-05-25T14:57:20+01:00\" >25. Mai 2023<\/time><h3 class='av-magazine-title entry-title '  itemprop=\"headline\" ><a href='https:\/\/www.wallix.com\/de\/pressemitteilungen\/2023-de\/waasa-neues-cybersicherheitsangebot-zur-einfachen-zugangsverwaltung\/' title='Link zu: WaaSA: Neues Cybersicherheitsangebot zur einfachen Zugangsverwaltung'>WaaSA: Neues Cybersicherheitsangebot zur einfachen Zugangsverwaltung<\/a><\/h3><\/header><\/div><footer class=\"entry-footer\"><\/footer><\/article><\/div><\/div><\/p><\/div><\/p>\n","protected":false},"excerpt":{"rendered":"","protected":false},"author":3,"featured_media":29336,"comment_status":"closed","ping_status":"closed","sticky":false,"template":"","format":"standard","meta":{"_acf_changed":false,"content-type":"","inline_featured_image":false,"footnotes":""},"categories":[2524,2172],"tags":[],"class_list":["post-74097","post","type-post","status-publish","format-standard","has-post-thumbnail","hentry","category-2025-de","category-pressemitteilungen"],"acf":[],"yoast_head":"<!-- This site is optimized with the Yoast SEO plugin v27.3 - https:\/\/yoast.com\/product\/yoast-seo-wordpress\/ -->\n<title>Cyberschutz f\u00fcr Europas Kliniken: WALLIX \u00fcbernimmt Verantwortung - WALLIX<\/title>\n<meta name=\"robots\" content=\"index, follow, max-snippet:-1, max-image-preview:large, max-video-preview:-1\" \/>\n<link rel=\"canonical\" href=\"https:\/\/www.wallix.com\/de\/pressemitteilungen\/cyberschutz-fuer-europas-kliniken-wallix-uebernimmt-verantwortung\/\" \/>\n<meta property=\"og:locale\" content=\"de_DE\" \/>\n<meta property=\"og:type\" content=\"article\" \/>\n<meta property=\"og:title\" content=\"Cyberschutz f\u00fcr Europas Kliniken: WALLIX \u00fcbernimmt Verantwortung - WALLIX\" \/>\n<meta property=\"og:url\" content=\"https:\/\/www.wallix.com\/de\/pressemitteilungen\/cyberschutz-fuer-europas-kliniken-wallix-uebernimmt-verantwortung\/\" \/>\n<meta property=\"og:site_name\" content=\"WALLIX\" \/>\n<meta property=\"article:published_time\" content=\"2025-06-30T10:30:14+00:00\" \/>\n<meta property=\"article:modified_time\" content=\"2025-06-30T10:57:44+00:00\" \/>\n<meta property=\"og:image\" content=\"https:\/\/www.wallix.com\/wp-content\/uploads\/2022\/12\/AdobeStock_429258682-copie-scaled.jpg\" \/>\n\t<meta property=\"og:image:width\" content=\"2560\" \/>\n\t<meta property=\"og:image:height\" content=\"1097\" \/>\n\t<meta property=\"og:image:type\" content=\"image\/jpeg\" \/>\n<meta name=\"author\" content=\"WALLIX\" \/>\n<meta name=\"twitter:card\" content=\"summary_large_image\" \/>\n<meta name=\"twitter:creator\" content=\"@wallixcom\" \/>\n<meta name=\"twitter:site\" content=\"@wallixcom\" \/>\n<meta name=\"twitter:label1\" content=\"Verfasst von\" \/>\n\t<meta name=\"twitter:data1\" content=\"WALLIX\" \/>\n\t<meta name=\"twitter:label2\" content=\"Gesch\u00e4tzte Lesezeit\" \/>\n\t<meta name=\"twitter:data2\" content=\"4\u00a0Minuten\" \/>\n<script type=\"application\/ld+json\" class=\"yoast-schema-graph\">{\"@context\":\"https:\\\/\\\/schema.org\",\"@graph\":[{\"@type\":\"Article\",\"@id\":\"https:\\\/\\\/www.wallix.com\\\/de\\\/pressemitteilungen\\\/cyberschutz-fuer-europas-kliniken-wallix-uebernimmt-verantwortung\\\/#article\",\"isPartOf\":{\"@id\":\"https:\\\/\\\/www.wallix.com\\\/de\\\/pressemitteilungen\\\/cyberschutz-fuer-europas-kliniken-wallix-uebernimmt-verantwortung\\\/\"},\"author\":{\"name\":\"WALLIX\",\"@id\":\"https:\\\/\\\/www.wallix.com\\\/de\\\/#\\\/schema\\\/person\\\/8b1daa830716a62cdf5631aa0e211abd\"},\"headline\":\"Cyberschutz f\u00fcr Europas Kliniken: WALLIX \u00fcbernimmt Verantwortung\",\"datePublished\":\"2025-06-30T10:30:14+00:00\",\"dateModified\":\"2025-06-30T10:57:44+00:00\",\"mainEntityOfPage\":{\"@id\":\"https:\\\/\\\/www.wallix.com\\\/de\\\/pressemitteilungen\\\/cyberschutz-fuer-europas-kliniken-wallix-uebernimmt-verantwortung\\\/\"},\"wordCount\":2913,\"publisher\":{\"@id\":\"https:\\\/\\\/www.wallix.com\\\/de\\\/#organization\"},\"image\":{\"@id\":\"https:\\\/\\\/www.wallix.com\\\/de\\\/pressemitteilungen\\\/cyberschutz-fuer-europas-kliniken-wallix-uebernimmt-verantwortung\\\/#primaryimage\"},\"thumbnailUrl\":\"https:\\\/\\\/www.wallix.com\\\/wp-content\\\/uploads\\\/2022\\\/12\\\/AdobeStock_429258682-copie-scaled.jpg\",\"articleSection\":[\"2025\",\"PRESSEMITTEILUNGEN\"],\"inLanguage\":\"de\"},{\"@type\":\"WebPage\",\"@id\":\"https:\\\/\\\/www.wallix.com\\\/de\\\/pressemitteilungen\\\/cyberschutz-fuer-europas-kliniken-wallix-uebernimmt-verantwortung\\\/\",\"url\":\"https:\\\/\\\/www.wallix.com\\\/de\\\/pressemitteilungen\\\/cyberschutz-fuer-europas-kliniken-wallix-uebernimmt-verantwortung\\\/\",\"name\":\"Cyberschutz f\u00fcr Europas Kliniken: WALLIX \u00fcbernimmt Verantwortung - WALLIX\",\"isPartOf\":{\"@id\":\"https:\\\/\\\/www.wallix.com\\\/de\\\/#website\"},\"primaryImageOfPage\":{\"@id\":\"https:\\\/\\\/www.wallix.com\\\/de\\\/pressemitteilungen\\\/cyberschutz-fuer-europas-kliniken-wallix-uebernimmt-verantwortung\\\/#primaryimage\"},\"image\":{\"@id\":\"https:\\\/\\\/www.wallix.com\\\/de\\\/pressemitteilungen\\\/cyberschutz-fuer-europas-kliniken-wallix-uebernimmt-verantwortung\\\/#primaryimage\"},\"thumbnailUrl\":\"https:\\\/\\\/www.wallix.com\\\/wp-content\\\/uploads\\\/2022\\\/12\\\/AdobeStock_429258682-copie-scaled.jpg\",\"datePublished\":\"2025-06-30T10:30:14+00:00\",\"dateModified\":\"2025-06-30T10:57:44+00:00\",\"inLanguage\":\"de\",\"potentialAction\":[{\"@type\":\"ReadAction\",\"target\":[\"https:\\\/\\\/www.wallix.com\\\/de\\\/pressemitteilungen\\\/cyberschutz-fuer-europas-kliniken-wallix-uebernimmt-verantwortung\\\/\"]}]},{\"@type\":\"ImageObject\",\"inLanguage\":\"de\",\"@id\":\"https:\\\/\\\/www.wallix.com\\\/de\\\/pressemitteilungen\\\/cyberschutz-fuer-europas-kliniken-wallix-uebernimmt-verantwortung\\\/#primaryimage\",\"url\":\"https:\\\/\\\/www.wallix.com\\\/wp-content\\\/uploads\\\/2022\\\/12\\\/AdobeStock_429258682-copie-scaled.jpg\",\"contentUrl\":\"https:\\\/\\\/www.wallix.com\\\/wp-content\\\/uploads\\\/2022\\\/12\\\/AdobeStock_429258682-copie-scaled.jpg\",\"width\":2560,\"height\":1097,\"caption\":\"Illustration of digital security, emphasizing the importance of safeguarding sensitive data in a connected world.\"},{\"@type\":\"WebSite\",\"@id\":\"https:\\\/\\\/www.wallix.com\\\/de\\\/#website\",\"url\":\"https:\\\/\\\/www.wallix.com\\\/de\\\/\",\"name\":\"WALLIX\",\"description\":\"CYBERSECURITY SIMPLIFIED\",\"publisher\":{\"@id\":\"https:\\\/\\\/www.wallix.com\\\/de\\\/#organization\"},\"potentialAction\":[{\"@type\":\"SearchAction\",\"target\":{\"@type\":\"EntryPoint\",\"urlTemplate\":\"https:\\\/\\\/www.wallix.com\\\/de\\\/?s={search_term_string}\"},\"query-input\":{\"@type\":\"PropertyValueSpecification\",\"valueRequired\":true,\"valueName\":\"search_term_string\"}}],\"inLanguage\":\"de\"},{\"@type\":\"Organization\",\"@id\":\"https:\\\/\\\/www.wallix.com\\\/de\\\/#organization\",\"name\":\"WALLIX\",\"url\":\"https:\\\/\\\/www.wallix.com\\\/de\\\/\",\"logo\":{\"@type\":\"ImageObject\",\"inLanguage\":\"de\",\"@id\":\"https:\\\/\\\/www.wallix.com\\\/de\\\/#\\\/schema\\\/logo\\\/image\\\/\",\"url\":\"https:\\\/\\\/www.wallix.com\\\/wp-content\\\/uploads\\\/2024\\\/03\\\/LOGO_WALLIX_2024_blackorange.png\",\"contentUrl\":\"https:\\\/\\\/www.wallix.com\\\/wp-content\\\/uploads\\\/2024\\\/03\\\/LOGO_WALLIX_2024_blackorange.png\",\"width\":3108,\"height\":827,\"caption\":\"WALLIX\"},\"image\":{\"@id\":\"https:\\\/\\\/www.wallix.com\\\/de\\\/#\\\/schema\\\/logo\\\/image\\\/\"},\"sameAs\":[\"https:\\\/\\\/x.com\\\/wallixcom\",\"https:\\\/\\\/www.linkedin.com\\\/company\\\/wallix\\\/\",\"https:\\\/\\\/www.youtube.com\\\/wallix\"]},{\"@type\":\"Person\",\"@id\":\"https:\\\/\\\/www.wallix.com\\\/de\\\/#\\\/schema\\\/person\\\/8b1daa830716a62cdf5631aa0e211abd\",\"name\":\"WALLIX\",\"image\":{\"@type\":\"ImageObject\",\"inLanguage\":\"de\",\"@id\":\"https:\\\/\\\/secure.gravatar.com\\\/avatar\\\/8bf1123a19c4364709de2f7c8c881ed5f2bb750cac73f782f39aea052e526546?s=96&d=mm&r=g\",\"url\":\"https:\\\/\\\/secure.gravatar.com\\\/avatar\\\/8bf1123a19c4364709de2f7c8c881ed5f2bb750cac73f782f39aea052e526546?s=96&d=mm&r=g\",\"contentUrl\":\"https:\\\/\\\/secure.gravatar.com\\\/avatar\\\/8bf1123a19c4364709de2f7c8c881ed5f2bb750cac73f782f39aea052e526546?s=96&d=mm&r=g\",\"caption\":\"WALLIX\"},\"url\":\"https:\\\/\\\/www.wallix.com\\\/de\\\/author\\\/alex\\\/\"}]}<\/script>\n<!-- \/ Yoast SEO plugin. -->","yoast_head_json":{"title":"Cyberschutz f\u00fcr Europas Kliniken: WALLIX \u00fcbernimmt Verantwortung - WALLIX","robots":{"index":"index","follow":"follow","max-snippet":"max-snippet:-1","max-image-preview":"max-image-preview:large","max-video-preview":"max-video-preview:-1"},"canonical":"https:\/\/www.wallix.com\/de\/pressemitteilungen\/cyberschutz-fuer-europas-kliniken-wallix-uebernimmt-verantwortung\/","og_locale":"de_DE","og_type":"article","og_title":"Cyberschutz f\u00fcr Europas Kliniken: WALLIX \u00fcbernimmt Verantwortung - WALLIX","og_url":"https:\/\/www.wallix.com\/de\/pressemitteilungen\/cyberschutz-fuer-europas-kliniken-wallix-uebernimmt-verantwortung\/","og_site_name":"WALLIX","article_published_time":"2025-06-30T10:30:14+00:00","article_modified_time":"2025-06-30T10:57:44+00:00","og_image":[{"width":2560,"height":1097,"url":"https:\/\/www.wallix.com\/wp-content\/uploads\/2022\/12\/AdobeStock_429258682-copie-scaled.jpg","type":"image\/jpeg"}],"author":"WALLIX","twitter_card":"summary_large_image","twitter_creator":"@wallixcom","twitter_site":"@wallixcom","twitter_misc":{"Verfasst von":"WALLIX","Gesch\u00e4tzte Lesezeit":"4\u00a0Minuten"},"schema":{"@context":"https:\/\/schema.org","@graph":[{"@type":"Article","@id":"https:\/\/www.wallix.com\/de\/pressemitteilungen\/cyberschutz-fuer-europas-kliniken-wallix-uebernimmt-verantwortung\/#article","isPartOf":{"@id":"https:\/\/www.wallix.com\/de\/pressemitteilungen\/cyberschutz-fuer-europas-kliniken-wallix-uebernimmt-verantwortung\/"},"author":{"name":"WALLIX","@id":"https:\/\/www.wallix.com\/de\/#\/schema\/person\/8b1daa830716a62cdf5631aa0e211abd"},"headline":"Cyberschutz f\u00fcr Europas Kliniken: WALLIX \u00fcbernimmt Verantwortung","datePublished":"2025-06-30T10:30:14+00:00","dateModified":"2025-06-30T10:57:44+00:00","mainEntityOfPage":{"@id":"https:\/\/www.wallix.com\/de\/pressemitteilungen\/cyberschutz-fuer-europas-kliniken-wallix-uebernimmt-verantwortung\/"},"wordCount":2913,"publisher":{"@id":"https:\/\/www.wallix.com\/de\/#organization"},"image":{"@id":"https:\/\/www.wallix.com\/de\/pressemitteilungen\/cyberschutz-fuer-europas-kliniken-wallix-uebernimmt-verantwortung\/#primaryimage"},"thumbnailUrl":"https:\/\/www.wallix.com\/wp-content\/uploads\/2022\/12\/AdobeStock_429258682-copie-scaled.jpg","articleSection":["2025","PRESSEMITTEILUNGEN"],"inLanguage":"de"},{"@type":"WebPage","@id":"https:\/\/www.wallix.com\/de\/pressemitteilungen\/cyberschutz-fuer-europas-kliniken-wallix-uebernimmt-verantwortung\/","url":"https:\/\/www.wallix.com\/de\/pressemitteilungen\/cyberschutz-fuer-europas-kliniken-wallix-uebernimmt-verantwortung\/","name":"Cyberschutz f\u00fcr Europas Kliniken: WALLIX \u00fcbernimmt Verantwortung - WALLIX","isPartOf":{"@id":"https:\/\/www.wallix.com\/de\/#website"},"primaryImageOfPage":{"@id":"https:\/\/www.wallix.com\/de\/pressemitteilungen\/cyberschutz-fuer-europas-kliniken-wallix-uebernimmt-verantwortung\/#primaryimage"},"image":{"@id":"https:\/\/www.wallix.com\/de\/pressemitteilungen\/cyberschutz-fuer-europas-kliniken-wallix-uebernimmt-verantwortung\/#primaryimage"},"thumbnailUrl":"https:\/\/www.wallix.com\/wp-content\/uploads\/2022\/12\/AdobeStock_429258682-copie-scaled.jpg","datePublished":"2025-06-30T10:30:14+00:00","dateModified":"2025-06-30T10:57:44+00:00","inLanguage":"de","potentialAction":[{"@type":"ReadAction","target":["https:\/\/www.wallix.com\/de\/pressemitteilungen\/cyberschutz-fuer-europas-kliniken-wallix-uebernimmt-verantwortung\/"]}]},{"@type":"ImageObject","inLanguage":"de","@id":"https:\/\/www.wallix.com\/de\/pressemitteilungen\/cyberschutz-fuer-europas-kliniken-wallix-uebernimmt-verantwortung\/#primaryimage","url":"https:\/\/www.wallix.com\/wp-content\/uploads\/2022\/12\/AdobeStock_429258682-copie-scaled.jpg","contentUrl":"https:\/\/www.wallix.com\/wp-content\/uploads\/2022\/12\/AdobeStock_429258682-copie-scaled.jpg","width":2560,"height":1097,"caption":"Illustration of digital security, emphasizing the importance of safeguarding sensitive data in a connected world."},{"@type":"WebSite","@id":"https:\/\/www.wallix.com\/de\/#website","url":"https:\/\/www.wallix.com\/de\/","name":"WALLIX","description":"CYBERSECURITY SIMPLIFIED","publisher":{"@id":"https:\/\/www.wallix.com\/de\/#organization"},"potentialAction":[{"@type":"SearchAction","target":{"@type":"EntryPoint","urlTemplate":"https:\/\/www.wallix.com\/de\/?s={search_term_string}"},"query-input":{"@type":"PropertyValueSpecification","valueRequired":true,"valueName":"search_term_string"}}],"inLanguage":"de"},{"@type":"Organization","@id":"https:\/\/www.wallix.com\/de\/#organization","name":"WALLIX","url":"https:\/\/www.wallix.com\/de\/","logo":{"@type":"ImageObject","inLanguage":"de","@id":"https:\/\/www.wallix.com\/de\/#\/schema\/logo\/image\/","url":"https:\/\/www.wallix.com\/wp-content\/uploads\/2024\/03\/LOGO_WALLIX_2024_blackorange.png","contentUrl":"https:\/\/www.wallix.com\/wp-content\/uploads\/2024\/03\/LOGO_WALLIX_2024_blackorange.png","width":3108,"height":827,"caption":"WALLIX"},"image":{"@id":"https:\/\/www.wallix.com\/de\/#\/schema\/logo\/image\/"},"sameAs":["https:\/\/x.com\/wallixcom","https:\/\/www.linkedin.com\/company\/wallix\/","https:\/\/www.youtube.com\/wallix"]},{"@type":"Person","@id":"https:\/\/www.wallix.com\/de\/#\/schema\/person\/8b1daa830716a62cdf5631aa0e211abd","name":"WALLIX","image":{"@type":"ImageObject","inLanguage":"de","@id":"https:\/\/secure.gravatar.com\/avatar\/8bf1123a19c4364709de2f7c8c881ed5f2bb750cac73f782f39aea052e526546?s=96&d=mm&r=g","url":"https:\/\/secure.gravatar.com\/avatar\/8bf1123a19c4364709de2f7c8c881ed5f2bb750cac73f782f39aea052e526546?s=96&d=mm&r=g","contentUrl":"https:\/\/secure.gravatar.com\/avatar\/8bf1123a19c4364709de2f7c8c881ed5f2bb750cac73f782f39aea052e526546?s=96&d=mm&r=g","caption":"WALLIX"},"url":"https:\/\/www.wallix.com\/de\/author\/alex\/"}]}},"_links":{"self":[{"href":"https:\/\/www.wallix.com\/de\/wp-json\/wp\/v2\/posts\/74097","targetHints":{"allow":["GET"]}}],"collection":[{"href":"https:\/\/www.wallix.com\/de\/wp-json\/wp\/v2\/posts"}],"about":[{"href":"https:\/\/www.wallix.com\/de\/wp-json\/wp\/v2\/types\/post"}],"author":[{"embeddable":true,"href":"https:\/\/www.wallix.com\/de\/wp-json\/wp\/v2\/users\/3"}],"replies":[{"embeddable":true,"href":"https:\/\/www.wallix.com\/de\/wp-json\/wp\/v2\/comments?post=74097"}],"version-history":[{"count":5,"href":"https:\/\/www.wallix.com\/de\/wp-json\/wp\/v2\/posts\/74097\/revisions"}],"predecessor-version":[{"id":74114,"href":"https:\/\/www.wallix.com\/de\/wp-json\/wp\/v2\/posts\/74097\/revisions\/74114"}],"wp:featuredmedia":[{"embeddable":true,"href":"https:\/\/www.wallix.com\/de\/wp-json\/wp\/v2\/media\/29336"}],"wp:attachment":[{"href":"https:\/\/www.wallix.com\/de\/wp-json\/wp\/v2\/media?parent=74097"}],"wp:term":[{"taxonomy":"category","embeddable":true,"href":"https:\/\/www.wallix.com\/de\/wp-json\/wp\/v2\/categories?post=74097"},{"taxonomy":"post_tag","embeddable":true,"href":"https:\/\/www.wallix.com\/de\/wp-json\/wp\/v2\/tags?post=74097"}],"curies":[{"name":"wp","href":"https:\/\/api.w.org\/{rel}","templated":true}]}}